{"id":989,"date":"2024-05-22T12:34:32","date_gmt":"2024-05-22T12:34:32","guid":{"rendered":"https:\/\/www.predsjednikfbih.gov.ba\/?p=989"},"modified":"2024-05-22T12:34:32","modified_gmt":"2024-05-22T12:34:32","slug":"bradara-i-durakovic-u-posjeti-kiseljaku","status":"publish","type":"post","link":"https:\/\/www.predsjednikfbih.gov.ba\/index.php\/2024\/05\/22\/bradara-i-durakovic-u-posjeti-kiseljaku\/","title":{"rendered":"Bradara i Durakovi\u0107 u posjeti Kiseljaku"},"content":{"rendered":"<h4>Federalna ministrica obrazovanja i znanosti Jasna Durakovi\u0107, na poziv predsjednice Federacije BiH Lidije Bradara, posjetila je danas op\u0107inu Kiseljak. U pratnji op\u0107inskog na\u010delnika Mladena Mi\u0161uri\u0107a Ramljaka, posjeta je zapo\u010dela u Osnovnoj \u0161koli \"Zabr\u0111e\", nakon \u010dega su obi\u0161li Srednju \u0161kolu \"Ivan Goran Kova\u010di\u0107\", Srednju strukovnu \u0161kolu \"Fojnica\" te Srednju mje\u0161ovitu \u0161kolu \"Zijah Dizdarevi\u0107\" iz Fojnice.<\/h4>\n<p>Tijekom razgovora s upravom \u0161kola, Bradara i Durakovi\u0107 informirale su se o trenutnom stanju u \u0161kolama i planovima za budu\u0107nost, nagla\u0161avaju\u0107i va\u017enost zajedni\u010dkih napora u pobolj\u0161anju uvjeta za obrazovanje. Na sastanku s na\u010delnikom op\u0107ine, Mladenom Mi\u0161uri\u0107em-Ramljakom, razgovaralo se o izazovima i problemima s kojima se suo\u010davaju lokalne obrazovne institucije, kao i o potencijalnim rje\u0161enjima i koracima za unapre\u0111enje.<\/p>\n<p>Predsjednica Bradara istaknula je kako je drago \u0161to du\u017enosnici posje\u0107uju i manje op\u0107ine i gradove, jer se upravo u manjim sredinama najbolje vide u\u010dinci rada. <em>\"Ono \u0161to se promijenilo, a ljudi \u010desto ne vide tu razliku, jest pristupa\u010dnost na\u0161eg saziva Vlade FBiH. Ula\u017eemo napore da budemo bliski na\u0161im gra\u0111anima i rje\u0161avamo njihove probleme,\"<\/em> rekla je Bradara.<\/p>\n<p>Ru\u010dak, prire\u0111en u ugostiteljskoj u\u010dionici Srednje strukovne \u0161kole \"Fojnica\" u Kiseljaku, bio je prilika za neformalni razgovor o daljnjoj suradnji i razvoju obrazovnog sustava. Ministrica Durakovi\u0107 naglasila je da je klju\u010d uspjeha u dobroj koordinaciji i komunikaciji sa svim sudionicima. <em>\"Na\u0161 zajedni\u010dki cilj je da na\u0161oj djeci bude bolje. Zajedni\u010dkim naporima mo\u017eemo posti\u0107i mnogo toga, ne samo u ovoj \u0161koli, nego u cijeloj Federaciji BiH,\"<\/em> izjavila je Durakovi\u0107.<\/p>\n<p>Posjeta je zavr\u0161ena obilaskom produ\u017eenog boravka \"\u010carobni svijet\", gdje su se Bradara i Durakovi\u0107 susrele s direktoricom Kristinom Josipovi\u0107. Josipovi\u0107 je predstavila rad i aktivnosti boravka, isti\u010du\u0107i va\u017enost ovakvih programa za djecu i zajednicu.<\/p>\n<p>Ova posjeta pru\u017eila je priliku za izravnu komunikaciju i ja\u010danje suradnje izme\u0111u predstavnika vlasti i obrazovnih institucija. Bradara i Durakovi\u0107 izrazile su zadovoljstvo vi\u0111enim te najavile daljnju podr\u0161ku obrazovnim inicijativama u op\u0107ini Kiseljak i cijeloj FBiH, s ciljem pobolj\u0161anja kvalitete obrazovanja i \u017eivota lokalne zajednice.<\/p>\n<p><img decoding=\"async\" class=\"alignnone size-large wp-image-1000\" src=\"https:\/\/www.predsjednikfbih.gov.ba\/wp-content\/uploads\/2024\/05\/Bradara-i-Durakovic-posjetile-Kiseljak02616-1024x683.jpg\" alt=\"\" width=\"1024\" height=\"683\" srcset=\"https:\/\/www.predsjednikfbih.gov.ba\/wp-content\/uploads\/2024\/05\/Bradara-i-Durakovic-posjetile-Kiseljak02616-1024x683.jpg 1024w, https:\/\/www.predsjednikfbih.gov.ba\/wp-content\/uploads\/2024\/05\/Bradara-i-Durakovic-posjetile-Kiseljak02616-300x200.jpg 300w, https:\/\/www.predsjednikfbih.gov.ba\/wp-content\/uploads\/2024\/05\/Bradara-i-Durakovic-posjetile-Kiseljak02616-768x512.jpg 768w, https:\/\/www.predsjednikfbih.gov.ba\/wp-content\/uploads\/2024\/05\/Bradara-i-Durakovic-posjetile-Kiseljak02616-1536x1024.jpg 1536w, https:\/\/www.predsjednikfbih.gov.ba\/wp-content\/uploads\/2024\/05\/Bradara-i-Durakovic-posjetile-Kiseljak02616.jpg 1920w\" sizes=\"(max-width: 1024px) 100vw, 1024px\" \/> <img decoding=\"async\" class=\"alignnone size-large wp-image-1002\" src=\"https:\/\/www.predsjednikfbih.gov.ba\/wp-content\/uploads\/2024\/05\/Bradara-i-Durakovic-posjetile-Kiseljak02613-1024x683.jpg\" alt=\"\" width=\"1024\" height=\"683\" srcset=\"https:\/\/www.predsjednikfbih.gov.ba\/wp-content\/uploads\/2024\/05\/Bradara-i-Durakovic-posjetile-Kiseljak02613-1024x683.jpg 1024w, https:\/\/www.predsjednikfbih.gov.ba\/wp-content\/uploads\/2024\/05\/Bradara-i-Durakovic-posjetile-Kiseljak02613-300x200.jpg 300w, https:\/\/www.predsjednikfbih.gov.ba\/wp-content\/uploads\/2024\/05\/Bradara-i-Durakovic-posjetile-Kiseljak02613-768x512.jpg 768w, https:\/\/www.predsjednikfbih.gov.ba\/wp-content\/uploads\/2024\/05\/Bradara-i-Durakovic-posjetile-Kiseljak02613-1536x1024.jpg 1536w, https:\/\/www.predsjednikfbih.gov.ba\/wp-content\/uploads\/2024\/05\/Bradara-i-Durakovic-posjetile-Kiseljak02613.jpg 1920w\" sizes=\"(max-width: 1024px) 100vw, 1024px\" \/> <img decoding=\"async\" class=\"alignnone size-large wp-image-997\" src=\"https:\/\/www.predsjednikfbih.gov.ba\/wp-content\/uploads\/2024\/05\/Bradara-i-Durakovic-posjetile-Kiseljak02687-1-1024x683.jpg\" alt=\"\" width=\"1024\" height=\"683\" srcset=\"https:\/\/www.predsjednikfbih.gov.ba\/wp-content\/uploads\/2024\/05\/Bradara-i-Durakovic-posjetile-Kiseljak02687-1-1024x683.jpg 1024w, https:\/\/www.predsjednikfbih.gov.ba\/wp-content\/uploads\/2024\/05\/Bradara-i-Durakovic-posjetile-Kiseljak02687-1-300x200.jpg 300w, https:\/\/www.predsjednikfbih.gov.ba\/wp-content\/uploads\/2024\/05\/Bradara-i-Durakovic-posjetile-Kiseljak02687-1-768x512.jpg 768w, https:\/\/www.predsjednikfbih.gov.ba\/wp-content\/uploads\/2024\/05\/Bradara-i-Durakovic-posjetile-Kiseljak02687-1-1536x1024.jpg 1536w, https:\/\/www.predsjednikfbih.gov.ba\/wp-content\/uploads\/2024\/05\/Bradara-i-Durakovic-posjetile-Kiseljak02687-1.jpg 1920w\" sizes=\"(max-width: 1024px) 100vw, 1024px\" \/> <img decoding=\"async\" class=\"alignnone size-large wp-image-996\" src=\"https:\/\/www.predsjednikfbih.gov.ba\/wp-content\/uploads\/2024\/05\/Bradara-i-Durakovic-posjetile-Kiseljak02702-1-1024x683.jpg\" alt=\"\" width=\"1024\" height=\"683\" srcset=\"https:\/\/www.predsjednikfbih.gov.ba\/wp-content\/uploads\/2024\/05\/Bradara-i-Durakovic-posjetile-Kiseljak02702-1-1024x683.jpg 1024w, https:\/\/www.predsjednikfbih.gov.ba\/wp-content\/uploads\/2024\/05\/Bradara-i-Durakovic-posjetile-Kiseljak02702-1-300x200.jpg 300w, https:\/\/www.predsjednikfbih.gov.ba\/wp-content\/uploads\/2024\/05\/Bradara-i-Durakovic-posjetile-Kiseljak02702-1-768x512.jpg 768w, https:\/\/www.predsjednikfbih.gov.ba\/wp-content\/uploads\/2024\/05\/Bradara-i-Durakovic-posjetile-Kiseljak02702-1-1536x1024.jpg 1536w, https:\/\/www.predsjednikfbih.gov.ba\/wp-content\/uploads\/2024\/05\/Bradara-i-Durakovic-posjetile-Kiseljak02702-1.jpg 1920w\" sizes=\"(max-width: 1024px) 100vw, 1024px\" \/> <img decoding=\"async\" class=\"alignnone size-large wp-image-1001\" src=\"https:\/\/www.predsjednikfbih.gov.ba\/wp-content\/uploads\/2024\/05\/Bradara-i-Durakovic-posjetile-Kiseljak02607-576x1024.jpg\" alt=\"\" width=\"576\" height=\"1024\" srcset=\"https:\/\/www.predsjednikfbih.gov.ba\/wp-content\/uploads\/2024\/05\/Bradara-i-Durakovic-posjetile-Kiseljak02607-576x1024.jpg 576w, https:\/\/www.predsjednikfbih.gov.ba\/wp-content\/uploads\/2024\/05\/Bradara-i-Durakovic-posjetile-Kiseljak02607-169x300.jpg 169w, https:\/\/www.predsjednikfbih.gov.ba\/wp-content\/uploads\/2024\/05\/Bradara-i-Durakovic-posjetile-Kiseljak02607-768x1365.jpg 768w, https:\/\/www.predsjednikfbih.gov.ba\/wp-content\/uploads\/2024\/05\/Bradara-i-Durakovic-posjetile-Kiseljak02607-864x1536.jpg 864w, https:\/\/www.predsjednikfbih.gov.ba\/wp-content\/uploads\/2024\/05\/Bradara-i-Durakovic-posjetile-Kiseljak02607.jpg 1080w\" sizes=\"(max-width: 576px) 100vw, 576px\" \/> <img decoding=\"async\" class=\"alignnone size-large wp-image-999\" src=\"https:\/\/www.predsjednikfbih.gov.ba\/wp-content\/uploads\/2024\/05\/Bradara-i-Durakovic-posjetile-Kiseljak02640-1024x683.jpg\" alt=\"\" width=\"1024\" height=\"683\" srcset=\"https:\/\/www.predsjednikfbih.gov.ba\/wp-content\/uploads\/2024\/05\/Bradara-i-Durakovic-posjetile-Kiseljak02640-1024x683.jpg 1024w, https:\/\/www.predsjednikfbih.gov.ba\/wp-content\/uploads\/2024\/05\/Bradara-i-Durakovic-posjetile-Kiseljak02640-300x200.jpg 300w, https:\/\/www.predsjednikfbih.gov.ba\/wp-content\/uploads\/2024\/05\/Bradara-i-Durakovic-posjetile-Kiseljak02640-768x512.jpg 768w, https:\/\/www.predsjednikfbih.gov.ba\/wp-content\/uploads\/2024\/05\/Bradara-i-Durakovic-posjetile-Kiseljak02640-1536x1024.jpg 1536w, https:\/\/www.predsjednikfbih.gov.ba\/wp-content\/uploads\/2024\/05\/Bradara-i-Durakovic-posjetile-Kiseljak02640.jpg 1920w\" sizes=\"(max-width: 1024px) 100vw, 1024px\" \/> <img decoding=\"async\" class=\"alignnone size-large wp-image-995\" src=\"https:\/\/www.predsjednikfbih.gov.ba\/wp-content\/uploads\/2024\/05\/Bradara-i-Durakovic-posjetile-Kiseljak02730-1-1024x683.jpg\" alt=\"\" width=\"1024\" height=\"683\" srcset=\"https:\/\/www.predsjednikfbih.gov.ba\/wp-content\/uploads\/2024\/05\/Bradara-i-Durakovic-posjetile-Kiseljak02730-1-1024x683.jpg 1024w, https:\/\/www.predsjednikfbih.gov.ba\/wp-content\/uploads\/2024\/05\/Bradara-i-Durakovic-posjetile-Kiseljak02730-1-300x200.jpg 300w, https:\/\/www.predsjednikfbih.gov.ba\/wp-content\/uploads\/2024\/05\/Bradara-i-Durakovic-posjetile-Kiseljak02730-1-768x512.jpg 768w, https:\/\/www.predsjednikfbih.gov.ba\/wp-content\/uploads\/2024\/05\/Bradara-i-Durakovic-posjetile-Kiseljak02730-1-1536x1024.jpg 1536w, https:\/\/www.predsjednikfbih.gov.ba\/wp-content\/uploads\/2024\/05\/Bradara-i-Durakovic-posjetile-Kiseljak02730-1.jpg 1920w\" sizes=\"(max-width: 1024px) 100vw, 1024px\" \/> <img decoding=\"async\" class=\"alignnone size-large wp-image-994\" src=\"https:\/\/www.predsjednikfbih.gov.ba\/wp-content\/uploads\/2024\/05\/Bradara-i-Durakovic-posjetile-Kiseljak_9765-768x1024.jpg\" alt=\"\" width=\"768\" height=\"1024\" srcset=\"https:\/\/www.predsjednikfbih.gov.ba\/wp-content\/uploads\/2024\/05\/Bradara-i-Durakovic-posjetile-Kiseljak_9765-768x1024.jpg 768w, https:\/\/www.predsjednikfbih.gov.ba\/wp-content\/uploads\/2024\/05\/Bradara-i-Durakovic-posjetile-Kiseljak_9765-225x300.jpg 225w, https:\/\/www.predsjednikfbih.gov.ba\/wp-content\/uploads\/2024\/05\/Bradara-i-Durakovic-posjetile-Kiseljak_9765-1152x1536.jpg 1152w, https:\/\/www.predsjednikfbih.gov.ba\/wp-content\/uploads\/2024\/05\/Bradara-i-Durakovic-posjetile-Kiseljak_9765.jpg 1440w\" sizes=\"(max-width: 768px) 100vw, 768px\" \/> <img decoding=\"async\" class=\"alignnone size-large wp-image-1003\" src=\"https:\/\/www.predsjednikfbih.gov.ba\/wp-content\/uploads\/2024\/05\/Bradara-i-Durakovic-posjetile-Kiseljak02570-1-1024x683.jpg\" alt=\"\" width=\"1024\" height=\"683\" srcset=\"https:\/\/www.predsjednikfbih.gov.ba\/wp-content\/uploads\/2024\/05\/Bradara-i-Durakovic-posjetile-Kiseljak02570-1-1024x683.jpg 1024w, https:\/\/www.predsjednikfbih.gov.ba\/wp-content\/uploads\/2024\/05\/Bradara-i-Durakovic-posjetile-Kiseljak02570-1-300x200.jpg 300w, https:\/\/www.predsjednikfbih.gov.ba\/wp-content\/uploads\/2024\/05\/Bradara-i-Durakovic-posjetile-Kiseljak02570-1-768x512.jpg 768w, https:\/\/www.predsjednikfbih.gov.ba\/wp-content\/uploads\/2024\/05\/Bradara-i-Durakovic-posjetile-Kiseljak02570-1-1536x1024.jpg 1536w, https:\/\/www.predsjednikfbih.gov.ba\/wp-content\/uploads\/2024\/05\/Bradara-i-Durakovic-posjetile-Kiseljak02570-1.jpg 1920w\" sizes=\"(max-width: 1024px) 100vw, 1024px\" \/><\/p>\n","protected":false},"excerpt":{"rendered":"<p>Federalna ministrica obrazovanja i znanosti Jasna Durakovi\u0107, na poziv predsjednice Federacije BiH Lidije Bradara, posjetila [&hellip;]<\/p>\n","protected":false},"author":1,"featured_media":999,"comment_status":"open","ping_status":"open","sticky":false,"template":"","format":"standard","meta":{"inline_featured_image":false,"footnotes":""},"categories":[3,4,7],"tags":[],"class_list":["post-989","post","type-post","status-publish","format-standard","has-post-thumbnail","hentry","category-novosti","category-objave","category-priopcenja"],"acf":[],"_links":{"self":[{"href":"https:\/\/www.predsjednikfbih.gov.ba\/index.php\/wp-json\/wp\/v2\/posts\/989","targetHints":{"allow":["GET"]}}],"collection":[{"href":"https:\/\/www.predsjednikfbih.gov.ba\/index.php\/wp-json\/wp\/v2\/posts"}],"about":[{"href":"https:\/\/www.predsjednikfbih.gov.ba\/index.php\/wp-json\/wp\/v2\/types\/post"}],"author":[{"embeddable":true,"href":"https:\/\/www.predsjednikfbih.gov.ba\/index.php\/wp-json\/wp\/v2\/users\/1"}],"replies":[{"embeddable":true,"href":"https:\/\/www.predsjednikfbih.gov.ba\/index.php\/wp-json\/wp\/v2\/comments?post=989"}],"version-history":[{"count":1,"href":"https:\/\/www.predsjednikfbih.gov.ba\/index.php\/wp-json\/wp\/v2\/posts\/989\/revisions"}],"predecessor-version":[{"id":1004,"href":"https:\/\/www.predsjednikfbih.gov.ba\/index.php\/wp-json\/wp\/v2\/posts\/989\/revisions\/1004"}],"wp:featuredmedia":[{"embeddable":true,"href":"https:\/\/www.predsjednikfbih.gov.ba\/index.php\/wp-json\/wp\/v2\/media\/999"}],"wp:attachment":[{"href":"https:\/\/www.predsjednikfbih.gov.ba\/index.php\/wp-json\/wp\/v2\/media?parent=989"}],"wp:term":[{"taxonomy":"category","embeddable":true,"href":"https:\/\/www.predsjednikfbih.gov.ba\/index.php\/wp-json\/wp\/v2\/categories?post=989"},{"taxonomy":"post_tag","embeddable":true,"href":"https:\/\/www.predsjednikfbih.gov.ba\/index.php\/wp-json\/wp\/v2\/tags?post=989"}],"curies":[{"name":"wp","href":"https:\/\/api.w.org\/{rel}","templated":true}]}}