{"id":977,"date":"2024-05-20T12:32:12","date_gmt":"2024-05-20T12:32:12","guid":{"rendered":"https:\/\/www.predsjednikfbih.gov.ba\/?p=977"},"modified":"2024-05-20T12:37:30","modified_gmt":"2024-05-20T12:37:30","slug":"dan-skole-katolickog-skolskog-centra-petar-barbaric-travnik","status":"publish","type":"post","link":"https:\/\/www.predsjednikfbih.gov.ba\/index.php\/2024\/05\/20\/dan-skole-katolickog-skolskog-centra-petar-barbaric-travnik\/","title":{"rendered":"Dan \u0161kole Katoli\u010dkog \u0161kolskog centra \"Petar Barbari\u0107 \"Travnik"},"content":{"rendered":"<h4>Povodom ro\u0111enja sluge Bo\u017ejeg Petra Barbari\u0107a, danas, 20. svibnja 2024. godine, obilje\u017een je Dan \u0161kole Katoli\u010dkog \u0161kolskog centra \"Petar Barbari\u0107\" Travnik.<\/h4>\n<p>Slavlje je zapo\u010delo svetom misom u sjemeni\u0161noj crkvi Sv. Alojzija Gonzage. Poslije euharistijskog slavlja, kojeg je predvodio vl\u010d. Marko Zubak, uslijedila je akademija u auli Centra.<\/p>\n<p>Me\u0111u brojnim gostima na proslavi Dana \u0161kole K\u0160C-a Travnik, nazo\u010dila je i predsjednica Federacije BiH, Lidija Bradara. U svom govoru, predsjednica Bradara \u010destitala je Mariji Lujanovi\u0107 na nagradi za najbolju u\u010denicu Federacije BiH za \u0161kolsku 2022.\/2023. godinu te na tituli u\u010denice generacije za \u0161kolsku 2023.\/2024. godinu. Tako\u0111er je \u010destitala ostalim u\u010denicima, biv\u0161im i sada\u0161njim, profesorima, nastavnicima, ostalom osoblju, ali i upravi na \u010delu s don \u017deljkom Mari\u0107em, na doprinosu radu ovog Centra.<\/p>\n<p><em>\"Katoli\u010dki \u0161kolski centar 'Petar Barbari\u0107' Travnik je cijenjena i prepoznata ustanova diljem BiH. Ovaj Centar je mnogo vi\u0161e od ustanove. Neka tako i ostane,\"<\/em> naglasila je predsjednica Bradara.<\/p>\n<p>Sudionici priredbe, u\u010denici Osnovne \u0161kole i Gimnazije, zajedno s djecom iz Vrti\u0107a i produ\u017eenog boravka, svojim recitalima, igrokazima, performansima te skladbom na klaviru, poslali su poruku kako su djeca budu\u0107nost i najve\u0107a vrijednost u koju treba ulagati. Naglasili su da odrasli trebaju stvarati ljep\u0161i svijet i mirno okru\u017eenje u kojem \u0107e djeca odrastati uz po\u0161tivanje razli\u010ditosti i me\u0111usobno uva\u017eavanje.<\/p>\n<p><img decoding=\"async\" class=\"alignnone size-large wp-image-983\" src=\"https:\/\/www.predsjednikfbih.gov.ba\/wp-content\/uploads\/2024\/05\/Dan-skole-Katolickog-skolskog-centra-22Petar-Barbaric-22Travnik02426-1024x683.jpg\" alt=\"\" width=\"1024\" height=\"683\" srcset=\"https:\/\/www.predsjednikfbih.gov.ba\/wp-content\/uploads\/2024\/05\/Dan-skole-Katolickog-skolskog-centra-22Petar-Barbaric-22Travnik02426-1024x683.jpg 1024w, https:\/\/www.predsjednikfbih.gov.ba\/wp-content\/uploads\/2024\/05\/Dan-skole-Katolickog-skolskog-centra-22Petar-Barbaric-22Travnik02426-300x200.jpg 300w, https:\/\/www.predsjednikfbih.gov.ba\/wp-content\/uploads\/2024\/05\/Dan-skole-Katolickog-skolskog-centra-22Petar-Barbaric-22Travnik02426-768x512.jpg 768w, https:\/\/www.predsjednikfbih.gov.ba\/wp-content\/uploads\/2024\/05\/Dan-skole-Katolickog-skolskog-centra-22Petar-Barbaric-22Travnik02426-1536x1024.jpg 1536w, https:\/\/www.predsjednikfbih.gov.ba\/wp-content\/uploads\/2024\/05\/Dan-skole-Katolickog-skolskog-centra-22Petar-Barbaric-22Travnik02426.jpg 1920w\" sizes=\"(max-width: 1024px) 100vw, 1024px\" \/> <img decoding=\"async\" class=\"alignnone size-large wp-image-984\" src=\"https:\/\/www.predsjednikfbih.gov.ba\/wp-content\/uploads\/2024\/05\/Dan-skole-Katolickog-skolskog-centra-22Petar-Barbaric-22Travnik02401-1024x683.jpg\" alt=\"\" width=\"1024\" height=\"683\" srcset=\"https:\/\/www.predsjednikfbih.gov.ba\/wp-content\/uploads\/2024\/05\/Dan-skole-Katolickog-skolskog-centra-22Petar-Barbaric-22Travnik02401-1024x683.jpg 1024w, https:\/\/www.predsjednikfbih.gov.ba\/wp-content\/uploads\/2024\/05\/Dan-skole-Katolickog-skolskog-centra-22Petar-Barbaric-22Travnik02401-300x200.jpg 300w, https:\/\/www.predsjednikfbih.gov.ba\/wp-content\/uploads\/2024\/05\/Dan-skole-Katolickog-skolskog-centra-22Petar-Barbaric-22Travnik02401-768x512.jpg 768w, https:\/\/www.predsjednikfbih.gov.ba\/wp-content\/uploads\/2024\/05\/Dan-skole-Katolickog-skolskog-centra-22Petar-Barbaric-22Travnik02401-1536x1024.jpg 1536w, https:\/\/www.predsjednikfbih.gov.ba\/wp-content\/uploads\/2024\/05\/Dan-skole-Katolickog-skolskog-centra-22Petar-Barbaric-22Travnik02401.jpg 1920w\" sizes=\"(max-width: 1024px) 100vw, 1024px\" \/> <img decoding=\"async\" class=\"alignnone size-large wp-image-978\" src=\"https:\/\/www.predsjednikfbih.gov.ba\/wp-content\/uploads\/2024\/05\/Dan-skole-Katolickog-skolskog-centra-22Petar-Barbaric-22Travnik02492-1024x646.jpg\" alt=\"\" width=\"1024\" height=\"646\" srcset=\"https:\/\/www.predsjednikfbih.gov.ba\/wp-content\/uploads\/2024\/05\/Dan-skole-Katolickog-skolskog-centra-22Petar-Barbaric-22Travnik02492-1024x646.jpg 1024w, https:\/\/www.predsjednikfbih.gov.ba\/wp-content\/uploads\/2024\/05\/Dan-skole-Katolickog-skolskog-centra-22Petar-Barbaric-22Travnik02492-300x189.jpg 300w, https:\/\/www.predsjednikfbih.gov.ba\/wp-content\/uploads\/2024\/05\/Dan-skole-Katolickog-skolskog-centra-22Petar-Barbaric-22Travnik02492-768x485.jpg 768w, https:\/\/www.predsjednikfbih.gov.ba\/wp-content\/uploads\/2024\/05\/Dan-skole-Katolickog-skolskog-centra-22Petar-Barbaric-22Travnik02492-1536x970.jpg 1536w, https:\/\/www.predsjednikfbih.gov.ba\/wp-content\/uploads\/2024\/05\/Dan-skole-Katolickog-skolskog-centra-22Petar-Barbaric-22Travnik02492.jpg 1920w\" sizes=\"(max-width: 1024px) 100vw, 1024px\" \/> <img decoding=\"async\" class=\"alignnone size-large wp-image-980\" src=\"https:\/\/www.predsjednikfbih.gov.ba\/wp-content\/uploads\/2024\/05\/Dan-skole-Katolickog-skolskog-centra-22Petar-Barbaric-22Travnik02554-1024x665.jpg\" alt=\"\" width=\"1024\" height=\"665\" srcset=\"https:\/\/www.predsjednikfbih.gov.ba\/wp-content\/uploads\/2024\/05\/Dan-skole-Katolickog-skolskog-centra-22Petar-Barbaric-22Travnik02554-1024x665.jpg 1024w, https:\/\/www.predsjednikfbih.gov.ba\/wp-content\/uploads\/2024\/05\/Dan-skole-Katolickog-skolskog-centra-22Petar-Barbaric-22Travnik02554-300x195.jpg 300w, https:\/\/www.predsjednikfbih.gov.ba\/wp-content\/uploads\/2024\/05\/Dan-skole-Katolickog-skolskog-centra-22Petar-Barbaric-22Travnik02554-768x499.jpg 768w, https:\/\/www.predsjednikfbih.gov.ba\/wp-content\/uploads\/2024\/05\/Dan-skole-Katolickog-skolskog-centra-22Petar-Barbaric-22Travnik02554-1536x998.jpg 1536w, https:\/\/www.predsjednikfbih.gov.ba\/wp-content\/uploads\/2024\/05\/Dan-skole-Katolickog-skolskog-centra-22Petar-Barbaric-22Travnik02554.jpg 1920w\" sizes=\"(max-width: 1024px) 100vw, 1024px\" \/> <img decoding=\"async\" class=\"alignnone size-large wp-image-982\" src=\"https:\/\/www.predsjednikfbih.gov.ba\/wp-content\/uploads\/2024\/05\/Dan-skole-Katolickog-skolskog-centra-22Petar-Barbaric-22Travnik02444-1024x695.jpg\" alt=\"\" width=\"1024\" height=\"695\" srcset=\"https:\/\/www.predsjednikfbih.gov.ba\/wp-content\/uploads\/2024\/05\/Dan-skole-Katolickog-skolskog-centra-22Petar-Barbaric-22Travnik02444-1024x695.jpg 1024w, https:\/\/www.predsjednikfbih.gov.ba\/wp-content\/uploads\/2024\/05\/Dan-skole-Katolickog-skolskog-centra-22Petar-Barbaric-22Travnik02444-300x204.jpg 300w, https:\/\/www.predsjednikfbih.gov.ba\/wp-content\/uploads\/2024\/05\/Dan-skole-Katolickog-skolskog-centra-22Petar-Barbaric-22Travnik02444-768x521.jpg 768w, https:\/\/www.predsjednikfbih.gov.ba\/wp-content\/uploads\/2024\/05\/Dan-skole-Katolickog-skolskog-centra-22Petar-Barbaric-22Travnik02444-1536x1042.jpg 1536w, https:\/\/www.predsjednikfbih.gov.ba\/wp-content\/uploads\/2024\/05\/Dan-skole-Katolickog-skolskog-centra-22Petar-Barbaric-22Travnik02444.jpg 1920w\" sizes=\"(max-width: 1024px) 100vw, 1024px\" \/> <img decoding=\"async\" class=\"alignnone size-large wp-image-979\" src=\"https:\/\/www.predsjednikfbih.gov.ba\/wp-content\/uploads\/2024\/05\/Dan-skole-Katolickog-skolskog-centra-22Petar-Barbaric-22Travnik02531-1024x683.jpg\" alt=\"\" width=\"1024\" height=\"683\" srcset=\"https:\/\/www.predsjednikfbih.gov.ba\/wp-content\/uploads\/2024\/05\/Dan-skole-Katolickog-skolskog-centra-22Petar-Barbaric-22Travnik02531-1024x683.jpg 1024w, https:\/\/www.predsjednikfbih.gov.ba\/wp-content\/uploads\/2024\/05\/Dan-skole-Katolickog-skolskog-centra-22Petar-Barbaric-22Travnik02531-300x200.jpg 300w, https:\/\/www.predsjednikfbih.gov.ba\/wp-content\/uploads\/2024\/05\/Dan-skole-Katolickog-skolskog-centra-22Petar-Barbaric-22Travnik02531-768x512.jpg 768w, https:\/\/www.predsjednikfbih.gov.ba\/wp-content\/uploads\/2024\/05\/Dan-skole-Katolickog-skolskog-centra-22Petar-Barbaric-22Travnik02531-1536x1024.jpg 1536w, https:\/\/www.predsjednikfbih.gov.ba\/wp-content\/uploads\/2024\/05\/Dan-skole-Katolickog-skolskog-centra-22Petar-Barbaric-22Travnik02531.jpg 1920w\" sizes=\"(max-width: 1024px) 100vw, 1024px\" \/> <img decoding=\"async\" class=\"alignnone size-large wp-image-981\" src=\"https:\/\/www.predsjednikfbih.gov.ba\/wp-content\/uploads\/2024\/05\/Dan-skole-Katolickog-skolskog-centra-22Petar-Barbaric-22Travnik02454-1024x587.jpg\" alt=\"\" width=\"1024\" height=\"587\" srcset=\"https:\/\/www.predsjednikfbih.gov.ba\/wp-content\/uploads\/2024\/05\/Dan-skole-Katolickog-skolskog-centra-22Petar-Barbaric-22Travnik02454-1024x587.jpg 1024w, https:\/\/www.predsjednikfbih.gov.ba\/wp-content\/uploads\/2024\/05\/Dan-skole-Katolickog-skolskog-centra-22Petar-Barbaric-22Travnik02454-300x172.jpg 300w, https:\/\/www.predsjednikfbih.gov.ba\/wp-content\/uploads\/2024\/05\/Dan-skole-Katolickog-skolskog-centra-22Petar-Barbaric-22Travnik02454-768x440.jpg 768w, https:\/\/www.predsjednikfbih.gov.ba\/wp-content\/uploads\/2024\/05\/Dan-skole-Katolickog-skolskog-centra-22Petar-Barbaric-22Travnik02454-1536x881.jpg 1536w, https:\/\/www.predsjednikfbih.gov.ba\/wp-content\/uploads\/2024\/05\/Dan-skole-Katolickog-skolskog-centra-22Petar-Barbaric-22Travnik02454.jpg 1920w\" sizes=\"(max-width: 1024px) 100vw, 1024px\" \/><\/p>\n","protected":false},"excerpt":{"rendered":"<p>Povodom ro\u0111enja sluge Bo\u017ejeg Petra Barbari\u0107a, danas, 20. svibnja 2024. godine, obilje\u017een je Dan \u0161kole [&hellip;]<\/p>\n","protected":false},"author":1,"featured_media":979,"comment_status":"open","ping_status":"open","sticky":false,"template":"","format":"standard","meta":{"inline_featured_image":false,"footnotes":""},"categories":[3,4,7],"tags":[],"class_list":["post-977","post","type-post","status-publish","format-standard","has-post-thumbnail","hentry","category-novosti","category-objave","category-priopcenja"],"acf":[],"_links":{"self":[{"href":"https:\/\/www.predsjednikfbih.gov.ba\/index.php\/wp-json\/wp\/v2\/posts\/977","targetHints":{"allow":["GET"]}}],"collection":[{"href":"https:\/\/www.predsjednikfbih.gov.ba\/index.php\/wp-json\/wp\/v2\/posts"}],"about":[{"href":"https:\/\/www.predsjednikfbih.gov.ba\/index.php\/wp-json\/wp\/v2\/types\/post"}],"author":[{"embeddable":true,"href":"https:\/\/www.predsjednikfbih.gov.ba\/index.php\/wp-json\/wp\/v2\/users\/1"}],"replies":[{"embeddable":true,"href":"https:\/\/www.predsjednikfbih.gov.ba\/index.php\/wp-json\/wp\/v2\/comments?post=977"}],"version-history":[{"count":2,"href":"https:\/\/www.predsjednikfbih.gov.ba\/index.php\/wp-json\/wp\/v2\/posts\/977\/revisions"}],"predecessor-version":[{"id":987,"href":"https:\/\/www.predsjednikfbih.gov.ba\/index.php\/wp-json\/wp\/v2\/posts\/977\/revisions\/987"}],"wp:featuredmedia":[{"embeddable":true,"href":"https:\/\/www.predsjednikfbih.gov.ba\/index.php\/wp-json\/wp\/v2\/media\/979"}],"wp:attachment":[{"href":"https:\/\/www.predsjednikfbih.gov.ba\/index.php\/wp-json\/wp\/v2\/media?parent=977"}],"wp:term":[{"taxonomy":"category","embeddable":true,"href":"https:\/\/www.predsjednikfbih.gov.ba\/index.php\/wp-json\/wp\/v2\/categories?post=977"},{"taxonomy":"post_tag","embeddable":true,"href":"https:\/\/www.predsjednikfbih.gov.ba\/index.php\/wp-json\/wp\/v2\/tags?post=977"}],"curies":[{"name":"wp","href":"https:\/\/api.w.org\/{rel}","templated":true}]}}