{"id":968,"date":"2024-05-18T09:57:24","date_gmt":"2024-05-18T09:57:24","guid":{"rendered":"https:\/\/www.predsjednikfbih.gov.ba\/?p=968"},"modified":"2024-05-18T09:57:24","modified_gmt":"2024-05-18T09:57:24","slug":"predsjednica-bradara-na-mamf-konferenciji-sretna-majka-znaci-funkcionalno-drustvo","status":"publish","type":"post","link":"https:\/\/www.predsjednikfbih.gov.ba\/index.php\/2024\/05\/18\/predsjednica-bradara-na-mamf-konferenciji-sretna-majka-znaci-funkcionalno-drustvo\/","title":{"rendered":"Predsjednica Bradara na MAMF konferenciji: Sretna majka zna\u010di funkcionalno dru\u0161tvo"},"content":{"rendered":"<h3><span style=\"-webkit-text-size-adjust: 100%;\">Predsjednica Federacije BiH, Lidija Bradara, podr\u017eala je sedmo izdanje Konferencije za mame - MAMF, odr\u017eano u Domu mladih centra Skenderija u Sarajevu.<\/span><\/h3>\n<p>MAMF okuplja prekrasne \u017eene koje \u017eele napraviti utjecaj, biti podr\u0161ka i kreirati bolje dru\u0161tvo. Kroz radionice, predavanja stru\u010dnjaka i interaktivne sesije, MAMF pru\u017ea informacije o odgoju, ljepoti i zdravlju, poslovnim prilikama te mentorstvo od strane uspje\u0161nih \u017eena koje dijele svoje iskustvo i pri\u010de.<\/p>\n<p>\u201c<em>Va\u0161a borba nije samo borba za majke, nego za opstanak i napredak cijelog dru\u0161tva. Sretna i zadovoljna \u017eena zna\u010di sretnu obitelj, a potom i funkcionalno dru\u0161tvo. Ponosna sam vidjeti me\u0111u vama uspje\u0161ne gospodarstvenice, poduzetnice, umjetnice, menad\u017eerice i hrabre mu\u0161karce koji itekako imaju \u0161to re\u0107i na temu odgoja,<\/em>\u201d rekla je Bradara, naglasiv\u0161i va\u017enost dru\u0161tvene podr\u0161ke za \u017eene te dodala:<\/p>\n<p>\"<em>Ove ste godine, koliko sam upratila, nadma\u0161ile same sebe programom i organizacijom i na tome vam iskreno \u010destitam. Jer, opet ka\u017eem, moj osobni cilj i nadanje je da ovaj doga\u0111aj iskoristite kako biste poslale poruke snage i ponosa, pomogle \u017eenama te otvoreno porazgovarale o problemima.\"<\/em><\/p>\n<p>Osniva\u010dica doga\u0111aja, Meliha Mulahalilovi\u0107 \u017di\u0161ko, istaknula je da je MAMF s godinama rastao i postao prepoznatljivo mjesto susreta i dobre energije.<\/p>\n<p><em> \u201cOrganiziramo MAMF jer \u017eelimo stvoriti mjesto gdje mame mogu dijeliti svoje pri\u010de i podr\u017eavati se. Kroz MAMF je pro\u0161lo mnogo \u017eena koje imaju zajedni\u010dku snagu da budu majke, supruge, doma\u0107ice i poslovne \u017eene,<\/em>\u201d naglasila je Mulahalilovi\u0107 \u017di\u0161ko.<\/p>\n<p>Konferencija je, osim radionica i panela, imala i sajamski dio, pru\u017eaju\u0107i sudionicama priliku za networking i razmjenu iskustava.<\/p>\n<p><img decoding=\"async\" class=\"alignnone size-large wp-image-969\" src=\"https:\/\/www.predsjednikfbih.gov.ba\/wp-content\/uploads\/2024\/05\/DSC02319-629x1024.jpeg\" alt=\"\" width=\"629\" height=\"1024\" srcset=\"https:\/\/www.predsjednikfbih.gov.ba\/wp-content\/uploads\/2024\/05\/DSC02319-629x1024.jpeg 629w, https:\/\/www.predsjednikfbih.gov.ba\/wp-content\/uploads\/2024\/05\/DSC02319-184x300.jpeg 184w, https:\/\/www.predsjednikfbih.gov.ba\/wp-content\/uploads\/2024\/05\/DSC02319-768x1250.jpeg 768w, https:\/\/www.predsjednikfbih.gov.ba\/wp-content\/uploads\/2024\/05\/DSC02319-944x1536.jpeg 944w, https:\/\/www.predsjednikfbih.gov.ba\/wp-content\/uploads\/2024\/05\/DSC02319.jpeg 1180w\" sizes=\"(max-width: 629px) 100vw, 629px\" \/> <img decoding=\"async\" class=\"alignnone size-large wp-image-972\" src=\"https:\/\/www.predsjednikfbih.gov.ba\/wp-content\/uploads\/2024\/05\/DSC02334-1024x659.jpeg\" alt=\"\" width=\"1024\" height=\"659\" srcset=\"https:\/\/www.predsjednikfbih.gov.ba\/wp-content\/uploads\/2024\/05\/DSC02334-1024x659.jpeg 1024w, https:\/\/www.predsjednikfbih.gov.ba\/wp-content\/uploads\/2024\/05\/DSC02334-300x193.jpeg 300w, https:\/\/www.predsjednikfbih.gov.ba\/wp-content\/uploads\/2024\/05\/DSC02334-768x494.jpeg 768w, https:\/\/www.predsjednikfbih.gov.ba\/wp-content\/uploads\/2024\/05\/DSC02334-1536x988.jpeg 1536w, https:\/\/www.predsjednikfbih.gov.ba\/wp-content\/uploads\/2024\/05\/DSC02334.jpeg 1920w\" sizes=\"(max-width: 1024px) 100vw, 1024px\" \/> <img decoding=\"async\" class=\"alignnone size-large wp-image-971\" src=\"https:\/\/www.predsjednikfbih.gov.ba\/wp-content\/uploads\/2024\/05\/DSC02322-1024x683.jpeg\" alt=\"\" width=\"1024\" height=\"683\" srcset=\"https:\/\/www.predsjednikfbih.gov.ba\/wp-content\/uploads\/2024\/05\/DSC02322-1024x683.jpeg 1024w, https:\/\/www.predsjednikfbih.gov.ba\/wp-content\/uploads\/2024\/05\/DSC02322-300x200.jpeg 300w, https:\/\/www.predsjednikfbih.gov.ba\/wp-content\/uploads\/2024\/05\/DSC02322-768x512.jpeg 768w, https:\/\/www.predsjednikfbih.gov.ba\/wp-content\/uploads\/2024\/05\/DSC02322-1536x1024.jpeg 1536w, https:\/\/www.predsjednikfbih.gov.ba\/wp-content\/uploads\/2024\/05\/DSC02322.jpeg 1920w\" sizes=\"(max-width: 1024px) 100vw, 1024px\" \/> <img decoding=\"async\" class=\"alignnone size-large wp-image-973\" src=\"https:\/\/www.predsjednikfbih.gov.ba\/wp-content\/uploads\/2024\/05\/DSC02218-683x1024.jpeg\" alt=\"\" width=\"683\" height=\"1024\" srcset=\"https:\/\/www.predsjednikfbih.gov.ba\/wp-content\/uploads\/2024\/05\/DSC02218-683x1024.jpeg 683w, https:\/\/www.predsjednikfbih.gov.ba\/wp-content\/uploads\/2024\/05\/DSC02218-200x300.jpeg 200w, https:\/\/www.predsjednikfbih.gov.ba\/wp-content\/uploads\/2024\/05\/DSC02218-768x1152.jpeg 768w, https:\/\/www.predsjednikfbih.gov.ba\/wp-content\/uploads\/2024\/05\/DSC02218-1024x1536.jpeg 1024w, https:\/\/www.predsjednikfbih.gov.ba\/wp-content\/uploads\/2024\/05\/DSC02218.jpeg 1280w\" sizes=\"(max-width: 683px) 100vw, 683px\" \/> <img decoding=\"async\" class=\"alignnone size-large wp-image-970\" src=\"https:\/\/www.predsjednikfbih.gov.ba\/wp-content\/uploads\/2024\/05\/DSC02271-1024x683.jpeg\" alt=\"\" width=\"1024\" height=\"683\" srcset=\"https:\/\/www.predsjednikfbih.gov.ba\/wp-content\/uploads\/2024\/05\/DSC02271-1024x683.jpeg 1024w, https:\/\/www.predsjednikfbih.gov.ba\/wp-content\/uploads\/2024\/05\/DSC02271-300x200.jpeg 300w, https:\/\/www.predsjednikfbih.gov.ba\/wp-content\/uploads\/2024\/05\/DSC02271-768x512.jpeg 768w, https:\/\/www.predsjednikfbih.gov.ba\/wp-content\/uploads\/2024\/05\/DSC02271-1536x1024.jpeg 1536w, https:\/\/www.predsjednikfbih.gov.ba\/wp-content\/uploads\/2024\/05\/DSC02271.jpeg 1920w\" sizes=\"(max-width: 1024px) 100vw, 1024px\" \/> <img decoding=\"async\" class=\"alignnone size-large wp-image-974\" src=\"https:\/\/www.predsjednikfbih.gov.ba\/wp-content\/uploads\/2024\/05\/DSC02166-1024x683.jpeg\" alt=\"\" width=\"1024\" height=\"683\" srcset=\"https:\/\/www.predsjednikfbih.gov.ba\/wp-content\/uploads\/2024\/05\/DSC02166-1024x683.jpeg 1024w, https:\/\/www.predsjednikfbih.gov.ba\/wp-content\/uploads\/2024\/05\/DSC02166-300x200.jpeg 300w, https:\/\/www.predsjednikfbih.gov.ba\/wp-content\/uploads\/2024\/05\/DSC02166-768x512.jpeg 768w, https:\/\/www.predsjednikfbih.gov.ba\/wp-content\/uploads\/2024\/05\/DSC02166-1536x1024.jpeg 1536w, https:\/\/www.predsjednikfbih.gov.ba\/wp-content\/uploads\/2024\/05\/DSC02166.jpeg 1920w\" sizes=\"(max-width: 1024px) 100vw, 1024px\" \/><\/p>\n","protected":false},"excerpt":{"rendered":"<p>Predsjednica Federacije BiH, Lidija Bradara, podr\u017eala je sedmo izdanje Konferencije za mame - MAMF, odr\u017eano [&hellip;]<\/p>\n","protected":false},"author":1,"featured_media":969,"comment_status":"open","ping_status":"open","sticky":false,"template":"","format":"standard","meta":{"inline_featured_image":false,"footnotes":""},"categories":[3,4,7],"tags":[],"class_list":["post-968","post","type-post","status-publish","format-standard","has-post-thumbnail","hentry","category-novosti","category-objave","category-priopcenja"],"acf":[],"_links":{"self":[{"href":"https:\/\/www.predsjednikfbih.gov.ba\/index.php\/wp-json\/wp\/v2\/posts\/968","targetHints":{"allow":["GET"]}}],"collection":[{"href":"https:\/\/www.predsjednikfbih.gov.ba\/index.php\/wp-json\/wp\/v2\/posts"}],"about":[{"href":"https:\/\/www.predsjednikfbih.gov.ba\/index.php\/wp-json\/wp\/v2\/types\/post"}],"author":[{"embeddable":true,"href":"https:\/\/www.predsjednikfbih.gov.ba\/index.php\/wp-json\/wp\/v2\/users\/1"}],"replies":[{"embeddable":true,"href":"https:\/\/www.predsjednikfbih.gov.ba\/index.php\/wp-json\/wp\/v2\/comments?post=968"}],"version-history":[{"count":1,"href":"https:\/\/www.predsjednikfbih.gov.ba\/index.php\/wp-json\/wp\/v2\/posts\/968\/revisions"}],"predecessor-version":[{"id":975,"href":"https:\/\/www.predsjednikfbih.gov.ba\/index.php\/wp-json\/wp\/v2\/posts\/968\/revisions\/975"}],"wp:featuredmedia":[{"embeddable":true,"href":"https:\/\/www.predsjednikfbih.gov.ba\/index.php\/wp-json\/wp\/v2\/media\/969"}],"wp:attachment":[{"href":"https:\/\/www.predsjednikfbih.gov.ba\/index.php\/wp-json\/wp\/v2\/media?parent=968"}],"wp:term":[{"taxonomy":"category","embeddable":true,"href":"https:\/\/www.predsjednikfbih.gov.ba\/index.php\/wp-json\/wp\/v2\/categories?post=968"},{"taxonomy":"post_tag","embeddable":true,"href":"https:\/\/www.predsjednikfbih.gov.ba\/index.php\/wp-json\/wp\/v2\/tags?post=968"}],"curies":[{"name":"wp","href":"https:\/\/api.w.org\/{rel}","templated":true}]}}