{"id":964,"date":"2024-05-17T07:44:03","date_gmt":"2024-05-17T07:44:03","guid":{"rendered":"https:\/\/www.predsjednikfbih.gov.ba\/?p=964"},"modified":"2024-05-17T07:44:03","modified_gmt":"2024-05-17T07:44:03","slug":"predsjednica-bradara-razgovarala-sa-zapovjednikom-eufor-a-u-bih-generalom-sticzom","status":"publish","type":"post","link":"https:\/\/www.predsjednikfbih.gov.ba\/index.php\/2024\/05\/17\/predsjednica-bradara-razgovarala-sa-zapovjednikom-eufor-a-u-bih-generalom-sticzom\/","title":{"rendered":"Predsjednica Bradara razgovarala sa zapovjednikom EUFOR-a u BiH, generalom Sticzom"},"content":{"rendered":"<h3>Zapovjednik EUFOR-a u BiH general Laszlo Sticz posjetio je ju\u010der predsjednicu Federacije BiH Lidiju Bradara u svojevrsnoj nastupnoj posjeti s obzirom kako je du\u017enost preuzeo po\u010detkom godine.<\/h3>\n<p>Na sastanku je razgovarano o sigurnosnoj situaciji u Bosni i Hercegovini kao i suradnji EUFOR-a s doma\u0107im agencijama iz oblasti sigurnosti te Oru\u017eanim snagama BiH.<\/p>\n<p>Sastanak je uprili\u010den u cilju upoznavanja odnosno razmjene informacije a kako je general Sticz kazao, sli\u010dni susreti mu poma\u017eu boljem sagledavanju i upoznavanju prilika u ovako kompleksnoj zemlji kakva je BiH odnosno \u0161to boljem obavljanju povremene mu du\u017enosti.<\/p>\n<p>Predsjednica Bradara i general Sticz su se slo\u017eili kako dogovor i razgovor nemaju alternativu te kako javnost u BiH ne treba nepotrebno uznemiravati prijetnjama rata i sukoba nego zajedni\u010dkim snagama raditi na osiguravanju mira, europskom putu zemlje te osiguravanju uvjeta \u017eivota koji \u0107e mlade zadr\u017eati u njihovoj zemlji.<\/p>\n<p>Tako\u0111er, slo\u017eili su se kako su brojni pozitivni primjeri du\u017enosnika s lokalne razine te da na koncu svi trebaju raditi svoj posao najbolje \u0161to mogu, sukladno nadle\u017enostima te da i oru\u017eane snage itekako mogu biti prijatelj zajednicama na \u010dijem podru\u010dju djeluju.<\/p>\n<p><img decoding=\"async\" class=\"alignnone size-large wp-image-966\" src=\"https:\/\/www.predsjednikfbih.gov.ba\/wp-content\/uploads\/2024\/05\/Predsjednica-Bradara-razgovarala-sa-zapovjednikom-EUFOR-a-u-BiH-generalom-Sticzom1-768x1024.jpeg\" alt=\"\" width=\"768\" height=\"1024\" srcset=\"https:\/\/www.predsjednikfbih.gov.ba\/wp-content\/uploads\/2024\/05\/Predsjednica-Bradara-razgovarala-sa-zapovjednikom-EUFOR-a-u-BiH-generalom-Sticzom1-768x1024.jpeg 768w, https:\/\/www.predsjednikfbih.gov.ba\/wp-content\/uploads\/2024\/05\/Predsjednica-Bradara-razgovarala-sa-zapovjednikom-EUFOR-a-u-BiH-generalom-Sticzom1-225x300.jpeg 225w, https:\/\/www.predsjednikfbih.gov.ba\/wp-content\/uploads\/2024\/05\/Predsjednica-Bradara-razgovarala-sa-zapovjednikom-EUFOR-a-u-BiH-generalom-Sticzom1-1152x1536.jpeg 1152w, https:\/\/www.predsjednikfbih.gov.ba\/wp-content\/uploads\/2024\/05\/Predsjednica-Bradara-razgovarala-sa-zapovjednikom-EUFOR-a-u-BiH-generalom-Sticzom1.jpeg 1200w\" sizes=\"(max-width: 768px) 100vw, 768px\" \/> <img decoding=\"async\" class=\"alignnone size-large wp-image-965\" src=\"https:\/\/www.predsjednikfbih.gov.ba\/wp-content\/uploads\/2024\/05\/Predsjednica-Bradara-razgovarala-sa-zapovjednikom-EUFOR-a-u-BiH-generalom-Sticzom-1024x768.jpeg\" alt=\"\" width=\"1024\" height=\"768\" srcset=\"https:\/\/www.predsjednikfbih.gov.ba\/wp-content\/uploads\/2024\/05\/Predsjednica-Bradara-razgovarala-sa-zapovjednikom-EUFOR-a-u-BiH-generalom-Sticzom-1024x768.jpeg 1024w, https:\/\/www.predsjednikfbih.gov.ba\/wp-content\/uploads\/2024\/05\/Predsjednica-Bradara-razgovarala-sa-zapovjednikom-EUFOR-a-u-BiH-generalom-Sticzom-300x225.jpeg 300w, https:\/\/www.predsjednikfbih.gov.ba\/wp-content\/uploads\/2024\/05\/Predsjednica-Bradara-razgovarala-sa-zapovjednikom-EUFOR-a-u-BiH-generalom-Sticzom-768x576.jpeg 768w, https:\/\/www.predsjednikfbih.gov.ba\/wp-content\/uploads\/2024\/05\/Predsjednica-Bradara-razgovarala-sa-zapovjednikom-EUFOR-a-u-BiH-generalom-Sticzom-1536x1152.jpeg 1536w, https:\/\/www.predsjednikfbih.gov.ba\/wp-content\/uploads\/2024\/05\/Predsjednica-Bradara-razgovarala-sa-zapovjednikom-EUFOR-a-u-BiH-generalom-Sticzom.jpeg 1920w\" sizes=\"(max-width: 1024px) 100vw, 1024px\" \/><\/p>\n","protected":false},"excerpt":{"rendered":"<p>Zapovjednik EUFOR-a u BiH general Laszlo Sticz posjetio je ju\u010der predsjednicu Federacije BiH Lidiju Bradara [&hellip;]<\/p>\n","protected":false},"author":1,"featured_media":965,"comment_status":"open","ping_status":"open","sticky":false,"template":"","format":"standard","meta":{"inline_featured_image":false,"footnotes":""},"categories":[3,4,7],"tags":[],"class_list":["post-964","post","type-post","status-publish","format-standard","has-post-thumbnail","hentry","category-novosti","category-objave","category-priopcenja"],"acf":[],"_links":{"self":[{"href":"https:\/\/www.predsjednikfbih.gov.ba\/index.php\/wp-json\/wp\/v2\/posts\/964","targetHints":{"allow":["GET"]}}],"collection":[{"href":"https:\/\/www.predsjednikfbih.gov.ba\/index.php\/wp-json\/wp\/v2\/posts"}],"about":[{"href":"https:\/\/www.predsjednikfbih.gov.ba\/index.php\/wp-json\/wp\/v2\/types\/post"}],"author":[{"embeddable":true,"href":"https:\/\/www.predsjednikfbih.gov.ba\/index.php\/wp-json\/wp\/v2\/users\/1"}],"replies":[{"embeddable":true,"href":"https:\/\/www.predsjednikfbih.gov.ba\/index.php\/wp-json\/wp\/v2\/comments?post=964"}],"version-history":[{"count":1,"href":"https:\/\/www.predsjednikfbih.gov.ba\/index.php\/wp-json\/wp\/v2\/posts\/964\/revisions"}],"predecessor-version":[{"id":967,"href":"https:\/\/www.predsjednikfbih.gov.ba\/index.php\/wp-json\/wp\/v2\/posts\/964\/revisions\/967"}],"wp:featuredmedia":[{"embeddable":true,"href":"https:\/\/www.predsjednikfbih.gov.ba\/index.php\/wp-json\/wp\/v2\/media\/965"}],"wp:attachment":[{"href":"https:\/\/www.predsjednikfbih.gov.ba\/index.php\/wp-json\/wp\/v2\/media?parent=964"}],"wp:term":[{"taxonomy":"category","embeddable":true,"href":"https:\/\/www.predsjednikfbih.gov.ba\/index.php\/wp-json\/wp\/v2\/categories?post=964"},{"taxonomy":"post_tag","embeddable":true,"href":"https:\/\/www.predsjednikfbih.gov.ba\/index.php\/wp-json\/wp\/v2\/tags?post=964"}],"curies":[{"name":"wp","href":"https:\/\/api.w.org\/{rel}","templated":true}]}}