{"id":931,"date":"2024-05-15T15:04:44","date_gmt":"2024-05-15T15:04:44","guid":{"rendered":"https:\/\/www.predsjednikfbih.gov.ba\/?p=931"},"modified":"2024-05-15T15:04:44","modified_gmt":"2024-05-15T15:04:44","slug":"predsjednica-bradara-na-proslavi-dana-opcine-usora","status":"publish","type":"post","link":"https:\/\/www.predsjednikfbih.gov.ba\/index.php\/2024\/05\/15\/predsjednica-bradara-na-proslavi-dana-opcine-usora\/","title":{"rendered":"Predsjednica Bradara na proslavi Dana op\u0107ine Usora"},"content":{"rendered":"<h3>Predsjednica Federacije BiH Lidija Bradara sudjelovala je danas na sve\u010danoj sjednici Op\u0107inskog vije\u0107a Usora povodom Dana op\u0107ine Usora i Dana 110. brigade HVO Usora.<\/h3>\n<p>Predsjednica Bradara, ujedno i osobna izaslanica predsjednika HDZ BIH i HNS BIH dr. Dragana \u010covi\u0107a, \u010destitala je Dan op\u0107ine Usora na\u010delniku Zvonimiru An\u0111eli\u0107u, predsjedatelju Vije\u0107a Anti Mati\u0107u i svim \u017eiteljima op\u0107ine. U svom obra\u0107anju istaknula je va\u017enost zajedni\u0161tva i podr\u0161ke, te je naglasila:<\/p>\n<p>\"Usora jeste mala povr\u0161inski, ali je jedno prekrasno, perspektivno mjesto u kojem, \u0161to je najva\u017enije, \u017eive dobri ljudi. Radujem se novim projektima, posebno najavi ozbiljnijih infrastrukturnih odnosno cestovnih koji \u0107e dodatno pospje\u0161iti poduzetni\u010dki duh va\u0161ih \u017eitelja. Podr\u0161ka i nazo\u010dnost gostiju iz Hrvatske daje dodatan vjetar u le\u0111a i obe\u0107anje da niste sami, kako na emocionalnoj razini, tako i kada su ulaganja u pitanju.\"<\/p>\n<p>Bradara je posebno zahvalila prisutnim gostima, isti\u010du\u0107i va\u017enost njihove podr\u0161ke: \"Pozdravljam uvijek rado vi\u0111enog na\u0161eg Zvonka Milasa, tajnika Sredi\u0161njeg dr\u017eavnog ureda za Hrvate izvan RH, koji je tako \u010desto u svim na\u0161im sredinama da vi\u0161e nigdje i nije gost, kao i gospodina Tomislava Sokola, jer se malo malih sredina mo\u017ee pohvaliti nazo\u010dno\u0161\u0107u zastupnika u Europskom parlamentu na Danu op\u0107ine.\"<\/p>\n<p>Prije sve\u010dane sjednice, polo\u017eeni su vijenci i upaljene svije\u0107e na Sredi\u0161njem spomen obilje\u017eju braniteljima HVO-a u Usori. Slu\u017eena je sveta misa zadu\u0161nica za poginule, umrle i nestale branitelje Usore u Domovinskom ratu u crkvi sv. Ante Padovanskog u Siv\u0161i, nakon koje je uslijedio sve\u010dani mimohod zastava.<\/p>\n<p><img decoding=\"async\" class=\"alignnone size-large wp-image-933\" src=\"https:\/\/www.predsjednikfbih.gov.ba\/wp-content\/uploads\/2024\/05\/Predsjednica-Federacije-BiH-Lidija-Bradara-na-proslavi-Dana-opcine-Usora01778-1024x683.jpg\" alt=\"\" width=\"1024\" height=\"683\" srcset=\"https:\/\/www.predsjednikfbih.gov.ba\/wp-content\/uploads\/2024\/05\/Predsjednica-Federacije-BiH-Lidija-Bradara-na-proslavi-Dana-opcine-Usora01778-1024x683.jpg 1024w, https:\/\/www.predsjednikfbih.gov.ba\/wp-content\/uploads\/2024\/05\/Predsjednica-Federacije-BiH-Lidija-Bradara-na-proslavi-Dana-opcine-Usora01778-300x200.jpg 300w, https:\/\/www.predsjednikfbih.gov.ba\/wp-content\/uploads\/2024\/05\/Predsjednica-Federacije-BiH-Lidija-Bradara-na-proslavi-Dana-opcine-Usora01778-768x512.jpg 768w, https:\/\/www.predsjednikfbih.gov.ba\/wp-content\/uploads\/2024\/05\/Predsjednica-Federacije-BiH-Lidija-Bradara-na-proslavi-Dana-opcine-Usora01778-1536x1024.jpg 1536w, https:\/\/www.predsjednikfbih.gov.ba\/wp-content\/uploads\/2024\/05\/Predsjednica-Federacije-BiH-Lidija-Bradara-na-proslavi-Dana-opcine-Usora01778.jpg 1920w\" sizes=\"(max-width: 1024px) 100vw, 1024px\" \/> <img decoding=\"async\" class=\"alignnone size-large wp-image-934\" src=\"https:\/\/www.predsjednikfbih.gov.ba\/wp-content\/uploads\/2024\/05\/Predsjednica-Federacije-BiH-Lidija-Bradara-na-proslavi-Dana-opcine-Usora01929-1024x683.jpg\" alt=\"\" width=\"1024\" height=\"683\" srcset=\"https:\/\/www.predsjednikfbih.gov.ba\/wp-content\/uploads\/2024\/05\/Predsjednica-Federacije-BiH-Lidija-Bradara-na-proslavi-Dana-opcine-Usora01929-1024x683.jpg 1024w, https:\/\/www.predsjednikfbih.gov.ba\/wp-content\/uploads\/2024\/05\/Predsjednica-Federacije-BiH-Lidija-Bradara-na-proslavi-Dana-opcine-Usora01929-300x200.jpg 300w, https:\/\/www.predsjednikfbih.gov.ba\/wp-content\/uploads\/2024\/05\/Predsjednica-Federacije-BiH-Lidija-Bradara-na-proslavi-Dana-opcine-Usora01929-768x512.jpg 768w, https:\/\/www.predsjednikfbih.gov.ba\/wp-content\/uploads\/2024\/05\/Predsjednica-Federacije-BiH-Lidija-Bradara-na-proslavi-Dana-opcine-Usora01929-1536x1024.jpg 1536w, https:\/\/www.predsjednikfbih.gov.ba\/wp-content\/uploads\/2024\/05\/Predsjednica-Federacije-BiH-Lidija-Bradara-na-proslavi-Dana-opcine-Usora01929.jpg 1920w\" sizes=\"(max-width: 1024px) 100vw, 1024px\" \/> <img decoding=\"async\" class=\"alignnone size-large wp-image-935\" src=\"https:\/\/www.predsjednikfbih.gov.ba\/wp-content\/uploads\/2024\/05\/Predsjednica-Federacije-BiH-Lidija-Bradara-na-proslavi-Dana-opcine-Usora2-1024x768.jpg\" alt=\"\" width=\"1024\" height=\"768\" srcset=\"https:\/\/www.predsjednikfbih.gov.ba\/wp-content\/uploads\/2024\/05\/Predsjednica-Federacije-BiH-Lidija-Bradara-na-proslavi-Dana-opcine-Usora2-1024x768.jpg 1024w, https:\/\/www.predsjednikfbih.gov.ba\/wp-content\/uploads\/2024\/05\/Predsjednica-Federacije-BiH-Lidija-Bradara-na-proslavi-Dana-opcine-Usora2-300x225.jpg 300w, https:\/\/www.predsjednikfbih.gov.ba\/wp-content\/uploads\/2024\/05\/Predsjednica-Federacije-BiH-Lidija-Bradara-na-proslavi-Dana-opcine-Usora2-768x576.jpg 768w, https:\/\/www.predsjednikfbih.gov.ba\/wp-content\/uploads\/2024\/05\/Predsjednica-Federacije-BiH-Lidija-Bradara-na-proslavi-Dana-opcine-Usora2-1536x1152.jpg 1536w, https:\/\/www.predsjednikfbih.gov.ba\/wp-content\/uploads\/2024\/05\/Predsjednica-Federacije-BiH-Lidija-Bradara-na-proslavi-Dana-opcine-Usora2.jpg 1920w\" sizes=\"(max-width: 1024px) 100vw, 1024px\" \/> <img decoding=\"async\" class=\"alignnone size-large wp-image-938\" src=\"https:\/\/www.predsjednikfbih.gov.ba\/wp-content\/uploads\/2024\/05\/Predsjednica-Federacije-BiH-Lidija-Bradara-na-proslavi-Dana-opcine-Usora02023-1024x683.jpg\" alt=\"\" width=\"1024\" height=\"683\" srcset=\"https:\/\/www.predsjednikfbih.gov.ba\/wp-content\/uploads\/2024\/05\/Predsjednica-Federacije-BiH-Lidija-Bradara-na-proslavi-Dana-opcine-Usora02023-1024x683.jpg 1024w, https:\/\/www.predsjednikfbih.gov.ba\/wp-content\/uploads\/2024\/05\/Predsjednica-Federacije-BiH-Lidija-Bradara-na-proslavi-Dana-opcine-Usora02023-300x200.jpg 300w, https:\/\/www.predsjednikfbih.gov.ba\/wp-content\/uploads\/2024\/05\/Predsjednica-Federacije-BiH-Lidija-Bradara-na-proslavi-Dana-opcine-Usora02023-768x512.jpg 768w, https:\/\/www.predsjednikfbih.gov.ba\/wp-content\/uploads\/2024\/05\/Predsjednica-Federacije-BiH-Lidija-Bradara-na-proslavi-Dana-opcine-Usora02023-1536x1024.jpg 1536w, https:\/\/www.predsjednikfbih.gov.ba\/wp-content\/uploads\/2024\/05\/Predsjednica-Federacije-BiH-Lidija-Bradara-na-proslavi-Dana-opcine-Usora02023.jpg 1920w\" sizes=\"(max-width: 1024px) 100vw, 1024px\" \/> <img decoding=\"async\" class=\"alignnone size-large wp-image-936\" src=\"https:\/\/www.predsjednikfbih.gov.ba\/wp-content\/uploads\/2024\/05\/Predsjednica-Federacije-BiH-Lidija-Bradara-na-proslavi-Dana-opcine-Usora01981-1024x683.jpg\" alt=\"\" width=\"1024\" height=\"683\" srcset=\"https:\/\/www.predsjednikfbih.gov.ba\/wp-content\/uploads\/2024\/05\/Predsjednica-Federacije-BiH-Lidija-Bradara-na-proslavi-Dana-opcine-Usora01981-1024x683.jpg 1024w, https:\/\/www.predsjednikfbih.gov.ba\/wp-content\/uploads\/2024\/05\/Predsjednica-Federacije-BiH-Lidija-Bradara-na-proslavi-Dana-opcine-Usora01981-300x200.jpg 300w, https:\/\/www.predsjednikfbih.gov.ba\/wp-content\/uploads\/2024\/05\/Predsjednica-Federacije-BiH-Lidija-Bradara-na-proslavi-Dana-opcine-Usora01981-768x512.jpg 768w, https:\/\/www.predsjednikfbih.gov.ba\/wp-content\/uploads\/2024\/05\/Predsjednica-Federacije-BiH-Lidija-Bradara-na-proslavi-Dana-opcine-Usora01981-1536x1024.jpg 1536w, https:\/\/www.predsjednikfbih.gov.ba\/wp-content\/uploads\/2024\/05\/Predsjednica-Federacije-BiH-Lidija-Bradara-na-proslavi-Dana-opcine-Usora01981.jpg 1920w\" sizes=\"(max-width: 1024px) 100vw, 1024px\" \/> <img decoding=\"async\" class=\"alignnone size-large wp-image-937\" src=\"https:\/\/www.predsjednikfbih.gov.ba\/wp-content\/uploads\/2024\/05\/Predsjednica-Federacije-BiH-Lidija-Bradara-na-proslavi-Dana-opcine-Usora22-1024x768.jpg\" alt=\"\" width=\"1024\" height=\"768\" srcset=\"https:\/\/www.predsjednikfbih.gov.ba\/wp-content\/uploads\/2024\/05\/Predsjednica-Federacije-BiH-Lidija-Bradara-na-proslavi-Dana-opcine-Usora22-1024x768.jpg 1024w, https:\/\/www.predsjednikfbih.gov.ba\/wp-content\/uploads\/2024\/05\/Predsjednica-Federacije-BiH-Lidija-Bradara-na-proslavi-Dana-opcine-Usora22-300x225.jpg 300w, https:\/\/www.predsjednikfbih.gov.ba\/wp-content\/uploads\/2024\/05\/Predsjednica-Federacije-BiH-Lidija-Bradara-na-proslavi-Dana-opcine-Usora22-768x576.jpg 768w, https:\/\/www.predsjednikfbih.gov.ba\/wp-content\/uploads\/2024\/05\/Predsjednica-Federacije-BiH-Lidija-Bradara-na-proslavi-Dana-opcine-Usora22-1536x1152.jpg 1536w, https:\/\/www.predsjednikfbih.gov.ba\/wp-content\/uploads\/2024\/05\/Predsjednica-Federacije-BiH-Lidija-Bradara-na-proslavi-Dana-opcine-Usora22.jpg 1920w\" sizes=\"(max-width: 1024px) 100vw, 1024px\" \/> <img decoding=\"async\" class=\"alignnone size-large wp-image-939\" src=\"https:\/\/www.predsjednikfbih.gov.ba\/wp-content\/uploads\/2024\/05\/Predsjednica-Federacije-BiH-Lidija-Bradara-na-proslavi-Dana-opcine-Usora02047-1024x683.jpg\" alt=\"\" width=\"1024\" height=\"683\" srcset=\"https:\/\/www.predsjednikfbih.gov.ba\/wp-content\/uploads\/2024\/05\/Predsjednica-Federacije-BiH-Lidija-Bradara-na-proslavi-Dana-opcine-Usora02047-1024x683.jpg 1024w, https:\/\/www.predsjednikfbih.gov.ba\/wp-content\/uploads\/2024\/05\/Predsjednica-Federacije-BiH-Lidija-Bradara-na-proslavi-Dana-opcine-Usora02047-300x200.jpg 300w, https:\/\/www.predsjednikfbih.gov.ba\/wp-content\/uploads\/2024\/05\/Predsjednica-Federacije-BiH-Lidija-Bradara-na-proslavi-Dana-opcine-Usora02047-768x512.jpg 768w, https:\/\/www.predsjednikfbih.gov.ba\/wp-content\/uploads\/2024\/05\/Predsjednica-Federacije-BiH-Lidija-Bradara-na-proslavi-Dana-opcine-Usora02047-1536x1024.jpg 1536w, https:\/\/www.predsjednikfbih.gov.ba\/wp-content\/uploads\/2024\/05\/Predsjednica-Federacije-BiH-Lidija-Bradara-na-proslavi-Dana-opcine-Usora02047.jpg 1920w\" sizes=\"(max-width: 1024px) 100vw, 1024px\" \/> <img decoding=\"async\" class=\"alignnone size-large wp-image-940\" src=\"https:\/\/www.predsjednikfbih.gov.ba\/wp-content\/uploads\/2024\/05\/Predsjednica-Federacije-BiH-Lidija-Bradara-na-proslavi-Dana-opcine-Usora02050-1024x683.jpg\" alt=\"\" width=\"1024\" height=\"683\" srcset=\"https:\/\/www.predsjednikfbih.gov.ba\/wp-content\/uploads\/2024\/05\/Predsjednica-Federacije-BiH-Lidija-Bradara-na-proslavi-Dana-opcine-Usora02050-1024x683.jpg 1024w, https:\/\/www.predsjednikfbih.gov.ba\/wp-content\/uploads\/2024\/05\/Predsjednica-Federacije-BiH-Lidija-Bradara-na-proslavi-Dana-opcine-Usora02050-300x200.jpg 300w, https:\/\/www.predsjednikfbih.gov.ba\/wp-content\/uploads\/2024\/05\/Predsjednica-Federacije-BiH-Lidija-Bradara-na-proslavi-Dana-opcine-Usora02050-768x512.jpg 768w, https:\/\/www.predsjednikfbih.gov.ba\/wp-content\/uploads\/2024\/05\/Predsjednica-Federacije-BiH-Lidija-Bradara-na-proslavi-Dana-opcine-Usora02050-1536x1024.jpg 1536w, https:\/\/www.predsjednikfbih.gov.ba\/wp-content\/uploads\/2024\/05\/Predsjednica-Federacije-BiH-Lidija-Bradara-na-proslavi-Dana-opcine-Usora02050.jpg 1920w\" sizes=\"(max-width: 1024px) 100vw, 1024px\" \/> <img decoding=\"async\" class=\"alignnone size-large wp-image-941\" src=\"https:\/\/www.predsjednikfbih.gov.ba\/wp-content\/uploads\/2024\/05\/Predsjednica-Federacije-BiH-Lidija-Bradara-na-proslavi-Dana-opcine-Usora02060-1024x683.jpg\" alt=\"\" width=\"1024\" height=\"683\" srcset=\"https:\/\/www.predsjednikfbih.gov.ba\/wp-content\/uploads\/2024\/05\/Predsjednica-Federacije-BiH-Lidija-Bradara-na-proslavi-Dana-opcine-Usora02060-1024x683.jpg 1024w, https:\/\/www.predsjednikfbih.gov.ba\/wp-content\/uploads\/2024\/05\/Predsjednica-Federacije-BiH-Lidija-Bradara-na-proslavi-Dana-opcine-Usora02060-300x200.jpg 300w, https:\/\/www.predsjednikfbih.gov.ba\/wp-content\/uploads\/2024\/05\/Predsjednica-Federacije-BiH-Lidija-Bradara-na-proslavi-Dana-opcine-Usora02060-768x512.jpg 768w, https:\/\/www.predsjednikfbih.gov.ba\/wp-content\/uploads\/2024\/05\/Predsjednica-Federacije-BiH-Lidija-Bradara-na-proslavi-Dana-opcine-Usora02060-1536x1024.jpg 1536w, https:\/\/www.predsjednikfbih.gov.ba\/wp-content\/uploads\/2024\/05\/Predsjednica-Federacije-BiH-Lidija-Bradara-na-proslavi-Dana-opcine-Usora02060.jpg 1920w\" sizes=\"(max-width: 1024px) 100vw, 1024px\" \/> <img decoding=\"async\" class=\"alignnone size-large wp-image-932\" src=\"https:\/\/www.predsjednikfbih.gov.ba\/wp-content\/uploads\/2024\/05\/Predsjednica-Federacije-BiH-Lidija-Bradara-na-proslavi-Dana-opcine-Usora02035-1024x683.jpg\" alt=\"\" width=\"1024\" height=\"683\" srcset=\"https:\/\/www.predsjednikfbih.gov.ba\/wp-content\/uploads\/2024\/05\/Predsjednica-Federacije-BiH-Lidija-Bradara-na-proslavi-Dana-opcine-Usora02035-1024x683.jpg 1024w, https:\/\/www.predsjednikfbih.gov.ba\/wp-content\/uploads\/2024\/05\/Predsjednica-Federacije-BiH-Lidija-Bradara-na-proslavi-Dana-opcine-Usora02035-300x200.jpg 300w, https:\/\/www.predsjednikfbih.gov.ba\/wp-content\/uploads\/2024\/05\/Predsjednica-Federacije-BiH-Lidija-Bradara-na-proslavi-Dana-opcine-Usora02035-768x512.jpg 768w, https:\/\/www.predsjednikfbih.gov.ba\/wp-content\/uploads\/2024\/05\/Predsjednica-Federacije-BiH-Lidija-Bradara-na-proslavi-Dana-opcine-Usora02035-1536x1024.jpg 1536w, https:\/\/www.predsjednikfbih.gov.ba\/wp-content\/uploads\/2024\/05\/Predsjednica-Federacije-BiH-Lidija-Bradara-na-proslavi-Dana-opcine-Usora02035.jpg 1920w\" sizes=\"(max-width: 1024px) 100vw, 1024px\" \/><\/p>\n","protected":false},"excerpt":{"rendered":"<p>Predsjednica Federacije BiH Lidija Bradara sudjelovala je danas na sve\u010danoj sjednici Op\u0107inskog vije\u0107a Usora povodom [&hellip;]<\/p>\n","protected":false},"author":1,"featured_media":938,"comment_status":"open","ping_status":"open","sticky":false,"template":"","format":"standard","meta":{"inline_featured_image":false,"footnotes":""},"categories":[3,4,7],"tags":[],"class_list":["post-931","post","type-post","status-publish","format-standard","has-post-thumbnail","hentry","category-novosti","category-objave","category-priopcenja"],"acf":[],"_links":{"self":[{"href":"https:\/\/www.predsjednikfbih.gov.ba\/index.php\/wp-json\/wp\/v2\/posts\/931","targetHints":{"allow":["GET"]}}],"collection":[{"href":"https:\/\/www.predsjednikfbih.gov.ba\/index.php\/wp-json\/wp\/v2\/posts"}],"about":[{"href":"https:\/\/www.predsjednikfbih.gov.ba\/index.php\/wp-json\/wp\/v2\/types\/post"}],"author":[{"embeddable":true,"href":"https:\/\/www.predsjednikfbih.gov.ba\/index.php\/wp-json\/wp\/v2\/users\/1"}],"replies":[{"embeddable":true,"href":"https:\/\/www.predsjednikfbih.gov.ba\/index.php\/wp-json\/wp\/v2\/comments?post=931"}],"version-history":[{"count":1,"href":"https:\/\/www.predsjednikfbih.gov.ba\/index.php\/wp-json\/wp\/v2\/posts\/931\/revisions"}],"predecessor-version":[{"id":942,"href":"https:\/\/www.predsjednikfbih.gov.ba\/index.php\/wp-json\/wp\/v2\/posts\/931\/revisions\/942"}],"wp:featuredmedia":[{"embeddable":true,"href":"https:\/\/www.predsjednikfbih.gov.ba\/index.php\/wp-json\/wp\/v2\/media\/938"}],"wp:attachment":[{"href":"https:\/\/www.predsjednikfbih.gov.ba\/index.php\/wp-json\/wp\/v2\/media?parent=931"}],"wp:term":[{"taxonomy":"category","embeddable":true,"href":"https:\/\/www.predsjednikfbih.gov.ba\/index.php\/wp-json\/wp\/v2\/categories?post=931"},{"taxonomy":"post_tag","embeddable":true,"href":"https:\/\/www.predsjednikfbih.gov.ba\/index.php\/wp-json\/wp\/v2\/tags?post=931"}],"curies":[{"name":"wp","href":"https:\/\/api.w.org\/{rel}","templated":true}]}}