{"id":921,"date":"2024-05-14T17:07:16","date_gmt":"2024-05-14T17:07:16","guid":{"rendered":"https:\/\/www.predsjednikfbih.gov.ba\/?p=921"},"modified":"2024-05-14T17:07:16","modified_gmt":"2024-05-14T17:07:16","slug":"predsjednica-bradara-u-posjeti-zupi-sv-franje-asiskog-u-brcko-distriktu","status":"publish","type":"post","link":"https:\/\/www.predsjednikfbih.gov.ba\/index.php\/2024\/05\/14\/predsjednica-bradara-u-posjeti-zupi-sv-franje-asiskog-u-brcko-distriktu\/","title":{"rendered":"Predsjednica Bradara u posjeti \u017dupi sv. Franje Asi\u0161kog u Br\u010dko distriktu"},"content":{"rendered":"<h4>Predsjednica Federacije BiH, Lidija Bradara, danas je posjetila \u017dupu sv. Franje Asi\u0161kog u Gornjem Zoviku u Br\u010dko distriktu. Tom prilikom susrela se sa \u017eupnikom fra Zoranom Vukovi\u0107em te obi\u0161la crkvu i \u017eupne prostorije, upoznaju\u0107i se s \u017eivotom stanovnika ovog kraja i izazovima s kojima se susre\u0107u.<\/h4>\n<p>Nakon obilaska, odr\u017ean je sastanak sa hrvatskim du\u017enosnicima ovog kraja, predvo\u0111enim dogradona\u010delnikom Br\u010dko distrikta dr. Antom Domi\u0107em i Ivom Filipovi\u0107em, dopredsjednikom Skup\u0161tine Br\u010dko distrikta. Na sastanku su sudjelovali i fra Niko Josi\u0107, gvardijan i \u017eupnik Franjeva\u010dkog samostana Bezgre\u0161nog za\u010de\u0107a Bla\u017eene Djevice Marije u Dubravama, u Br\u010dko distriktu, kao i drugi du\u017enosnici.<\/p>\n<p>Tema razgovora bila je problematika Hrvata u ovom podru\u010dju, s posebnim naglaskom na dru\u0161tvene i infrastrukturne probleme te me\u0111unacionalne odnose. Izra\u017eeno je zadovoljstvo zbog o\u010duvanja stoljetne povijesti, obi\u010daja i kulture od strane mje\u0161tana i franjevaca, \u010dime se potvr\u0111uje va\u017enost ovog kraja za dr\u017eavu. Predsjednica Bradara izrazila je podr\u0161ku naporima lokalne zajednice i franjevaca u o\u010duvanju kulturne ba\u0161tine te istaknula va\u017enost rje\u0161avanja klju\u010dnih problema za unaprje\u0111enje kvalitete \u017eivota stanovnika ovog podru\u010dja.<\/p>\n<p>Nakon posjete Gornjem Zoviku, predsjednica Bradara, ujedno i dopredsjednica HDZ-a BiH, sudjelovala je na sastanku predsjednika HDZ-a BiH dr. Dragana \u010covi\u0107a sa Odborom HDZ-a BiH za Br\u010dko distrikt koji je odr\u017ean u Napretkovom domu.<\/p>\n<p><img decoding=\"async\" class=\"alignnone size-large wp-image-926\" src=\"https:\/\/www.predsjednikfbih.gov.ba\/wp-content\/uploads\/2024\/05\/DSC01492-1024x683.jpg\" alt=\"\" width=\"1024\" height=\"683\" srcset=\"https:\/\/www.predsjednikfbih.gov.ba\/wp-content\/uploads\/2024\/05\/DSC01492-1024x683.jpg 1024w, https:\/\/www.predsjednikfbih.gov.ba\/wp-content\/uploads\/2024\/05\/DSC01492-300x200.jpg 300w, https:\/\/www.predsjednikfbih.gov.ba\/wp-content\/uploads\/2024\/05\/DSC01492-768x512.jpg 768w, https:\/\/www.predsjednikfbih.gov.ba\/wp-content\/uploads\/2024\/05\/DSC01492-1536x1024.jpg 1536w, https:\/\/www.predsjednikfbih.gov.ba\/wp-content\/uploads\/2024\/05\/DSC01492.jpg 1920w\" sizes=\"(max-width: 1024px) 100vw, 1024px\" \/> <img decoding=\"async\" class=\"alignnone size-large wp-image-923\" src=\"https:\/\/www.predsjednikfbih.gov.ba\/wp-content\/uploads\/2024\/05\/IMG_6898-768x1024.jpg\" alt=\"\" width=\"768\" height=\"1024\" srcset=\"https:\/\/www.predsjednikfbih.gov.ba\/wp-content\/uploads\/2024\/05\/IMG_6898-768x1024.jpg 768w, https:\/\/www.predsjednikfbih.gov.ba\/wp-content\/uploads\/2024\/05\/IMG_6898-225x300.jpg 225w, https:\/\/www.predsjednikfbih.gov.ba\/wp-content\/uploads\/2024\/05\/IMG_6898-1152x1536.jpg 1152w, https:\/\/www.predsjednikfbih.gov.ba\/wp-content\/uploads\/2024\/05\/IMG_6898.jpg 1440w\" sizes=\"(max-width: 768px) 100vw, 768px\" \/> <img decoding=\"async\" class=\"alignnone size-large wp-image-924\" src=\"https:\/\/www.predsjednikfbih.gov.ba\/wp-content\/uploads\/2024\/05\/DSC01454-1024x683.jpg\" alt=\"\" width=\"1024\" height=\"683\" srcset=\"https:\/\/www.predsjednikfbih.gov.ba\/wp-content\/uploads\/2024\/05\/DSC01454-1024x683.jpg 1024w, https:\/\/www.predsjednikfbih.gov.ba\/wp-content\/uploads\/2024\/05\/DSC01454-300x200.jpg 300w, https:\/\/www.predsjednikfbih.gov.ba\/wp-content\/uploads\/2024\/05\/DSC01454-768x512.jpg 768w, https:\/\/www.predsjednikfbih.gov.ba\/wp-content\/uploads\/2024\/05\/DSC01454-1536x1024.jpg 1536w, https:\/\/www.predsjednikfbih.gov.ba\/wp-content\/uploads\/2024\/05\/DSC01454.jpg 1920w\" sizes=\"(max-width: 1024px) 100vw, 1024px\" \/> <img decoding=\"async\" class=\"alignnone size-large wp-image-925\" src=\"https:\/\/www.predsjednikfbih.gov.ba\/wp-content\/uploads\/2024\/05\/DSC01479-1024x683.jpg\" alt=\"\" width=\"1024\" height=\"683\" srcset=\"https:\/\/www.predsjednikfbih.gov.ba\/wp-content\/uploads\/2024\/05\/DSC01479-1024x683.jpg 1024w, https:\/\/www.predsjednikfbih.gov.ba\/wp-content\/uploads\/2024\/05\/DSC01479-300x200.jpg 300w, https:\/\/www.predsjednikfbih.gov.ba\/wp-content\/uploads\/2024\/05\/DSC01479-768x512.jpg 768w, https:\/\/www.predsjednikfbih.gov.ba\/wp-content\/uploads\/2024\/05\/DSC01479-1536x1024.jpg 1536w, https:\/\/www.predsjednikfbih.gov.ba\/wp-content\/uploads\/2024\/05\/DSC01479.jpg 1920w\" sizes=\"(max-width: 1024px) 100vw, 1024px\" \/> <img decoding=\"async\" class=\"alignnone size-large wp-image-927\" src=\"https:\/\/www.predsjednikfbih.gov.ba\/wp-content\/uploads\/2024\/05\/DSC01519-1024x714.jpg\" alt=\"\" width=\"1024\" height=\"714\" srcset=\"https:\/\/www.predsjednikfbih.gov.ba\/wp-content\/uploads\/2024\/05\/DSC01519-1024x714.jpg 1024w, https:\/\/www.predsjednikfbih.gov.ba\/wp-content\/uploads\/2024\/05\/DSC01519-300x209.jpg 300w, https:\/\/www.predsjednikfbih.gov.ba\/wp-content\/uploads\/2024\/05\/DSC01519-768x536.jpg 768w, https:\/\/www.predsjednikfbih.gov.ba\/wp-content\/uploads\/2024\/05\/DSC01519-1536x1071.jpg 1536w, https:\/\/www.predsjednikfbih.gov.ba\/wp-content\/uploads\/2024\/05\/DSC01519.jpg 1920w\" sizes=\"(max-width: 1024px) 100vw, 1024px\" \/> <img decoding=\"async\" class=\"alignnone size-large wp-image-928\" src=\"https:\/\/www.predsjednikfbih.gov.ba\/wp-content\/uploads\/2024\/05\/DSC01528-1024x683.jpg\" alt=\"\" width=\"1024\" height=\"683\" srcset=\"https:\/\/www.predsjednikfbih.gov.ba\/wp-content\/uploads\/2024\/05\/DSC01528-1024x683.jpg 1024w, https:\/\/www.predsjednikfbih.gov.ba\/wp-content\/uploads\/2024\/05\/DSC01528-300x200.jpg 300w, https:\/\/www.predsjednikfbih.gov.ba\/wp-content\/uploads\/2024\/05\/DSC01528-768x512.jpg 768w, https:\/\/www.predsjednikfbih.gov.ba\/wp-content\/uploads\/2024\/05\/DSC01528-1536x1024.jpg 1536w, https:\/\/www.predsjednikfbih.gov.ba\/wp-content\/uploads\/2024\/05\/DSC01528.jpg 1920w\" sizes=\"(max-width: 1024px) 100vw, 1024px\" \/> <img decoding=\"async\" class=\"alignnone size-large wp-image-922\" src=\"https:\/\/www.predsjednikfbih.gov.ba\/wp-content\/uploads\/2024\/05\/DSC01627-1024x683.jpg\" alt=\"\" width=\"1024\" height=\"683\" srcset=\"https:\/\/www.predsjednikfbih.gov.ba\/wp-content\/uploads\/2024\/05\/DSC01627-1024x683.jpg 1024w, https:\/\/www.predsjednikfbih.gov.ba\/wp-content\/uploads\/2024\/05\/DSC01627-300x200.jpg 300w, https:\/\/www.predsjednikfbih.gov.ba\/wp-content\/uploads\/2024\/05\/DSC01627-768x512.jpg 768w, https:\/\/www.predsjednikfbih.gov.ba\/wp-content\/uploads\/2024\/05\/DSC01627-1536x1024.jpg 1536w, https:\/\/www.predsjednikfbih.gov.ba\/wp-content\/uploads\/2024\/05\/DSC01627.jpg 1920w\" sizes=\"(max-width: 1024px) 100vw, 1024px\" \/> <img decoding=\"async\" class=\"alignnone size-large wp-image-929\" src=\"https:\/\/www.predsjednikfbih.gov.ba\/wp-content\/uploads\/2024\/05\/DSC01589-1024x683.jpg\" alt=\"\" width=\"1024\" height=\"683\" srcset=\"https:\/\/www.predsjednikfbih.gov.ba\/wp-content\/uploads\/2024\/05\/DSC01589-1024x683.jpg 1024w, https:\/\/www.predsjednikfbih.gov.ba\/wp-content\/uploads\/2024\/05\/DSC01589-300x200.jpg 300w, https:\/\/www.predsjednikfbih.gov.ba\/wp-content\/uploads\/2024\/05\/DSC01589-768x512.jpg 768w, https:\/\/www.predsjednikfbih.gov.ba\/wp-content\/uploads\/2024\/05\/DSC01589-1536x1024.jpg 1536w, https:\/\/www.predsjednikfbih.gov.ba\/wp-content\/uploads\/2024\/05\/DSC01589.jpg 1920w\" sizes=\"(max-width: 1024px) 100vw, 1024px\" \/><\/p>\n","protected":false},"excerpt":{"rendered":"<p>Predsjednica Federacije BiH, Lidija Bradara, danas je posjetila \u017dupu sv. Franje Asi\u0161kog u Gornjem Zoviku [&hellip;]<\/p>\n","protected":false},"author":1,"featured_media":925,"comment_status":"open","ping_status":"open","sticky":false,"template":"","format":"standard","meta":{"inline_featured_image":false,"footnotes":""},"categories":[3,4,7],"tags":[],"class_list":["post-921","post","type-post","status-publish","format-standard","has-post-thumbnail","hentry","category-novosti","category-objave","category-priopcenja"],"acf":[],"_links":{"self":[{"href":"https:\/\/www.predsjednikfbih.gov.ba\/index.php\/wp-json\/wp\/v2\/posts\/921","targetHints":{"allow":["GET"]}}],"collection":[{"href":"https:\/\/www.predsjednikfbih.gov.ba\/index.php\/wp-json\/wp\/v2\/posts"}],"about":[{"href":"https:\/\/www.predsjednikfbih.gov.ba\/index.php\/wp-json\/wp\/v2\/types\/post"}],"author":[{"embeddable":true,"href":"https:\/\/www.predsjednikfbih.gov.ba\/index.php\/wp-json\/wp\/v2\/users\/1"}],"replies":[{"embeddable":true,"href":"https:\/\/www.predsjednikfbih.gov.ba\/index.php\/wp-json\/wp\/v2\/comments?post=921"}],"version-history":[{"count":1,"href":"https:\/\/www.predsjednikfbih.gov.ba\/index.php\/wp-json\/wp\/v2\/posts\/921\/revisions"}],"predecessor-version":[{"id":930,"href":"https:\/\/www.predsjednikfbih.gov.ba\/index.php\/wp-json\/wp\/v2\/posts\/921\/revisions\/930"}],"wp:featuredmedia":[{"embeddable":true,"href":"https:\/\/www.predsjednikfbih.gov.ba\/index.php\/wp-json\/wp\/v2\/media\/925"}],"wp:attachment":[{"href":"https:\/\/www.predsjednikfbih.gov.ba\/index.php\/wp-json\/wp\/v2\/media?parent=921"}],"wp:term":[{"taxonomy":"category","embeddable":true,"href":"https:\/\/www.predsjednikfbih.gov.ba\/index.php\/wp-json\/wp\/v2\/categories?post=921"},{"taxonomy":"post_tag","embeddable":true,"href":"https:\/\/www.predsjednikfbih.gov.ba\/index.php\/wp-json\/wp\/v2\/tags?post=921"}],"curies":[{"name":"wp","href":"https:\/\/api.w.org\/{rel}","templated":true}]}}