{"id":910,"date":"2024-05-10T11:07:36","date_gmt":"2024-05-10T11:07:36","guid":{"rendered":"https:\/\/www.predsjednikfbih.gov.ba\/?p=910"},"modified":"2024-05-10T11:07:36","modified_gmt":"2024-05-10T11:07:36","slug":"predsjednica-bradara-na-obiljezavanju-dana-vojarne-mato-lucic-maturica","status":"publish","type":"post","link":"https:\/\/www.predsjednikfbih.gov.ba\/index.php\/2024\/05\/10\/predsjednica-bradara-na-obiljezavanju-dana-vojarne-mato-lucic-maturica\/","title":{"rendered":"Predsjednica Bradara na obilje\u017eavanju \"Dana vojarne Mato Lu\u010di\u0107 Maturica\""},"content":{"rendered":"<h4>Predsjednica Federacije BiH, Lidija Bradara, sudjelovala je danas na obilje\u017eavanju \"Dana vojarne Mato Lu\u010di\u0107 Maturica\" u Kiseljaku, manifestaciji koju tradicionalno organizira Druga pje\u0161a\u010dka bojna 5. pje\u0161a\u010dke brigade OS BiH, kao jedna od postrojbi Oru\u017eanih snaga BiH koje ba\u0161tine tradiciju HVO-a.<\/h4>\n<p>Program obilje\u017eavanja zapo\u010deo je polaganjem vijenaca u 10:30, uslijedilo je opijelo u 10:45 te sveta misa u 11:00 u kapelici sv. Martina, nakon koje je uprili\u010den sve\u010dani domjenak.<\/p>\n<p>Mato Lu\u010di\u0107 Maturica poginuo je 10. svibnja 1993. u akciji izvi\u0111anja terena u kojoj nije ni trebao biti, ali je u nju oti\u0161ao \u0161tite\u0107i svoje vojnike.<\/p>\n<p>Preuzeta 23. travnja 1992. od JNA, bez ijednog ispaljenog metka, vojarna u Kiseljaku me\u0111u rijetkim je vojnim objektima smje\u0161tenim u gotovo samom gradskom sredi\u0161tu. Na inicijativu vojnika, \u010dasnika i do\u010dasnika, od 7. srpnja 1994., odlukom Ministarstva obrane HR HB, vojarna nosi ime po Mati Lu\u010di\u0107u Maturici, \u010dasniku HVO-a, na\u010delniku Sto\u017eera Brigade \"Josip ban Jela\u010di\u0107\".<\/p>\n<p><img decoding=\"async\" class=\"alignnone size-large wp-image-914\" src=\"https:\/\/www.predsjednikfbih.gov.ba\/wp-content\/uploads\/2024\/05\/Predsjednica-Bradara-na-obiljezavanju-22Dana-vojarne-Mato-Lucic-Maturica2201362-1024x683.jpg\" alt=\"\" width=\"1024\" height=\"683\" srcset=\"https:\/\/www.predsjednikfbih.gov.ba\/wp-content\/uploads\/2024\/05\/Predsjednica-Bradara-na-obiljezavanju-22Dana-vojarne-Mato-Lucic-Maturica2201362-1024x683.jpg 1024w, https:\/\/www.predsjednikfbih.gov.ba\/wp-content\/uploads\/2024\/05\/Predsjednica-Bradara-na-obiljezavanju-22Dana-vojarne-Mato-Lucic-Maturica2201362-300x200.jpg 300w, https:\/\/www.predsjednikfbih.gov.ba\/wp-content\/uploads\/2024\/05\/Predsjednica-Bradara-na-obiljezavanju-22Dana-vojarne-Mato-Lucic-Maturica2201362-768x512.jpg 768w, https:\/\/www.predsjednikfbih.gov.ba\/wp-content\/uploads\/2024\/05\/Predsjednica-Bradara-na-obiljezavanju-22Dana-vojarne-Mato-Lucic-Maturica2201362-1536x1024.jpg 1536w, https:\/\/www.predsjednikfbih.gov.ba\/wp-content\/uploads\/2024\/05\/Predsjednica-Bradara-na-obiljezavanju-22Dana-vojarne-Mato-Lucic-Maturica2201362.jpg 1920w\" sizes=\"(max-width: 1024px) 100vw, 1024px\" \/> <img decoding=\"async\" class=\"alignnone size-large wp-image-911\" src=\"https:\/\/www.predsjednikfbih.gov.ba\/wp-content\/uploads\/2024\/05\/Predsjednica-Bradara-na-obiljezavanju-22Dana-vojarne-Mato-Lucic-Maturica2201406-1024x683.jpg\" alt=\"\" width=\"1024\" height=\"683\" srcset=\"https:\/\/www.predsjednikfbih.gov.ba\/wp-content\/uploads\/2024\/05\/Predsjednica-Bradara-na-obiljezavanju-22Dana-vojarne-Mato-Lucic-Maturica2201406-1024x683.jpg 1024w, https:\/\/www.predsjednikfbih.gov.ba\/wp-content\/uploads\/2024\/05\/Predsjednica-Bradara-na-obiljezavanju-22Dana-vojarne-Mato-Lucic-Maturica2201406-300x200.jpg 300w, https:\/\/www.predsjednikfbih.gov.ba\/wp-content\/uploads\/2024\/05\/Predsjednica-Bradara-na-obiljezavanju-22Dana-vojarne-Mato-Lucic-Maturica2201406-768x512.jpg 768w, https:\/\/www.predsjednikfbih.gov.ba\/wp-content\/uploads\/2024\/05\/Predsjednica-Bradara-na-obiljezavanju-22Dana-vojarne-Mato-Lucic-Maturica2201406-1536x1024.jpg 1536w, https:\/\/www.predsjednikfbih.gov.ba\/wp-content\/uploads\/2024\/05\/Predsjednica-Bradara-na-obiljezavanju-22Dana-vojarne-Mato-Lucic-Maturica2201406.jpg 1920w\" sizes=\"(max-width: 1024px) 100vw, 1024px\" \/> <img decoding=\"async\" class=\"alignnone size-large wp-image-919\" src=\"https:\/\/www.predsjednikfbih.gov.ba\/wp-content\/uploads\/2024\/05\/Predsjednica-Bradara-na-obiljezavanju-22Dana-vojarne-Mato-Lucic-Maturica2201370-1024x683.jpg\" alt=\"\" width=\"1024\" height=\"683\" srcset=\"https:\/\/www.predsjednikfbih.gov.ba\/wp-content\/uploads\/2024\/05\/Predsjednica-Bradara-na-obiljezavanju-22Dana-vojarne-Mato-Lucic-Maturica2201370-1024x683.jpg 1024w, https:\/\/www.predsjednikfbih.gov.ba\/wp-content\/uploads\/2024\/05\/Predsjednica-Bradara-na-obiljezavanju-22Dana-vojarne-Mato-Lucic-Maturica2201370-300x200.jpg 300w, https:\/\/www.predsjednikfbih.gov.ba\/wp-content\/uploads\/2024\/05\/Predsjednica-Bradara-na-obiljezavanju-22Dana-vojarne-Mato-Lucic-Maturica2201370-768x512.jpg 768w, https:\/\/www.predsjednikfbih.gov.ba\/wp-content\/uploads\/2024\/05\/Predsjednica-Bradara-na-obiljezavanju-22Dana-vojarne-Mato-Lucic-Maturica2201370-1536x1024.jpg 1536w, https:\/\/www.predsjednikfbih.gov.ba\/wp-content\/uploads\/2024\/05\/Predsjednica-Bradara-na-obiljezavanju-22Dana-vojarne-Mato-Lucic-Maturica2201370.jpg 1920w\" sizes=\"(max-width: 1024px) 100vw, 1024px\" \/> <img decoding=\"async\" class=\"alignnone size-large wp-image-913\" src=\"https:\/\/www.predsjednikfbih.gov.ba\/wp-content\/uploads\/2024\/05\/Predsjednica-Bradara-na-obiljezavanju-22Dana-vojarne-Mato-Lucic-Maturica2201393-1024x683.jpg\" alt=\"\" width=\"1024\" height=\"683\" srcset=\"https:\/\/www.predsjednikfbih.gov.ba\/wp-content\/uploads\/2024\/05\/Predsjednica-Bradara-na-obiljezavanju-22Dana-vojarne-Mato-Lucic-Maturica2201393-1024x683.jpg 1024w, https:\/\/www.predsjednikfbih.gov.ba\/wp-content\/uploads\/2024\/05\/Predsjednica-Bradara-na-obiljezavanju-22Dana-vojarne-Mato-Lucic-Maturica2201393-300x200.jpg 300w, https:\/\/www.predsjednikfbih.gov.ba\/wp-content\/uploads\/2024\/05\/Predsjednica-Bradara-na-obiljezavanju-22Dana-vojarne-Mato-Lucic-Maturica2201393-768x512.jpg 768w, https:\/\/www.predsjednikfbih.gov.ba\/wp-content\/uploads\/2024\/05\/Predsjednica-Bradara-na-obiljezavanju-22Dana-vojarne-Mato-Lucic-Maturica2201393-1536x1024.jpg 1536w, https:\/\/www.predsjednikfbih.gov.ba\/wp-content\/uploads\/2024\/05\/Predsjednica-Bradara-na-obiljezavanju-22Dana-vojarne-Mato-Lucic-Maturica2201393.jpg 1920w\" sizes=\"(max-width: 1024px) 100vw, 1024px\" \/> <img decoding=\"async\" class=\"alignnone size-large wp-image-918\" src=\"https:\/\/www.predsjednikfbih.gov.ba\/wp-content\/uploads\/2024\/05\/Predsjednica-Bradara-na-obiljezavanju-22Dana-vojarne-Mato-Lucic-Maturica2201376-1024x683.jpg\" alt=\"\" width=\"1024\" height=\"683\" srcset=\"https:\/\/www.predsjednikfbih.gov.ba\/wp-content\/uploads\/2024\/05\/Predsjednica-Bradara-na-obiljezavanju-22Dana-vojarne-Mato-Lucic-Maturica2201376-1024x683.jpg 1024w, https:\/\/www.predsjednikfbih.gov.ba\/wp-content\/uploads\/2024\/05\/Predsjednica-Bradara-na-obiljezavanju-22Dana-vojarne-Mato-Lucic-Maturica2201376-300x200.jpg 300w, https:\/\/www.predsjednikfbih.gov.ba\/wp-content\/uploads\/2024\/05\/Predsjednica-Bradara-na-obiljezavanju-22Dana-vojarne-Mato-Lucic-Maturica2201376-768x512.jpg 768w, https:\/\/www.predsjednikfbih.gov.ba\/wp-content\/uploads\/2024\/05\/Predsjednica-Bradara-na-obiljezavanju-22Dana-vojarne-Mato-Lucic-Maturica2201376-1536x1024.jpg 1536w, https:\/\/www.predsjednikfbih.gov.ba\/wp-content\/uploads\/2024\/05\/Predsjednica-Bradara-na-obiljezavanju-22Dana-vojarne-Mato-Lucic-Maturica2201376.jpg 1920w\" sizes=\"(max-width: 1024px) 100vw, 1024px\" \/> <img decoding=\"async\" class=\"alignnone size-large wp-image-916\" src=\"https:\/\/www.predsjednikfbih.gov.ba\/wp-content\/uploads\/2024\/05\/Predsjednica-Bradara-na-obiljezavanju-22Dana-vojarne-Mato-Lucic-Maturica2201383-1024x683.jpg\" alt=\"\" width=\"1024\" height=\"683\" srcset=\"https:\/\/www.predsjednikfbih.gov.ba\/wp-content\/uploads\/2024\/05\/Predsjednica-Bradara-na-obiljezavanju-22Dana-vojarne-Mato-Lucic-Maturica2201383-1024x683.jpg 1024w, https:\/\/www.predsjednikfbih.gov.ba\/wp-content\/uploads\/2024\/05\/Predsjednica-Bradara-na-obiljezavanju-22Dana-vojarne-Mato-Lucic-Maturica2201383-300x200.jpg 300w, https:\/\/www.predsjednikfbih.gov.ba\/wp-content\/uploads\/2024\/05\/Predsjednica-Bradara-na-obiljezavanju-22Dana-vojarne-Mato-Lucic-Maturica2201383-768x512.jpg 768w, https:\/\/www.predsjednikfbih.gov.ba\/wp-content\/uploads\/2024\/05\/Predsjednica-Bradara-na-obiljezavanju-22Dana-vojarne-Mato-Lucic-Maturica2201383-1536x1024.jpg 1536w, https:\/\/www.predsjednikfbih.gov.ba\/wp-content\/uploads\/2024\/05\/Predsjednica-Bradara-na-obiljezavanju-22Dana-vojarne-Mato-Lucic-Maturica2201383.jpg 1920w\" sizes=\"(max-width: 1024px) 100vw, 1024px\" \/> <img decoding=\"async\" class=\"alignnone size-large wp-image-917\" src=\"https:\/\/www.predsjednikfbih.gov.ba\/wp-content\/uploads\/2024\/05\/Predsjednica-Bradara-na-obiljezavanju-22Dana-vojarne-Mato-Lucic-Maturica2201435-1024x645.jpg\" alt=\"\" width=\"1024\" height=\"645\" srcset=\"https:\/\/www.predsjednikfbih.gov.ba\/wp-content\/uploads\/2024\/05\/Predsjednica-Bradara-na-obiljezavanju-22Dana-vojarne-Mato-Lucic-Maturica2201435-1024x645.jpg 1024w, https:\/\/www.predsjednikfbih.gov.ba\/wp-content\/uploads\/2024\/05\/Predsjednica-Bradara-na-obiljezavanju-22Dana-vojarne-Mato-Lucic-Maturica2201435-300x189.jpg 300w, https:\/\/www.predsjednikfbih.gov.ba\/wp-content\/uploads\/2024\/05\/Predsjednica-Bradara-na-obiljezavanju-22Dana-vojarne-Mato-Lucic-Maturica2201435-768x484.jpg 768w, https:\/\/www.predsjednikfbih.gov.ba\/wp-content\/uploads\/2024\/05\/Predsjednica-Bradara-na-obiljezavanju-22Dana-vojarne-Mato-Lucic-Maturica2201435-1536x967.jpg 1536w, https:\/\/www.predsjednikfbih.gov.ba\/wp-content\/uploads\/2024\/05\/Predsjednica-Bradara-na-obiljezavanju-22Dana-vojarne-Mato-Lucic-Maturica2201435.jpg 1920w\" sizes=\"(max-width: 1024px) 100vw, 1024px\" \/> <img decoding=\"async\" class=\"alignnone size-large wp-image-912\" src=\"https:\/\/www.predsjednikfbih.gov.ba\/wp-content\/uploads\/2024\/05\/Predsjednica-Bradara-na-obiljezavanju-22Dana-vojarne-Mato-Lucic-Maturica2201423-1024x683.jpg\" alt=\"\" width=\"1024\" height=\"683\" srcset=\"https:\/\/www.predsjednikfbih.gov.ba\/wp-content\/uploads\/2024\/05\/Predsjednica-Bradara-na-obiljezavanju-22Dana-vojarne-Mato-Lucic-Maturica2201423-1024x683.jpg 1024w, https:\/\/www.predsjednikfbih.gov.ba\/wp-content\/uploads\/2024\/05\/Predsjednica-Bradara-na-obiljezavanju-22Dana-vojarne-Mato-Lucic-Maturica2201423-300x200.jpg 300w, https:\/\/www.predsjednikfbih.gov.ba\/wp-content\/uploads\/2024\/05\/Predsjednica-Bradara-na-obiljezavanju-22Dana-vojarne-Mato-Lucic-Maturica2201423-768x512.jpg 768w, https:\/\/www.predsjednikfbih.gov.ba\/wp-content\/uploads\/2024\/05\/Predsjednica-Bradara-na-obiljezavanju-22Dana-vojarne-Mato-Lucic-Maturica2201423-1536x1024.jpg 1536w, https:\/\/www.predsjednikfbih.gov.ba\/wp-content\/uploads\/2024\/05\/Predsjednica-Bradara-na-obiljezavanju-22Dana-vojarne-Mato-Lucic-Maturica2201423.jpg 1920w\" sizes=\"(max-width: 1024px) 100vw, 1024px\" \/><\/p>\n","protected":false},"excerpt":{"rendered":"<p>Predsjednica Federacije BiH, Lidija Bradara, sudjelovala je danas na obilje\u017eavanju \"Dana vojarne Mato Lu\u010di\u0107 Maturica\" [&hellip;]<\/p>\n","protected":false},"author":1,"featured_media":919,"comment_status":"open","ping_status":"open","sticky":false,"template":"","format":"standard","meta":{"inline_featured_image":false,"footnotes":""},"categories":[3,4,7],"tags":[],"class_list":["post-910","post","type-post","status-publish","format-standard","has-post-thumbnail","hentry","category-novosti","category-objave","category-priopcenja"],"acf":[],"_links":{"self":[{"href":"https:\/\/www.predsjednikfbih.gov.ba\/index.php\/wp-json\/wp\/v2\/posts\/910","targetHints":{"allow":["GET"]}}],"collection":[{"href":"https:\/\/www.predsjednikfbih.gov.ba\/index.php\/wp-json\/wp\/v2\/posts"}],"about":[{"href":"https:\/\/www.predsjednikfbih.gov.ba\/index.php\/wp-json\/wp\/v2\/types\/post"}],"author":[{"embeddable":true,"href":"https:\/\/www.predsjednikfbih.gov.ba\/index.php\/wp-json\/wp\/v2\/users\/1"}],"replies":[{"embeddable":true,"href":"https:\/\/www.predsjednikfbih.gov.ba\/index.php\/wp-json\/wp\/v2\/comments?post=910"}],"version-history":[{"count":1,"href":"https:\/\/www.predsjednikfbih.gov.ba\/index.php\/wp-json\/wp\/v2\/posts\/910\/revisions"}],"predecessor-version":[{"id":920,"href":"https:\/\/www.predsjednikfbih.gov.ba\/index.php\/wp-json\/wp\/v2\/posts\/910\/revisions\/920"}],"wp:featuredmedia":[{"embeddable":true,"href":"https:\/\/www.predsjednikfbih.gov.ba\/index.php\/wp-json\/wp\/v2\/media\/919"}],"wp:attachment":[{"href":"https:\/\/www.predsjednikfbih.gov.ba\/index.php\/wp-json\/wp\/v2\/media?parent=910"}],"wp:term":[{"taxonomy":"category","embeddable":true,"href":"https:\/\/www.predsjednikfbih.gov.ba\/index.php\/wp-json\/wp\/v2\/categories?post=910"},{"taxonomy":"post_tag","embeddable":true,"href":"https:\/\/www.predsjednikfbih.gov.ba\/index.php\/wp-json\/wp\/v2\/tags?post=910"}],"curies":[{"name":"wp","href":"https:\/\/api.w.org\/{rel}","templated":true}]}}