{"id":874,"date":"2024-05-08T13:07:26","date_gmt":"2024-05-08T13:07:26","guid":{"rendered":"https:\/\/www.predsjednikfbih.gov.ba\/?p=874"},"modified":"2024-05-08T13:07:43","modified_gmt":"2024-05-08T13:07:43","slug":"predsjednica-bradara-i-ministar-nedic-u-novom-travniku-veliki-infrastrukturni-projekti-unaprjeduju-buduci-grad","status":"publish","type":"post","link":"https:\/\/www.predsjednikfbih.gov.ba\/index.php\/2024\/05\/08\/predsjednica-bradara-i-ministar-nedic-u-novom-travniku-veliki-infrastrukturni-projekti-unaprjeduju-buduci-grad\/","title":{"rendered":"Predsjednica Bradara i ministar Nedi\u0107 u Novom Travniku: Veliki infrastrukturni projekti unaprje\u0111uju budu\u0107i grad"},"content":{"rendered":"<h4>Predsjednica Federacije BiH, Lidija Bradara, i ministar prostornog ure\u0111enja FBiH, \u017deljko Nedi\u0107, danas su posjetili Novi Travnik, gdje su u pratnji op\u0107inskog na\u010delnika Stjepana Duje obi\u0161li brojne infrastrukturne projekte koji se financiraju iz ovogodi\u0161njeg prora\u010duna od 24,3 milijuna KM, od kojih je skoro 15 milijuna namijenjeno investicijama.<\/h4>\n<p>Tijekom posjeta, izaslanstvo je razgledalo radove na temeljitoj rekonstrukciji gradskih ulica, obnovi gradske dvorane i bazena te izgradnji nove zgrade Srednje \u0161kole \"Novi Travnik\", za koju je iz prora\u010duna FBiH izdvojeno 2 milijuna KM. Osim toga, naglasak je stavljen i na obnovu kulturnih sadr\u017eaja i spomenika.<\/p>\n<p>\"Novi Travnik se brzo razvija zahvaljuju\u0107i viziji i radu mladog vodstva. Ovo je grad mladih, gospodarskog i dru\u0161tvenog \u017eivota u zamahu, koji se uspje\u0161no suo\u010dava s izazovima,\" istaknuo je ministar Nedi\u0107.<\/p>\n<p>Predsjednica Bradara dodala je kako je proces progla\u0161enja Novog Travnika gradom u tijeku, s o\u010dekivanjima da \u0107e biti dovr\u0161en tijekom 2024. godine. \"Podr\u0161ka Federacije BiH projektima u Novom Travniku je neupitna i nastavit \u0107e biti pru\u017eana,\" naglasila je predsjednica Bradara.<\/p>\n<p>Susret je zavr\u0161en pozitivnim tonovima, s jasnim pokazateljima da Novi Travnik stremi ka sveobuhvatnom napretku, osna\u017een podr\u0161kom s federalne razine.<\/p>\n<p>Posjeta Novom Travniku bila je prilika i za susret s fra Marinkom Didakom, \u017eupnikom \u017dupe Uznesenja Bla\u017eene djevice Marije u mjestu Dolac, pored Travnika. \u017dupnik Didak upoznao je predsjednicu Bradara i ministra Nedi\u0107a s projektom ure\u0111enja i obnove \u017eupne crkve \u010diji se zavr\u0161etak o\u010dekuje do kraja 2024. godine.<\/p>\n<p><img decoding=\"async\" class=\"alignnone size-large wp-image-876\" src=\"https:\/\/www.predsjednikfbih.gov.ba\/wp-content\/uploads\/2024\/05\/Predsjednica-Bradara-i-ministar-Nedic-u-Novom-Travniku0939-683x1024.jpg\" alt=\"\" width=\"683\" height=\"1024\" srcset=\"https:\/\/www.predsjednikfbih.gov.ba\/wp-content\/uploads\/2024\/05\/Predsjednica-Bradara-i-ministar-Nedic-u-Novom-Travniku0939-683x1024.jpg 683w, https:\/\/www.predsjednikfbih.gov.ba\/wp-content\/uploads\/2024\/05\/Predsjednica-Bradara-i-ministar-Nedic-u-Novom-Travniku0939-200x300.jpg 200w, https:\/\/www.predsjednikfbih.gov.ba\/wp-content\/uploads\/2024\/05\/Predsjednica-Bradara-i-ministar-Nedic-u-Novom-Travniku0939-768x1152.jpg 768w, https:\/\/www.predsjednikfbih.gov.ba\/wp-content\/uploads\/2024\/05\/Predsjednica-Bradara-i-ministar-Nedic-u-Novom-Travniku0939-1024x1536.jpg 1024w, https:\/\/www.predsjednikfbih.gov.ba\/wp-content\/uploads\/2024\/05\/Predsjednica-Bradara-i-ministar-Nedic-u-Novom-Travniku0939.jpg 1280w\" sizes=\"(max-width: 683px) 100vw, 683px\" \/> <img decoding=\"async\" class=\"alignnone size-large wp-image-875\" src=\"https:\/\/www.predsjednikfbih.gov.ba\/wp-content\/uploads\/2024\/05\/Predsjednica-Bradara-i-ministar-Nedic-u-Novom-Travniku1129-600x1024.jpg\" alt=\"\" width=\"600\" height=\"1024\" srcset=\"https:\/\/www.predsjednikfbih.gov.ba\/wp-content\/uploads\/2024\/05\/Predsjednica-Bradara-i-ministar-Nedic-u-Novom-Travniku1129-600x1024.jpg 600w, https:\/\/www.predsjednikfbih.gov.ba\/wp-content\/uploads\/2024\/05\/Predsjednica-Bradara-i-ministar-Nedic-u-Novom-Travniku1129-176x300.jpg 176w, https:\/\/www.predsjednikfbih.gov.ba\/wp-content\/uploads\/2024\/05\/Predsjednica-Bradara-i-ministar-Nedic-u-Novom-Travniku1129-768x1311.jpg 768w, https:\/\/www.predsjednikfbih.gov.ba\/wp-content\/uploads\/2024\/05\/Predsjednica-Bradara-i-ministar-Nedic-u-Novom-Travniku1129-900x1536.jpg 900w, https:\/\/www.predsjednikfbih.gov.ba\/wp-content\/uploads\/2024\/05\/Predsjednica-Bradara-i-ministar-Nedic-u-Novom-Travniku1129.jpg 1125w\" sizes=\"(max-width: 600px) 100vw, 600px\" \/> <img decoding=\"async\" class=\"alignnone size-large wp-image-881\" src=\"https:\/\/www.predsjednikfbih.gov.ba\/wp-content\/uploads\/2024\/05\/Predsjednica-Bradara-i-ministar-Nedic-u-Novom-Travniku1090-1024x683.jpg\" alt=\"\" width=\"1024\" height=\"683\" srcset=\"https:\/\/www.predsjednikfbih.gov.ba\/wp-content\/uploads\/2024\/05\/Predsjednica-Bradara-i-ministar-Nedic-u-Novom-Travniku1090-1024x683.jpg 1024w, https:\/\/www.predsjednikfbih.gov.ba\/wp-content\/uploads\/2024\/05\/Predsjednica-Bradara-i-ministar-Nedic-u-Novom-Travniku1090-300x200.jpg 300w, https:\/\/www.predsjednikfbih.gov.ba\/wp-content\/uploads\/2024\/05\/Predsjednica-Bradara-i-ministar-Nedic-u-Novom-Travniku1090-768x512.jpg 768w, https:\/\/www.predsjednikfbih.gov.ba\/wp-content\/uploads\/2024\/05\/Predsjednica-Bradara-i-ministar-Nedic-u-Novom-Travniku1090-1536x1024.jpg 1536w, https:\/\/www.predsjednikfbih.gov.ba\/wp-content\/uploads\/2024\/05\/Predsjednica-Bradara-i-ministar-Nedic-u-Novom-Travniku1090.jpg 1920w\" sizes=\"(max-width: 1024px) 100vw, 1024px\" \/> <img decoding=\"async\" class=\"alignnone size-large wp-image-882\" src=\"https:\/\/www.predsjednikfbih.gov.ba\/wp-content\/uploads\/2024\/05\/Predsjednica-Bradara-i-ministar-Nedic-u-Novom-Travniku0972-1024x665.jpg\" alt=\"\" width=\"1024\" height=\"665\" srcset=\"https:\/\/www.predsjednikfbih.gov.ba\/wp-content\/uploads\/2024\/05\/Predsjednica-Bradara-i-ministar-Nedic-u-Novom-Travniku0972-1024x665.jpg 1024w, https:\/\/www.predsjednikfbih.gov.ba\/wp-content\/uploads\/2024\/05\/Predsjednica-Bradara-i-ministar-Nedic-u-Novom-Travniku0972-300x195.jpg 300w, https:\/\/www.predsjednikfbih.gov.ba\/wp-content\/uploads\/2024\/05\/Predsjednica-Bradara-i-ministar-Nedic-u-Novom-Travniku0972-768x499.jpg 768w, https:\/\/www.predsjednikfbih.gov.ba\/wp-content\/uploads\/2024\/05\/Predsjednica-Bradara-i-ministar-Nedic-u-Novom-Travniku0972-1536x998.jpg 1536w, https:\/\/www.predsjednikfbih.gov.ba\/wp-content\/uploads\/2024\/05\/Predsjednica-Bradara-i-ministar-Nedic-u-Novom-Travniku0972.jpg 1920w\" sizes=\"(max-width: 1024px) 100vw, 1024px\" \/> <img decoding=\"async\" class=\"alignnone size-large wp-image-880\" src=\"https:\/\/www.predsjednikfbih.gov.ba\/wp-content\/uploads\/2024\/05\/Predsjednica-Bradara-i-ministar-Nedic-u-Novom-Travniku1105-1024x683.jpg\" alt=\"\" width=\"1024\" height=\"683\" srcset=\"https:\/\/www.predsjednikfbih.gov.ba\/wp-content\/uploads\/2024\/05\/Predsjednica-Bradara-i-ministar-Nedic-u-Novom-Travniku1105-1024x683.jpg 1024w, https:\/\/www.predsjednikfbih.gov.ba\/wp-content\/uploads\/2024\/05\/Predsjednica-Bradara-i-ministar-Nedic-u-Novom-Travniku1105-300x200.jpg 300w, https:\/\/www.predsjednikfbih.gov.ba\/wp-content\/uploads\/2024\/05\/Predsjednica-Bradara-i-ministar-Nedic-u-Novom-Travniku1105-768x512.jpg 768w, https:\/\/www.predsjednikfbih.gov.ba\/wp-content\/uploads\/2024\/05\/Predsjednica-Bradara-i-ministar-Nedic-u-Novom-Travniku1105-1536x1024.jpg 1536w, https:\/\/www.predsjednikfbih.gov.ba\/wp-content\/uploads\/2024\/05\/Predsjednica-Bradara-i-ministar-Nedic-u-Novom-Travniku1105.jpg 1920w\" sizes=\"(max-width: 1024px) 100vw, 1024px\" \/> <img decoding=\"async\" class=\"alignnone size-large wp-image-884\" src=\"https:\/\/www.predsjednikfbih.gov.ba\/wp-content\/uploads\/2024\/05\/Predsjednica-Bradara-i-ministar-Nedic-u-Novom-Travniku1063-1024x683.jpg\" alt=\"\" width=\"1024\" height=\"683\" srcset=\"https:\/\/www.predsjednikfbih.gov.ba\/wp-content\/uploads\/2024\/05\/Predsjednica-Bradara-i-ministar-Nedic-u-Novom-Travniku1063-1024x683.jpg 1024w, https:\/\/www.predsjednikfbih.gov.ba\/wp-content\/uploads\/2024\/05\/Predsjednica-Bradara-i-ministar-Nedic-u-Novom-Travniku1063-300x200.jpg 300w, https:\/\/www.predsjednikfbih.gov.ba\/wp-content\/uploads\/2024\/05\/Predsjednica-Bradara-i-ministar-Nedic-u-Novom-Travniku1063-768x512.jpg 768w, https:\/\/www.predsjednikfbih.gov.ba\/wp-content\/uploads\/2024\/05\/Predsjednica-Bradara-i-ministar-Nedic-u-Novom-Travniku1063-1536x1024.jpg 1536w, https:\/\/www.predsjednikfbih.gov.ba\/wp-content\/uploads\/2024\/05\/Predsjednica-Bradara-i-ministar-Nedic-u-Novom-Travniku1063.jpg 1920w\" sizes=\"(max-width: 1024px) 100vw, 1024px\" \/> <img decoding=\"async\" class=\"alignnone size-large wp-image-878\" src=\"https:\/\/www.predsjednikfbih.gov.ba\/wp-content\/uploads\/2024\/05\/Predsjednica-Bradara-i-ministar-Nedic-u-Novom-Travniku1162-1024x683.jpg\" alt=\"\" width=\"1024\" height=\"683\" srcset=\"https:\/\/www.predsjednikfbih.gov.ba\/wp-content\/uploads\/2024\/05\/Predsjednica-Bradara-i-ministar-Nedic-u-Novom-Travniku1162-1024x683.jpg 1024w, https:\/\/www.predsjednikfbih.gov.ba\/wp-content\/uploads\/2024\/05\/Predsjednica-Bradara-i-ministar-Nedic-u-Novom-Travniku1162-300x200.jpg 300w, https:\/\/www.predsjednikfbih.gov.ba\/wp-content\/uploads\/2024\/05\/Predsjednica-Bradara-i-ministar-Nedic-u-Novom-Travniku1162-768x512.jpg 768w, https:\/\/www.predsjednikfbih.gov.ba\/wp-content\/uploads\/2024\/05\/Predsjednica-Bradara-i-ministar-Nedic-u-Novom-Travniku1162-1536x1024.jpg 1536w, https:\/\/www.predsjednikfbih.gov.ba\/wp-content\/uploads\/2024\/05\/Predsjednica-Bradara-i-ministar-Nedic-u-Novom-Travniku1162.jpg 1920w\" sizes=\"(max-width: 1024px) 100vw, 1024px\" \/> <img decoding=\"async\" class=\"alignnone size-large wp-image-883\" src=\"https:\/\/www.predsjednikfbih.gov.ba\/wp-content\/uploads\/2024\/05\/Predsjednica-Bradara-i-ministar-Nedic-u-Novom-Travniku1049-1024x683.jpg\" alt=\"\" width=\"1024\" height=\"683\" srcset=\"https:\/\/www.predsjednikfbih.gov.ba\/wp-content\/uploads\/2024\/05\/Predsjednica-Bradara-i-ministar-Nedic-u-Novom-Travniku1049-1024x683.jpg 1024w, https:\/\/www.predsjednikfbih.gov.ba\/wp-content\/uploads\/2024\/05\/Predsjednica-Bradara-i-ministar-Nedic-u-Novom-Travniku1049-300x200.jpg 300w, https:\/\/www.predsjednikfbih.gov.ba\/wp-content\/uploads\/2024\/05\/Predsjednica-Bradara-i-ministar-Nedic-u-Novom-Travniku1049-768x512.jpg 768w, https:\/\/www.predsjednikfbih.gov.ba\/wp-content\/uploads\/2024\/05\/Predsjednica-Bradara-i-ministar-Nedic-u-Novom-Travniku1049-1536x1024.jpg 1536w, https:\/\/www.predsjednikfbih.gov.ba\/wp-content\/uploads\/2024\/05\/Predsjednica-Bradara-i-ministar-Nedic-u-Novom-Travniku1049.jpg 1920w\" sizes=\"(max-width: 1024px) 100vw, 1024px\" \/> <img decoding=\"async\" class=\"alignnone size-large wp-image-885\" src=\"https:\/\/www.predsjednikfbih.gov.ba\/wp-content\/uploads\/2024\/05\/Predsjednica-Bradara-i-ministar-Nedic-u-Novom-Travniku0997-1024x583.jpg\" alt=\"\" width=\"1024\" height=\"583\" srcset=\"https:\/\/www.predsjednikfbih.gov.ba\/wp-content\/uploads\/2024\/05\/Predsjednica-Bradara-i-ministar-Nedic-u-Novom-Travniku0997-1024x583.jpg 1024w, https:\/\/www.predsjednikfbih.gov.ba\/wp-content\/uploads\/2024\/05\/Predsjednica-Bradara-i-ministar-Nedic-u-Novom-Travniku0997-300x171.jpg 300w, https:\/\/www.predsjednikfbih.gov.ba\/wp-content\/uploads\/2024\/05\/Predsjednica-Bradara-i-ministar-Nedic-u-Novom-Travniku0997-768x437.jpg 768w, https:\/\/www.predsjednikfbih.gov.ba\/wp-content\/uploads\/2024\/05\/Predsjednica-Bradara-i-ministar-Nedic-u-Novom-Travniku0997-1536x874.jpg 1536w, https:\/\/www.predsjednikfbih.gov.ba\/wp-content\/uploads\/2024\/05\/Predsjednica-Bradara-i-ministar-Nedic-u-Novom-Travniku0997.jpg 1920w\" sizes=\"(max-width: 1024px) 100vw, 1024px\" \/> <img decoding=\"async\" class=\"alignnone size-large wp-image-877\" src=\"https:\/\/www.predsjednikfbih.gov.ba\/wp-content\/uploads\/2024\/05\/Predsjednica-Bradara-i-ministar-Nedic-u-Novom-Travniku0999-768x1024.jpg\" alt=\"\" width=\"768\" height=\"1024\" srcset=\"https:\/\/www.predsjednikfbih.gov.ba\/wp-content\/uploads\/2024\/05\/Predsjednica-Bradara-i-ministar-Nedic-u-Novom-Travniku0999-768x1024.jpg 768w, https:\/\/www.predsjednikfbih.gov.ba\/wp-content\/uploads\/2024\/05\/Predsjednica-Bradara-i-ministar-Nedic-u-Novom-Travniku0999-225x300.jpg 225w, https:\/\/www.predsjednikfbih.gov.ba\/wp-content\/uploads\/2024\/05\/Predsjednica-Bradara-i-ministar-Nedic-u-Novom-Travniku0999-1152x1536.jpg 1152w, https:\/\/www.predsjednikfbih.gov.ba\/wp-content\/uploads\/2024\/05\/Predsjednica-Bradara-i-ministar-Nedic-u-Novom-Travniku0999.jpg 1440w\" sizes=\"(max-width: 768px) 100vw, 768px\" \/> <img decoding=\"async\" class=\"alignnone size-large wp-image-879\" src=\"https:\/\/www.predsjednikfbih.gov.ba\/wp-content\/uploads\/2024\/05\/Predsjednica-Bradara-i-ministar-Nedic-u-Novom-Travniku0898-1024x683.jpg\" alt=\"\" width=\"1024\" height=\"683\" srcset=\"https:\/\/www.predsjednikfbih.gov.ba\/wp-content\/uploads\/2024\/05\/Predsjednica-Bradara-i-ministar-Nedic-u-Novom-Travniku0898-1024x683.jpg 1024w, https:\/\/www.predsjednikfbih.gov.ba\/wp-content\/uploads\/2024\/05\/Predsjednica-Bradara-i-ministar-Nedic-u-Novom-Travniku0898-300x200.jpg 300w, https:\/\/www.predsjednikfbih.gov.ba\/wp-content\/uploads\/2024\/05\/Predsjednica-Bradara-i-ministar-Nedic-u-Novom-Travniku0898-768x512.jpg 768w, https:\/\/www.predsjednikfbih.gov.ba\/wp-content\/uploads\/2024\/05\/Predsjednica-Bradara-i-ministar-Nedic-u-Novom-Travniku0898-1536x1024.jpg 1536w, https:\/\/www.predsjednikfbih.gov.ba\/wp-content\/uploads\/2024\/05\/Predsjednica-Bradara-i-ministar-Nedic-u-Novom-Travniku0898.jpg 1920w\" sizes=\"(max-width: 1024px) 100vw, 1024px\" \/><\/p>\n","protected":false},"excerpt":{"rendered":"<p>Predsjednica Federacije BiH, Lidija Bradara, i ministar prostornog ure\u0111enja FBiH, \u017deljko Nedi\u0107, danas su posjetili [&hellip;]<\/p>\n","protected":false},"author":1,"featured_media":885,"comment_status":"open","ping_status":"open","sticky":false,"template":"","format":"standard","meta":{"inline_featured_image":false,"footnotes":""},"categories":[3,4,7],"tags":[],"class_list":["post-874","post","type-post","status-publish","format-standard","has-post-thumbnail","hentry","category-novosti","category-objave","category-priopcenja"],"acf":[],"_links":{"self":[{"href":"https:\/\/www.predsjednikfbih.gov.ba\/index.php\/wp-json\/wp\/v2\/posts\/874","targetHints":{"allow":["GET"]}}],"collection":[{"href":"https:\/\/www.predsjednikfbih.gov.ba\/index.php\/wp-json\/wp\/v2\/posts"}],"about":[{"href":"https:\/\/www.predsjednikfbih.gov.ba\/index.php\/wp-json\/wp\/v2\/types\/post"}],"author":[{"embeddable":true,"href":"https:\/\/www.predsjednikfbih.gov.ba\/index.php\/wp-json\/wp\/v2\/users\/1"}],"replies":[{"embeddable":true,"href":"https:\/\/www.predsjednikfbih.gov.ba\/index.php\/wp-json\/wp\/v2\/comments?post=874"}],"version-history":[{"count":1,"href":"https:\/\/www.predsjednikfbih.gov.ba\/index.php\/wp-json\/wp\/v2\/posts\/874\/revisions"}],"predecessor-version":[{"id":886,"href":"https:\/\/www.predsjednikfbih.gov.ba\/index.php\/wp-json\/wp\/v2\/posts\/874\/revisions\/886"}],"wp:featuredmedia":[{"embeddable":true,"href":"https:\/\/www.predsjednikfbih.gov.ba\/index.php\/wp-json\/wp\/v2\/media\/885"}],"wp:attachment":[{"href":"https:\/\/www.predsjednikfbih.gov.ba\/index.php\/wp-json\/wp\/v2\/media?parent=874"}],"wp:term":[{"taxonomy":"category","embeddable":true,"href":"https:\/\/www.predsjednikfbih.gov.ba\/index.php\/wp-json\/wp\/v2\/categories?post=874"},{"taxonomy":"post_tag","embeddable":true,"href":"https:\/\/www.predsjednikfbih.gov.ba\/index.php\/wp-json\/wp\/v2\/tags?post=874"}],"curies":[{"name":"wp","href":"https:\/\/api.w.org\/{rel}","templated":true}]}}