{"id":864,"date":"2024-05-08T09:20:31","date_gmt":"2024-05-08T09:20:31","guid":{"rendered":"https:\/\/www.predsjednikfbih.gov.ba\/?p=864"},"modified":"2024-05-08T09:33:00","modified_gmt":"2024-05-08T09:33:00","slug":"nova-bila-predsjednica-bradara-i-ministar-nedic-posjetili-bolnicu","status":"publish","type":"post","link":"https:\/\/www.predsjednikfbih.gov.ba\/index.php\/2024\/05\/08\/nova-bila-predsjednica-bradara-i-ministar-nedic-posjetili-bolnicu\/","title":{"rendered":"Nova Bila: Predsjednica Bradara i ministar Nedi\u0107 posjetili bolnicu"},"content":{"rendered":"<h4 style=\"font-weight: 400;\">Predsjednica Federacije Bosne i Hercegovine, Lidija Bradara, zajedno s ministrom prostornog ure\u0111enja FBiH, \u017deljkom Nedi\u0107em, posjetila je danas Hrvatsku bolnicu dr. fra Mato Nikoli\u0107 u Novoj Biloj. Tijekom posjeta i obilaska bolnice odr\u017ean je sastanak s ravnateljem bolnice, dr. Mladenom \u0106uturi\u0107em, razmatraju\u0107i daljnje planove za razvoj i unaprje\u0111enje bolni\u010dkih kapaciteta.<\/h4>\n<p style=\"font-weight: 400;\">Pod mladim i ambicioznim vodstvom dr. \u0106uturi\u0107a, bolnica je dosegnula rekordan broj od 60 zaposlenih lije\u010dnika od svog osnutka, od \u010dega je 20 na specijalizaciji. U tijeku su radovi na izgradnji nove suvremene operacijske dvorane, s ulaganjem blizu milijun konvertibilnih maraka (KM). Dodatno, zna\u010dajna sredstva ulo\u017eena su i u nabavku nove opreme, pobolj\u0161anje energetske u\u010dinkovitosti i opse\u017ene renovacije.<\/p>\n<p style=\"font-weight: 400;\">Hrvatska bolnica dr. fra Mato Nikoli\u0107, dar Republike Hrvatske i njezinog tada\u0161njeg predsjednika dr. Franje Tu\u0111mana, i dalje \u0107e imati sna\u017enu podr\u0161ku na federalnoj razini. Dana\u0161nja posjeta bila je idealna prilika za pregled dosada\u0161njih ulaganja i realizacije projekata financiranih sredstvima Federalnog ministarstva prostornog ure\u0111enja na \u010dijem je \u010delu ministar Nedi\u0107. Uzimaju\u0107i u obzir i ostale radove koji su u protekle \u010detiri godine financirani s razine Federacije BiH, ulo\u017eeno je vi\u0161e od 5 milijuna KM.<\/p>\n<p style=\"font-weight: 400;\">Nakon zavr\u0161etka izgradnje 6. lamele bolnice 2019. godine, predvi\u0111a se po\u010detak izgradnje 7. i 8. lamele krajem 2024. ili po\u010detkom 2025. godine. Predsjednica Federacije BiH, Lidija Bradara, osobno je uklju\u010dena u Odbor za izgradnju ovih lamela, \u0161to dodatno nagla\u0161ava va\u017enost projekta. Ovaj posjet i planovi pokazuju trajnu posve\u0107enost razvoju zdravstvenih usluga i infrastrukture, \u010dime se osigurava bolja budu\u0107nost za stanovnike Sredi\u0161nje Bosne.<\/p>\n<p><img decoding=\"async\" class=\"alignnone size-large wp-image-865\" src=\"https:\/\/www.predsjednikfbih.gov.ba\/wp-content\/uploads\/2024\/05\/Bradara-i-Nedic-u-posjeti-Hrvatskoj-bolnici-dr-fra-Mato-Nikolic-Nova-Bila2-1024x654.jpg\" alt=\"\" width=\"1024\" height=\"654\" srcset=\"https:\/\/www.predsjednikfbih.gov.ba\/wp-content\/uploads\/2024\/05\/Bradara-i-Nedic-u-posjeti-Hrvatskoj-bolnici-dr-fra-Mato-Nikolic-Nova-Bila2-1024x654.jpg 1024w, https:\/\/www.predsjednikfbih.gov.ba\/wp-content\/uploads\/2024\/05\/Bradara-i-Nedic-u-posjeti-Hrvatskoj-bolnici-dr-fra-Mato-Nikolic-Nova-Bila2-300x192.jpg 300w, https:\/\/www.predsjednikfbih.gov.ba\/wp-content\/uploads\/2024\/05\/Bradara-i-Nedic-u-posjeti-Hrvatskoj-bolnici-dr-fra-Mato-Nikolic-Nova-Bila2-768x491.jpg 768w, https:\/\/www.predsjednikfbih.gov.ba\/wp-content\/uploads\/2024\/05\/Bradara-i-Nedic-u-posjeti-Hrvatskoj-bolnici-dr-fra-Mato-Nikolic-Nova-Bila2-1536x982.jpg 1536w, https:\/\/www.predsjednikfbih.gov.ba\/wp-content\/uploads\/2024\/05\/Bradara-i-Nedic-u-posjeti-Hrvatskoj-bolnici-dr-fra-Mato-Nikolic-Nova-Bila2.jpg 1920w\" sizes=\"(max-width: 1024px) 100vw, 1024px\" \/> <img decoding=\"async\" class=\"alignnone size-large wp-image-866\" src=\"https:\/\/www.predsjednikfbih.gov.ba\/wp-content\/uploads\/2024\/05\/Bradara-i-Nedic-u-posjeti-Hrvatskoj-bolnici-dr-fra-Mato-Nikolic-Nova-Bila1-1024x683.jpg\" alt=\"\" width=\"1024\" height=\"683\" srcset=\"https:\/\/www.predsjednikfbih.gov.ba\/wp-content\/uploads\/2024\/05\/Bradara-i-Nedic-u-posjeti-Hrvatskoj-bolnici-dr-fra-Mato-Nikolic-Nova-Bila1-1024x683.jpg 1024w, https:\/\/www.predsjednikfbih.gov.ba\/wp-content\/uploads\/2024\/05\/Bradara-i-Nedic-u-posjeti-Hrvatskoj-bolnici-dr-fra-Mato-Nikolic-Nova-Bila1-300x200.jpg 300w, https:\/\/www.predsjednikfbih.gov.ba\/wp-content\/uploads\/2024\/05\/Bradara-i-Nedic-u-posjeti-Hrvatskoj-bolnici-dr-fra-Mato-Nikolic-Nova-Bila1-768x512.jpg 768w, https:\/\/www.predsjednikfbih.gov.ba\/wp-content\/uploads\/2024\/05\/Bradara-i-Nedic-u-posjeti-Hrvatskoj-bolnici-dr-fra-Mato-Nikolic-Nova-Bila1-1536x1024.jpg 1536w, https:\/\/www.predsjednikfbih.gov.ba\/wp-content\/uploads\/2024\/05\/Bradara-i-Nedic-u-posjeti-Hrvatskoj-bolnici-dr-fra-Mato-Nikolic-Nova-Bila1.jpg 1920w\" sizes=\"(max-width: 1024px) 100vw, 1024px\" \/> <img decoding=\"async\" class=\"alignnone size-large wp-image-867\" src=\"https:\/\/www.predsjednikfbih.gov.ba\/wp-content\/uploads\/2024\/05\/Bradara-i-Nedic-u-posjeti-Hrvatskoj-bolnici-dr-fra-Mato-Nikolic-Nova-Bila-1024x683.jpg\" alt=\"\" width=\"1024\" height=\"683\" srcset=\"https:\/\/www.predsjednikfbih.gov.ba\/wp-content\/uploads\/2024\/05\/Bradara-i-Nedic-u-posjeti-Hrvatskoj-bolnici-dr-fra-Mato-Nikolic-Nova-Bila-1024x683.jpg 1024w, https:\/\/www.predsjednikfbih.gov.ba\/wp-content\/uploads\/2024\/05\/Bradara-i-Nedic-u-posjeti-Hrvatskoj-bolnici-dr-fra-Mato-Nikolic-Nova-Bila-300x200.jpg 300w, https:\/\/www.predsjednikfbih.gov.ba\/wp-content\/uploads\/2024\/05\/Bradara-i-Nedic-u-posjeti-Hrvatskoj-bolnici-dr-fra-Mato-Nikolic-Nova-Bila-768x512.jpg 768w, https:\/\/www.predsjednikfbih.gov.ba\/wp-content\/uploads\/2024\/05\/Bradara-i-Nedic-u-posjeti-Hrvatskoj-bolnici-dr-fra-Mato-Nikolic-Nova-Bila-1536x1024.jpg 1536w, https:\/\/www.predsjednikfbih.gov.ba\/wp-content\/uploads\/2024\/05\/Bradara-i-Nedic-u-posjeti-Hrvatskoj-bolnici-dr-fra-Mato-Nikolic-Nova-Bila.jpg 1920w\" sizes=\"(max-width: 1024px) 100vw, 1024px\" \/><\/p>\n","protected":false},"excerpt":{"rendered":"<p>Predsjednica Federacije Bosne i Hercegovine, Lidija Bradara, zajedno s ministrom prostornog ure\u0111enja FBiH, \u017deljkom Nedi\u0107em, [&hellip;]<\/p>\n","protected":false},"author":1,"featured_media":867,"comment_status":"open","ping_status":"open","sticky":false,"template":"","format":"standard","meta":{"inline_featured_image":false,"footnotes":""},"categories":[3,4,7],"tags":[],"class_list":["post-864","post","type-post","status-publish","format-standard","has-post-thumbnail","hentry","category-novosti","category-objave","category-priopcenja"],"acf":[],"_links":{"self":[{"href":"https:\/\/www.predsjednikfbih.gov.ba\/index.php\/wp-json\/wp\/v2\/posts\/864","targetHints":{"allow":["GET"]}}],"collection":[{"href":"https:\/\/www.predsjednikfbih.gov.ba\/index.php\/wp-json\/wp\/v2\/posts"}],"about":[{"href":"https:\/\/www.predsjednikfbih.gov.ba\/index.php\/wp-json\/wp\/v2\/types\/post"}],"author":[{"embeddable":true,"href":"https:\/\/www.predsjednikfbih.gov.ba\/index.php\/wp-json\/wp\/v2\/users\/1"}],"replies":[{"embeddable":true,"href":"https:\/\/www.predsjednikfbih.gov.ba\/index.php\/wp-json\/wp\/v2\/comments?post=864"}],"version-history":[{"count":6,"href":"https:\/\/www.predsjednikfbih.gov.ba\/index.php\/wp-json\/wp\/v2\/posts\/864\/revisions"}],"predecessor-version":[{"id":873,"href":"https:\/\/www.predsjednikfbih.gov.ba\/index.php\/wp-json\/wp\/v2\/posts\/864\/revisions\/873"}],"wp:featuredmedia":[{"embeddable":true,"href":"https:\/\/www.predsjednikfbih.gov.ba\/index.php\/wp-json\/wp\/v2\/media\/867"}],"wp:attachment":[{"href":"https:\/\/www.predsjednikfbih.gov.ba\/index.php\/wp-json\/wp\/v2\/media?parent=864"}],"wp:term":[{"taxonomy":"category","embeddable":true,"href":"https:\/\/www.predsjednikfbih.gov.ba\/index.php\/wp-json\/wp\/v2\/categories?post=864"},{"taxonomy":"post_tag","embeddable":true,"href":"https:\/\/www.predsjednikfbih.gov.ba\/index.php\/wp-json\/wp\/v2\/tags?post=864"}],"curies":[{"name":"wp","href":"https:\/\/api.w.org\/{rel}","templated":true}]}}