{"id":856,"date":"2024-05-07T13:23:25","date_gmt":"2024-05-07T13:23:25","guid":{"rendered":"https:\/\/www.predsjednikfbih.gov.ba\/?p=856"},"modified":"2024-05-07T13:23:25","modified_gmt":"2024-05-07T13:23:25","slug":"uprava-ep-hz-hb-d-d-u-posjeti-sredisnjoj-bosni","status":"publish","type":"post","link":"https:\/\/www.predsjednikfbih.gov.ba\/index.php\/2024\/05\/07\/uprava-ep-hz-hb-d-d-u-posjeti-sredisnjoj-bosni\/","title":{"rendered":"Uprava EP HZ HB d.d. u posjeti Sredi\u0161njoj Bosni"},"content":{"rendered":"<h4>Predsjednica Federacije Bosne i Hercegovine, Lidija Bradara, zajedno s novom upravom JP Elektroprivreda HZ HB d.d. Mostar pod vodstvom generalnog direktora Drage Bage, odr\u017eala je danas u Kre\u0161evu sastanak s na\u010delnicima iz regije Sredi\u0161nja Bosna.<\/h4>\n<p>Raspravljalo se o strategijama i koracima za unaprje\u0111enje elektro-energetske infrastrukture u regiji, uklju\u010duju\u0107i investicije u mre\u017eu i ljudske resurse, obnovu poslovnica, te ulaganje u obnovljive izvore energije. Posjet poslovnim zonama Lepenica u Kiseljaku i Resnik u Kre\u0161evu naglasio je potrebu za zna\u010dajnim ulaganjima Elektroprivrede HZ HB d.d. Mostar uslijed gospodarskog rasta.<\/p>\n<p>Inicijativa i susreti poput ovoga su od izuzetne va\u017enosti za pru\u017eanje kvalitetnije usluge svim korisnicima Elektroprivrede HZ HB d.d. Mostar, s posebnim fokusom na potrebe gospodarstva Sredi\u0161nje Bosne. Sastanak je zaklju\u010den s jasnim indikacijama da \u0107e ove konstruktivne posjete postati redovna praksa, ja\u010daju\u0107i suradnju i razvoj na svim razinama.<\/p>\n<p><img decoding=\"async\" class=\"alignnone size-large wp-image-857\" src=\"https:\/\/www.predsjednikfbih.gov.ba\/wp-content\/uploads\/2024\/05\/Uprava-EP-HZ-HB-dd-u-posjeti-Sredisnjoj-Bosni-1024x768.jpg\" alt=\"\" width=\"1024\" height=\"768\" srcset=\"https:\/\/www.predsjednikfbih.gov.ba\/wp-content\/uploads\/2024\/05\/Uprava-EP-HZ-HB-dd-u-posjeti-Sredisnjoj-Bosni-1024x768.jpg 1024w, https:\/\/www.predsjednikfbih.gov.ba\/wp-content\/uploads\/2024\/05\/Uprava-EP-HZ-HB-dd-u-posjeti-Sredisnjoj-Bosni-300x225.jpg 300w, https:\/\/www.predsjednikfbih.gov.ba\/wp-content\/uploads\/2024\/05\/Uprava-EP-HZ-HB-dd-u-posjeti-Sredisnjoj-Bosni-768x576.jpg 768w, https:\/\/www.predsjednikfbih.gov.ba\/wp-content\/uploads\/2024\/05\/Uprava-EP-HZ-HB-dd-u-posjeti-Sredisnjoj-Bosni-1536x1152.jpg 1536w, https:\/\/www.predsjednikfbih.gov.ba\/wp-content\/uploads\/2024\/05\/Uprava-EP-HZ-HB-dd-u-posjeti-Sredisnjoj-Bosni.jpg 1920w\" sizes=\"(max-width: 1024px) 100vw, 1024px\" \/> <img decoding=\"async\" class=\"alignnone size-large wp-image-859\" src=\"https:\/\/www.predsjednikfbih.gov.ba\/wp-content\/uploads\/2024\/05\/Uprava-EP-HZ-HB-dd-u-posjeti-Sredisnjoj-Bosni4-1024x683.jpg\" alt=\"\" width=\"1024\" height=\"683\" srcset=\"https:\/\/www.predsjednikfbih.gov.ba\/wp-content\/uploads\/2024\/05\/Uprava-EP-HZ-HB-dd-u-posjeti-Sredisnjoj-Bosni4-1024x683.jpg 1024w, https:\/\/www.predsjednikfbih.gov.ba\/wp-content\/uploads\/2024\/05\/Uprava-EP-HZ-HB-dd-u-posjeti-Sredisnjoj-Bosni4-300x200.jpg 300w, https:\/\/www.predsjednikfbih.gov.ba\/wp-content\/uploads\/2024\/05\/Uprava-EP-HZ-HB-dd-u-posjeti-Sredisnjoj-Bosni4-768x512.jpg 768w, https:\/\/www.predsjednikfbih.gov.ba\/wp-content\/uploads\/2024\/05\/Uprava-EP-HZ-HB-dd-u-posjeti-Sredisnjoj-Bosni4-1536x1024.jpg 1536w, https:\/\/www.predsjednikfbih.gov.ba\/wp-content\/uploads\/2024\/05\/Uprava-EP-HZ-HB-dd-u-posjeti-Sredisnjoj-Bosni4.jpg 1920w\" sizes=\"(max-width: 1024px) 100vw, 1024px\" \/> <img decoding=\"async\" class=\"alignnone size-large wp-image-860\" src=\"https:\/\/www.predsjednikfbih.gov.ba\/wp-content\/uploads\/2024\/05\/Uprava-EP-HZ-HB-dd-u-posjeti-Sredisnjoj-Bosni2-1024x665.jpg\" alt=\"\" width=\"1024\" height=\"665\" srcset=\"https:\/\/www.predsjednikfbih.gov.ba\/wp-content\/uploads\/2024\/05\/Uprava-EP-HZ-HB-dd-u-posjeti-Sredisnjoj-Bosni2-1024x665.jpg 1024w, https:\/\/www.predsjednikfbih.gov.ba\/wp-content\/uploads\/2024\/05\/Uprava-EP-HZ-HB-dd-u-posjeti-Sredisnjoj-Bosni2-300x195.jpg 300w, https:\/\/www.predsjednikfbih.gov.ba\/wp-content\/uploads\/2024\/05\/Uprava-EP-HZ-HB-dd-u-posjeti-Sredisnjoj-Bosni2-768x499.jpg 768w, https:\/\/www.predsjednikfbih.gov.ba\/wp-content\/uploads\/2024\/05\/Uprava-EP-HZ-HB-dd-u-posjeti-Sredisnjoj-Bosni2-1536x998.jpg 1536w, https:\/\/www.predsjednikfbih.gov.ba\/wp-content\/uploads\/2024\/05\/Uprava-EP-HZ-HB-dd-u-posjeti-Sredisnjoj-Bosni2.jpg 1920w\" sizes=\"(max-width: 1024px) 100vw, 1024px\" \/> <img decoding=\"async\" class=\"alignnone size-large wp-image-861\" src=\"https:\/\/www.predsjednikfbih.gov.ba\/wp-content\/uploads\/2024\/05\/Uprava-EP-HZ-HB-dd-u-posjeti-Sredisnjoj-Bosni5-1024x683.jpg\" alt=\"\" width=\"1024\" height=\"683\" srcset=\"https:\/\/www.predsjednikfbih.gov.ba\/wp-content\/uploads\/2024\/05\/Uprava-EP-HZ-HB-dd-u-posjeti-Sredisnjoj-Bosni5-1024x683.jpg 1024w, https:\/\/www.predsjednikfbih.gov.ba\/wp-content\/uploads\/2024\/05\/Uprava-EP-HZ-HB-dd-u-posjeti-Sredisnjoj-Bosni5-300x200.jpg 300w, https:\/\/www.predsjednikfbih.gov.ba\/wp-content\/uploads\/2024\/05\/Uprava-EP-HZ-HB-dd-u-posjeti-Sredisnjoj-Bosni5-768x512.jpg 768w, https:\/\/www.predsjednikfbih.gov.ba\/wp-content\/uploads\/2024\/05\/Uprava-EP-HZ-HB-dd-u-posjeti-Sredisnjoj-Bosni5-1536x1024.jpg 1536w, https:\/\/www.predsjednikfbih.gov.ba\/wp-content\/uploads\/2024\/05\/Uprava-EP-HZ-HB-dd-u-posjeti-Sredisnjoj-Bosni5.jpg 1920w\" sizes=\"(max-width: 1024px) 100vw, 1024px\" \/> <img decoding=\"async\" class=\"alignnone size-large wp-image-862\" src=\"https:\/\/www.predsjednikfbih.gov.ba\/wp-content\/uploads\/2024\/05\/Uprava-EP-HZ-HB-dd-u-posjeti-Sredisnjoj-Bosni1-1024x683.jpg\" alt=\"\" width=\"1024\" height=\"683\" srcset=\"https:\/\/www.predsjednikfbih.gov.ba\/wp-content\/uploads\/2024\/05\/Uprava-EP-HZ-HB-dd-u-posjeti-Sredisnjoj-Bosni1-1024x683.jpg 1024w, https:\/\/www.predsjednikfbih.gov.ba\/wp-content\/uploads\/2024\/05\/Uprava-EP-HZ-HB-dd-u-posjeti-Sredisnjoj-Bosni1-300x200.jpg 300w, https:\/\/www.predsjednikfbih.gov.ba\/wp-content\/uploads\/2024\/05\/Uprava-EP-HZ-HB-dd-u-posjeti-Sredisnjoj-Bosni1-768x512.jpg 768w, https:\/\/www.predsjednikfbih.gov.ba\/wp-content\/uploads\/2024\/05\/Uprava-EP-HZ-HB-dd-u-posjeti-Sredisnjoj-Bosni1-1536x1024.jpg 1536w, https:\/\/www.predsjednikfbih.gov.ba\/wp-content\/uploads\/2024\/05\/Uprava-EP-HZ-HB-dd-u-posjeti-Sredisnjoj-Bosni1.jpg 1920w\" sizes=\"(max-width: 1024px) 100vw, 1024px\" \/> <img decoding=\"async\" class=\"alignnone size-large wp-image-858\" src=\"https:\/\/www.predsjednikfbih.gov.ba\/wp-content\/uploads\/2024\/05\/Uprava-EP-HZ-HB-dd-u-posjeti-Sredisnjoj-Bosni3-1024x638.jpg\" alt=\"\" width=\"1024\" height=\"638\" srcset=\"https:\/\/www.predsjednikfbih.gov.ba\/wp-content\/uploads\/2024\/05\/Uprava-EP-HZ-HB-dd-u-posjeti-Sredisnjoj-Bosni3-1024x638.jpg 1024w, https:\/\/www.predsjednikfbih.gov.ba\/wp-content\/uploads\/2024\/05\/Uprava-EP-HZ-HB-dd-u-posjeti-Sredisnjoj-Bosni3-300x187.jpg 300w, https:\/\/www.predsjednikfbih.gov.ba\/wp-content\/uploads\/2024\/05\/Uprava-EP-HZ-HB-dd-u-posjeti-Sredisnjoj-Bosni3-768x478.jpg 768w, https:\/\/www.predsjednikfbih.gov.ba\/wp-content\/uploads\/2024\/05\/Uprava-EP-HZ-HB-dd-u-posjeti-Sredisnjoj-Bosni3-1536x957.jpg 1536w, https:\/\/www.predsjednikfbih.gov.ba\/wp-content\/uploads\/2024\/05\/Uprava-EP-HZ-HB-dd-u-posjeti-Sredisnjoj-Bosni3.jpg 1920w\" sizes=\"(max-width: 1024px) 100vw, 1024px\" \/><\/p>\n","protected":false},"excerpt":{"rendered":"<p>Predsjednica Federacije Bosne i Hercegovine, Lidija Bradara, zajedno s novom upravom JP Elektroprivreda HZ HB [&hellip;]<\/p>\n","protected":false},"author":1,"featured_media":858,"comment_status":"open","ping_status":"open","sticky":false,"template":"","format":"standard","meta":{"inline_featured_image":false,"footnotes":""},"categories":[3,4,7],"tags":[],"class_list":["post-856","post","type-post","status-publish","format-standard","has-post-thumbnail","hentry","category-novosti","category-objave","category-priopcenja"],"acf":[],"_links":{"self":[{"href":"https:\/\/www.predsjednikfbih.gov.ba\/index.php\/wp-json\/wp\/v2\/posts\/856","targetHints":{"allow":["GET"]}}],"collection":[{"href":"https:\/\/www.predsjednikfbih.gov.ba\/index.php\/wp-json\/wp\/v2\/posts"}],"about":[{"href":"https:\/\/www.predsjednikfbih.gov.ba\/index.php\/wp-json\/wp\/v2\/types\/post"}],"author":[{"embeddable":true,"href":"https:\/\/www.predsjednikfbih.gov.ba\/index.php\/wp-json\/wp\/v2\/users\/1"}],"replies":[{"embeddable":true,"href":"https:\/\/www.predsjednikfbih.gov.ba\/index.php\/wp-json\/wp\/v2\/comments?post=856"}],"version-history":[{"count":1,"href":"https:\/\/www.predsjednikfbih.gov.ba\/index.php\/wp-json\/wp\/v2\/posts\/856\/revisions"}],"predecessor-version":[{"id":863,"href":"https:\/\/www.predsjednikfbih.gov.ba\/index.php\/wp-json\/wp\/v2\/posts\/856\/revisions\/863"}],"wp:featuredmedia":[{"embeddable":true,"href":"https:\/\/www.predsjednikfbih.gov.ba\/index.php\/wp-json\/wp\/v2\/media\/858"}],"wp:attachment":[{"href":"https:\/\/www.predsjednikfbih.gov.ba\/index.php\/wp-json\/wp\/v2\/media?parent=856"}],"wp:term":[{"taxonomy":"category","embeddable":true,"href":"https:\/\/www.predsjednikfbih.gov.ba\/index.php\/wp-json\/wp\/v2\/categories?post=856"},{"taxonomy":"post_tag","embeddable":true,"href":"https:\/\/www.predsjednikfbih.gov.ba\/index.php\/wp-json\/wp\/v2\/tags?post=856"}],"curies":[{"name":"wp","href":"https:\/\/api.w.org\/{rel}","templated":true}]}}