{"id":850,"date":"2024-05-06T12:12:16","date_gmt":"2024-05-06T12:12:16","guid":{"rendered":"https:\/\/www.predsjednikfbih.gov.ba\/?p=850"},"modified":"2024-05-06T12:12:16","modified_gmt":"2024-05-06T12:12:16","slug":"predsjednica-bradara-razgovarala-s-mazoretkinjama-iz-kiseljaka-i-novog-travnika","status":"publish","type":"post","link":"https:\/\/www.predsjednikfbih.gov.ba\/index.php\/2024\/05\/06\/predsjednica-bradara-razgovarala-s-mazoretkinjama-iz-kiseljaka-i-novog-travnika\/","title":{"rendered":"Predsjednica Bradara razgovarala s ma\u017eoretkinjama iz Kiseljaka i Novog Travnika"},"content":{"rendered":"<h4>U nedjelju, 12. svibnja 2024. godine, Prozor-Rama bit \u0107e doma\u0107in drugog festivala ma\u017eoret plesa \"KiNoRa\", doga\u0111aja koji slavi sve \u010dari i rasko\u0161 ma\u017eoreta, ali i drugih scenskih umjetnosti. Uo\u010di ovog spektakla, Predsjednica Federacije BiH, Lidija Bradara, srda\u010dno se susrela s predstavnicama organizacijskog odbora festivala kako bi pru\u017eila podr\u0161ku ovoj izuzetnoj manifestaciji, ali i drugim aktivnostima.<\/h4>\n<p>Ivana Marjanovi\u0107 iz Kiselja\u010dkih ma\u017eoretkinja i Nikolina Luki\u0107 iz Novotravni\u010dkih ma\u017eoretkinja upoznale su predsjednicu Bradara s pripremama za drugi festival ma\u017eoret plesa \"KiNoRa\", isti\u010du\u0107i va\u017enost doga\u0111aja u promicanju umjetnosti i kulture. Posebno su naglasile niz aktivnosti planiranih za ovu godinu, uklju\u010duju\u0107i me\u0111unarodno natjecanje u Italiji koje \u0107e se odr\u017eati u rujnu u Veneciji.<\/p>\n<p>Predsjednica Bradara izrazila je svoju potporu organizaciji festivala i drugih projektnih aktivnosti te pohvalila predanost ma\u017eoretkinja iz Prozor-Rame, Kiseljaka, Novog Travnika i drugih gradova u promicanju ma\u017eoret plesa.<\/p>\n<p><em>\"Velika zahvalnost predsjednici Bradara za va\u0161u neprocjenjivu podr\u0161ku ma\u017eoretkinjama i za va\u0161u stalnu dostupnost i razumijevanje na\u0161ih potreba i potreba na\u0161ih \u010dlanica,\"<\/em> istaknule su predstavnice odbora.<\/p>\n<p>Pod motom \"Ono \u0161to nas spaja\u2026\", cilj festivala \"KiNoRa\" nije samo blistati u svjetlu reflektora, ve\u0107 i istaknuti va\u017enost razli\u010ditosti kao prednosti, a ne nedostatka. Osim toga, festival ima za cilj upoznavanje s kulturnim, turisti\u010dkim i povijesnim bogatstvima grada doma\u0107ina te poti\u010de me\u0111usobno povezivanje i dru\u017eenje. Ovaj drugi festival ma\u017eoret plesa \"KiNoRa\" obe\u0107ava biti nezaboravan doga\u0111aj koji \u0107e obogatiti kulturnu scenu Bosne i Hercegovine te slaviti ljepotu i eleganciju ma\u017eoreta.<\/p>\n<p><img decoding=\"async\" class=\"alignnone size-large wp-image-854\" src=\"https:\/\/www.predsjednikfbih.gov.ba\/wp-content\/uploads\/2024\/05\/Predsjednica-Bradara-razgovarala-s-mazoretkinjama-iz-Kiseljaka-i-Novog-Travnika3-1024x683.jpg\" alt=\"\" width=\"1024\" height=\"683\" srcset=\"https:\/\/www.predsjednikfbih.gov.ba\/wp-content\/uploads\/2024\/05\/Predsjednica-Bradara-razgovarala-s-mazoretkinjama-iz-Kiseljaka-i-Novog-Travnika3-1024x683.jpg 1024w, https:\/\/www.predsjednikfbih.gov.ba\/wp-content\/uploads\/2024\/05\/Predsjednica-Bradara-razgovarala-s-mazoretkinjama-iz-Kiseljaka-i-Novog-Travnika3-300x200.jpg 300w, https:\/\/www.predsjednikfbih.gov.ba\/wp-content\/uploads\/2024\/05\/Predsjednica-Bradara-razgovarala-s-mazoretkinjama-iz-Kiseljaka-i-Novog-Travnika3-768x512.jpg 768w, https:\/\/www.predsjednikfbih.gov.ba\/wp-content\/uploads\/2024\/05\/Predsjednica-Bradara-razgovarala-s-mazoretkinjama-iz-Kiseljaka-i-Novog-Travnika3-1536x1024.jpg 1536w, https:\/\/www.predsjednikfbih.gov.ba\/wp-content\/uploads\/2024\/05\/Predsjednica-Bradara-razgovarala-s-mazoretkinjama-iz-Kiseljaka-i-Novog-Travnika3.jpg 1920w\" sizes=\"(max-width: 1024px) 100vw, 1024px\" \/> <img decoding=\"async\" class=\"alignnone size-large wp-image-853\" src=\"https:\/\/www.predsjednikfbih.gov.ba\/wp-content\/uploads\/2024\/05\/Predsjednica-Bradara-razgovarala-s-mazoretkinjama-iz-Kiseljaka-i-Novog-Travnika2-1024x683.jpg\" alt=\"\" width=\"1024\" height=\"683\" srcset=\"https:\/\/www.predsjednikfbih.gov.ba\/wp-content\/uploads\/2024\/05\/Predsjednica-Bradara-razgovarala-s-mazoretkinjama-iz-Kiseljaka-i-Novog-Travnika2-1024x683.jpg 1024w, https:\/\/www.predsjednikfbih.gov.ba\/wp-content\/uploads\/2024\/05\/Predsjednica-Bradara-razgovarala-s-mazoretkinjama-iz-Kiseljaka-i-Novog-Travnika2-300x200.jpg 300w, https:\/\/www.predsjednikfbih.gov.ba\/wp-content\/uploads\/2024\/05\/Predsjednica-Bradara-razgovarala-s-mazoretkinjama-iz-Kiseljaka-i-Novog-Travnika2-768x512.jpg 768w, https:\/\/www.predsjednikfbih.gov.ba\/wp-content\/uploads\/2024\/05\/Predsjednica-Bradara-razgovarala-s-mazoretkinjama-iz-Kiseljaka-i-Novog-Travnika2-1536x1024.jpg 1536w, https:\/\/www.predsjednikfbih.gov.ba\/wp-content\/uploads\/2024\/05\/Predsjednica-Bradara-razgovarala-s-mazoretkinjama-iz-Kiseljaka-i-Novog-Travnika2.jpg 1920w\" sizes=\"(max-width: 1024px) 100vw, 1024px\" \/> <img decoding=\"async\" class=\"alignnone size-large wp-image-852\" src=\"https:\/\/www.predsjednikfbih.gov.ba\/wp-content\/uploads\/2024\/05\/Predsjednica-Bradara-razgovarala-s-mazoretkinjama-iz-Kiseljaka-i-Novog-Travnika4-1024x683.jpg\" alt=\"\" width=\"1024\" height=\"683\" srcset=\"https:\/\/www.predsjednikfbih.gov.ba\/wp-content\/uploads\/2024\/05\/Predsjednica-Bradara-razgovarala-s-mazoretkinjama-iz-Kiseljaka-i-Novog-Travnika4-1024x683.jpg 1024w, https:\/\/www.predsjednikfbih.gov.ba\/wp-content\/uploads\/2024\/05\/Predsjednica-Bradara-razgovarala-s-mazoretkinjama-iz-Kiseljaka-i-Novog-Travnika4-300x200.jpg 300w, https:\/\/www.predsjednikfbih.gov.ba\/wp-content\/uploads\/2024\/05\/Predsjednica-Bradara-razgovarala-s-mazoretkinjama-iz-Kiseljaka-i-Novog-Travnika4-768x512.jpg 768w, https:\/\/www.predsjednikfbih.gov.ba\/wp-content\/uploads\/2024\/05\/Predsjednica-Bradara-razgovarala-s-mazoretkinjama-iz-Kiseljaka-i-Novog-Travnika4-1536x1024.jpg 1536w, https:\/\/www.predsjednikfbih.gov.ba\/wp-content\/uploads\/2024\/05\/Predsjednica-Bradara-razgovarala-s-mazoretkinjama-iz-Kiseljaka-i-Novog-Travnika4.jpg 1920w\" sizes=\"(max-width: 1024px) 100vw, 1024px\" \/> <img decoding=\"async\" class=\"alignnone size-large wp-image-851\" src=\"https:\/\/www.predsjednikfbih.gov.ba\/wp-content\/uploads\/2024\/05\/Predsjednica-Bradara-razgovarala-s-mazoretkinjama-iz-Kiseljaka-i-Novog-Travnika-576x1024.jpg\" alt=\"\" width=\"576\" height=\"1024\" srcset=\"https:\/\/www.predsjednikfbih.gov.ba\/wp-content\/uploads\/2024\/05\/Predsjednica-Bradara-razgovarala-s-mazoretkinjama-iz-Kiseljaka-i-Novog-Travnika-576x1024.jpg 576w, https:\/\/www.predsjednikfbih.gov.ba\/wp-content\/uploads\/2024\/05\/Predsjednica-Bradara-razgovarala-s-mazoretkinjama-iz-Kiseljaka-i-Novog-Travnika-169x300.jpg 169w, https:\/\/www.predsjednikfbih.gov.ba\/wp-content\/uploads\/2024\/05\/Predsjednica-Bradara-razgovarala-s-mazoretkinjama-iz-Kiseljaka-i-Novog-Travnika-768x1365.jpg 768w, https:\/\/www.predsjednikfbih.gov.ba\/wp-content\/uploads\/2024\/05\/Predsjednica-Bradara-razgovarala-s-mazoretkinjama-iz-Kiseljaka-i-Novog-Travnika-864x1536.jpg 864w, https:\/\/www.predsjednikfbih.gov.ba\/wp-content\/uploads\/2024\/05\/Predsjednica-Bradara-razgovarala-s-mazoretkinjama-iz-Kiseljaka-i-Novog-Travnika.jpg 1080w\" sizes=\"(max-width: 576px) 100vw, 576px\" \/><\/p>\n","protected":false},"excerpt":{"rendered":"<p>U nedjelju, 12. svibnja 2024. godine, Prozor-Rama bit \u0107e doma\u0107in drugog festivala ma\u017eoret plesa \"KiNoRa\", [&hellip;]<\/p>\n","protected":false},"author":1,"featured_media":853,"comment_status":"open","ping_status":"open","sticky":false,"template":"","format":"standard","meta":{"inline_featured_image":false,"footnotes":""},"categories":[3,4,7],"tags":[],"class_list":["post-850","post","type-post","status-publish","format-standard","has-post-thumbnail","hentry","category-novosti","category-objave","category-priopcenja"],"acf":[],"_links":{"self":[{"href":"https:\/\/www.predsjednikfbih.gov.ba\/index.php\/wp-json\/wp\/v2\/posts\/850","targetHints":{"allow":["GET"]}}],"collection":[{"href":"https:\/\/www.predsjednikfbih.gov.ba\/index.php\/wp-json\/wp\/v2\/posts"}],"about":[{"href":"https:\/\/www.predsjednikfbih.gov.ba\/index.php\/wp-json\/wp\/v2\/types\/post"}],"author":[{"embeddable":true,"href":"https:\/\/www.predsjednikfbih.gov.ba\/index.php\/wp-json\/wp\/v2\/users\/1"}],"replies":[{"embeddable":true,"href":"https:\/\/www.predsjednikfbih.gov.ba\/index.php\/wp-json\/wp\/v2\/comments?post=850"}],"version-history":[{"count":1,"href":"https:\/\/www.predsjednikfbih.gov.ba\/index.php\/wp-json\/wp\/v2\/posts\/850\/revisions"}],"predecessor-version":[{"id":855,"href":"https:\/\/www.predsjednikfbih.gov.ba\/index.php\/wp-json\/wp\/v2\/posts\/850\/revisions\/855"}],"wp:featuredmedia":[{"embeddable":true,"href":"https:\/\/www.predsjednikfbih.gov.ba\/index.php\/wp-json\/wp\/v2\/media\/853"}],"wp:attachment":[{"href":"https:\/\/www.predsjednikfbih.gov.ba\/index.php\/wp-json\/wp\/v2\/media?parent=850"}],"wp:term":[{"taxonomy":"category","embeddable":true,"href":"https:\/\/www.predsjednikfbih.gov.ba\/index.php\/wp-json\/wp\/v2\/categories?post=850"},{"taxonomy":"post_tag","embeddable":true,"href":"https:\/\/www.predsjednikfbih.gov.ba\/index.php\/wp-json\/wp\/v2\/tags?post=850"}],"curies":[{"name":"wp","href":"https:\/\/api.w.org\/{rel}","templated":true}]}}