{"id":698,"date":"2024-03-18T14:36:45","date_gmt":"2024-03-18T14:36:45","guid":{"rendered":"https:\/\/www.predsjednikfbih.gov.ba\/?p=698"},"modified":"2024-03-18T14:36:45","modified_gmt":"2024-03-18T14:36:45","slug":"bradara-i-hrnjic-na-kupresu-podrska-lokalnoj-proizvodnji","status":"publish","type":"post","link":"https:\/\/www.predsjednikfbih.gov.ba\/index.php\/2024\/03\/18\/bradara-i-hrnjic-na-kupresu-podrska-lokalnoj-proizvodnji\/","title":{"rendered":"Bradara i Hrnji\u0107 na Kupresu: Podr\u0161ka lokalnoj proizvodnji"},"content":{"rendered":"<h4>U cilju ja\u010danja poljoprivrednog sektora i ruralnog razvoja, predsjednica Federacije Bosne i Hercegovine, Lidija Bradara, i Federalni ministar poljoprivrede, vodoprivrede i \u0161umarstva, Kemal Hrnji\u0107, posjetili su danas op\u0107inu Kupres. Ovaj posjet ozna\u010dava kontinuiranu podr\u0161ku vlasti razvoju poljoprivrede kao klju\u010dnog sektora za ekonomiju i zajednicu.<\/h4>\n<p>Tijekom posjete, izaslanstvo se susrelo s na\u010delnikom Op\u0107ine Kupres, Zdravkom Mio\u010dem, uz izaslanstvo. Razgovarano je o aktualnim problemima s kojima se susre\u0107u konkretno poljoprivrednici ove op\u0107ine.<\/p>\n<p>Ministar Hrnji\u0107 iznio je ohrabruju\u0107e informacije o napretku Op\u0107ine Kupres u povla\u010denju sredstava iz Federalnog prora\u010duna namijenjenih poljoprivredi, ukazuju\u0107i na pove\u0107anje od 33% u protekloj godini. Ovaj uspjeh poslu\u017eio je kao primjer dobre prakse u upravljanju i anga\u017emanu na lokalnoj razini.<\/p>\n<p>Predsjednica Bradara jo\u0161 jednom je naglasila va\u017enost ravnomjernog razvoja svih krajeva Federacije BiH, s posebnim naglaskom na poljoprivredu. \"Potrebno je uspostaviti \u010dvr\u0161\u0107e veze i bolju komunikaciju izme\u0111u poljoprivrednih proizvo\u0111a\u010da i vladinih tijela kako bismo zajedni\u010dki radili na odr\u017eivom razvoju i prosperitetu na\u0161e poljoprivrede,\" istaknula je Bradara, dodaju\u0107i va\u017enost suradnje u ostvarivanju ovih ciljeva.<\/p>\n<p>Izaslanstvo je posjetilo mljekare Perkan i Kupres Milch te farme Papi\u0107 i Smiljani\u0107, a predsjednica Bradara je podsjetila na va\u017enost poljoprivrede ne samo kao osnove za pre\u017eivljavanje, ve\u0107 i kao klju\u010dnog faktora za budu\u0107nost i razvoj Bosne i Hercegovine. Ovaj posjet Kupresu simbolizira sna\u017enu predanost federalnih vlasti podr\u0161ci poljoprivrednicima, sto\u010darima i cjelokupnom sektoru, \u010dime se potvr\u0111uje opredjeljenje za unapre\u0111enje uvjeta rada i \u017eivota u ruralnim podru\u010djima.<\/p>\n<p><img decoding=\"async\" class=\"alignnone size-large wp-image-702\" src=\"https:\/\/www.predsjednikfbih.gov.ba\/wp-content\/uploads\/2024\/03\/Posjeta-Kupresu-7-1024x683.jpg\" alt=\"\" width=\"1024\" height=\"683\" srcset=\"https:\/\/www.predsjednikfbih.gov.ba\/wp-content\/uploads\/2024\/03\/Posjeta-Kupresu-7-1024x683.jpg 1024w, https:\/\/www.predsjednikfbih.gov.ba\/wp-content\/uploads\/2024\/03\/Posjeta-Kupresu-7-300x200.jpg 300w, https:\/\/www.predsjednikfbih.gov.ba\/wp-content\/uploads\/2024\/03\/Posjeta-Kupresu-7-768x512.jpg 768w, https:\/\/www.predsjednikfbih.gov.ba\/wp-content\/uploads\/2024\/03\/Posjeta-Kupresu-7-1536x1024.jpg 1536w, https:\/\/www.predsjednikfbih.gov.ba\/wp-content\/uploads\/2024\/03\/Posjeta-Kupresu-7.jpg 1920w\" sizes=\"(max-width: 1024px) 100vw, 1024px\" \/> <img decoding=\"async\" class=\"alignnone size-large wp-image-705\" src=\"https:\/\/www.predsjednikfbih.gov.ba\/wp-content\/uploads\/2024\/03\/Posjeta-Kupresu-1-1024x683.jpg\" alt=\"\" width=\"1024\" height=\"683\" srcset=\"https:\/\/www.predsjednikfbih.gov.ba\/wp-content\/uploads\/2024\/03\/Posjeta-Kupresu-1-1024x683.jpg 1024w, https:\/\/www.predsjednikfbih.gov.ba\/wp-content\/uploads\/2024\/03\/Posjeta-Kupresu-1-300x200.jpg 300w, https:\/\/www.predsjednikfbih.gov.ba\/wp-content\/uploads\/2024\/03\/Posjeta-Kupresu-1-768x512.jpg 768w, https:\/\/www.predsjednikfbih.gov.ba\/wp-content\/uploads\/2024\/03\/Posjeta-Kupresu-1-1536x1024.jpg 1536w, https:\/\/www.predsjednikfbih.gov.ba\/wp-content\/uploads\/2024\/03\/Posjeta-Kupresu-1.jpg 1920w\" sizes=\"(max-width: 1024px) 100vw, 1024px\" \/> <img decoding=\"async\" class=\"alignnone size-large wp-image-701\" src=\"https:\/\/www.predsjednikfbih.gov.ba\/wp-content\/uploads\/2024\/03\/Posjeta-Kupresu-8-1024x683.jpg\" alt=\"\" width=\"1024\" height=\"683\" srcset=\"https:\/\/www.predsjednikfbih.gov.ba\/wp-content\/uploads\/2024\/03\/Posjeta-Kupresu-8-1024x683.jpg 1024w, https:\/\/www.predsjednikfbih.gov.ba\/wp-content\/uploads\/2024\/03\/Posjeta-Kupresu-8-300x200.jpg 300w, https:\/\/www.predsjednikfbih.gov.ba\/wp-content\/uploads\/2024\/03\/Posjeta-Kupresu-8-768x512.jpg 768w, https:\/\/www.predsjednikfbih.gov.ba\/wp-content\/uploads\/2024\/03\/Posjeta-Kupresu-8-1536x1024.jpg 1536w, https:\/\/www.predsjednikfbih.gov.ba\/wp-content\/uploads\/2024\/03\/Posjeta-Kupresu-8.jpg 1920w\" sizes=\"(max-width: 1024px) 100vw, 1024px\" \/> <img decoding=\"async\" class=\"alignnone size-large wp-image-703\" src=\"https:\/\/www.predsjednikfbih.gov.ba\/wp-content\/uploads\/2024\/03\/Posjeta-Kupresu-6-1024x683.jpg\" alt=\"\" width=\"1024\" height=\"683\" srcset=\"https:\/\/www.predsjednikfbih.gov.ba\/wp-content\/uploads\/2024\/03\/Posjeta-Kupresu-6-1024x683.jpg 1024w, https:\/\/www.predsjednikfbih.gov.ba\/wp-content\/uploads\/2024\/03\/Posjeta-Kupresu-6-300x200.jpg 300w, https:\/\/www.predsjednikfbih.gov.ba\/wp-content\/uploads\/2024\/03\/Posjeta-Kupresu-6-768x512.jpg 768w, https:\/\/www.predsjednikfbih.gov.ba\/wp-content\/uploads\/2024\/03\/Posjeta-Kupresu-6-1536x1024.jpg 1536w, https:\/\/www.predsjednikfbih.gov.ba\/wp-content\/uploads\/2024\/03\/Posjeta-Kupresu-6.jpg 1920w\" sizes=\"(max-width: 1024px) 100vw, 1024px\" \/> <img decoding=\"async\" class=\"alignnone size-large wp-image-704\" src=\"https:\/\/www.predsjednikfbih.gov.ba\/wp-content\/uploads\/2024\/03\/Posjeta-Kupresu-5-1024x738.jpg\" alt=\"\" width=\"1024\" height=\"738\" srcset=\"https:\/\/www.predsjednikfbih.gov.ba\/wp-content\/uploads\/2024\/03\/Posjeta-Kupresu-5-1024x738.jpg 1024w, https:\/\/www.predsjednikfbih.gov.ba\/wp-content\/uploads\/2024\/03\/Posjeta-Kupresu-5-300x216.jpg 300w, https:\/\/www.predsjednikfbih.gov.ba\/wp-content\/uploads\/2024\/03\/Posjeta-Kupresu-5-768x554.jpg 768w, https:\/\/www.predsjednikfbih.gov.ba\/wp-content\/uploads\/2024\/03\/Posjeta-Kupresu-5-1536x1107.jpg 1536w, https:\/\/www.predsjednikfbih.gov.ba\/wp-content\/uploads\/2024\/03\/Posjeta-Kupresu-5.jpg 1920w\" sizes=\"(max-width: 1024px) 100vw, 1024px\" \/> <img decoding=\"async\" class=\"alignnone size-large wp-image-699\" src=\"https:\/\/www.predsjednikfbih.gov.ba\/wp-content\/uploads\/2024\/03\/Posjeta-Kupresu-9-1024x683.jpg\" alt=\"\" width=\"1024\" height=\"683\" srcset=\"https:\/\/www.predsjednikfbih.gov.ba\/wp-content\/uploads\/2024\/03\/Posjeta-Kupresu-9-1024x683.jpg 1024w, https:\/\/www.predsjednikfbih.gov.ba\/wp-content\/uploads\/2024\/03\/Posjeta-Kupresu-9-300x200.jpg 300w, https:\/\/www.predsjednikfbih.gov.ba\/wp-content\/uploads\/2024\/03\/Posjeta-Kupresu-9-768x512.jpg 768w, https:\/\/www.predsjednikfbih.gov.ba\/wp-content\/uploads\/2024\/03\/Posjeta-Kupresu-9-1536x1024.jpg 1536w, https:\/\/www.predsjednikfbih.gov.ba\/wp-content\/uploads\/2024\/03\/Posjeta-Kupresu-9.jpg 1920w\" sizes=\"(max-width: 1024px) 100vw, 1024px\" \/> <img decoding=\"async\" class=\"alignnone size-large wp-image-706\" src=\"https:\/\/www.predsjednikfbih.gov.ba\/wp-content\/uploads\/2024\/03\/Posjeta-Kupresu-3-1024x683.jpg\" alt=\"\" width=\"1024\" height=\"683\" srcset=\"https:\/\/www.predsjednikfbih.gov.ba\/wp-content\/uploads\/2024\/03\/Posjeta-Kupresu-3-1024x683.jpg 1024w, https:\/\/www.predsjednikfbih.gov.ba\/wp-content\/uploads\/2024\/03\/Posjeta-Kupresu-3-300x200.jpg 300w, https:\/\/www.predsjednikfbih.gov.ba\/wp-content\/uploads\/2024\/03\/Posjeta-Kupresu-3-768x512.jpg 768w, https:\/\/www.predsjednikfbih.gov.ba\/wp-content\/uploads\/2024\/03\/Posjeta-Kupresu-3-1536x1024.jpg 1536w, https:\/\/www.predsjednikfbih.gov.ba\/wp-content\/uploads\/2024\/03\/Posjeta-Kupresu-3.jpg 1920w\" sizes=\"(max-width: 1024px) 100vw, 1024px\" \/> <img decoding=\"async\" class=\"alignnone size-large wp-image-707\" src=\"https:\/\/www.predsjednikfbih.gov.ba\/wp-content\/uploads\/2024\/03\/Posjeta-Kupresu-2-1024x683.jpg\" alt=\"\" width=\"1024\" height=\"683\" srcset=\"https:\/\/www.predsjednikfbih.gov.ba\/wp-content\/uploads\/2024\/03\/Posjeta-Kupresu-2-1024x683.jpg 1024w, https:\/\/www.predsjednikfbih.gov.ba\/wp-content\/uploads\/2024\/03\/Posjeta-Kupresu-2-300x200.jpg 300w, https:\/\/www.predsjednikfbih.gov.ba\/wp-content\/uploads\/2024\/03\/Posjeta-Kupresu-2-768x512.jpg 768w, https:\/\/www.predsjednikfbih.gov.ba\/wp-content\/uploads\/2024\/03\/Posjeta-Kupresu-2-1536x1024.jpg 1536w, https:\/\/www.predsjednikfbih.gov.ba\/wp-content\/uploads\/2024\/03\/Posjeta-Kupresu-2.jpg 1920w\" sizes=\"(max-width: 1024px) 100vw, 1024px\" \/> <img decoding=\"async\" class=\"alignnone size-large wp-image-708\" src=\"https:\/\/www.predsjednikfbih.gov.ba\/wp-content\/uploads\/2024\/03\/Posjeta-Kupresu-4-1024x557.jpg\" alt=\"\" width=\"1024\" height=\"557\" srcset=\"https:\/\/www.predsjednikfbih.gov.ba\/wp-content\/uploads\/2024\/03\/Posjeta-Kupresu-4-1024x557.jpg 1024w, https:\/\/www.predsjednikfbih.gov.ba\/wp-content\/uploads\/2024\/03\/Posjeta-Kupresu-4-300x163.jpg 300w, https:\/\/www.predsjednikfbih.gov.ba\/wp-content\/uploads\/2024\/03\/Posjeta-Kupresu-4-768x418.jpg 768w, https:\/\/www.predsjednikfbih.gov.ba\/wp-content\/uploads\/2024\/03\/Posjeta-Kupresu-4-1536x835.jpg 1536w, https:\/\/www.predsjednikfbih.gov.ba\/wp-content\/uploads\/2024\/03\/Posjeta-Kupresu-4.jpg 1920w\" sizes=\"(max-width: 1024px) 100vw, 1024px\" \/> <img decoding=\"async\" class=\"alignnone size-large wp-image-700\" src=\"https:\/\/www.predsjednikfbih.gov.ba\/wp-content\/uploads\/2024\/03\/Posjeta-Kupresu-10-1024x714.jpg\" alt=\"\" width=\"1024\" height=\"714\" srcset=\"https:\/\/www.predsjednikfbih.gov.ba\/wp-content\/uploads\/2024\/03\/Posjeta-Kupresu-10-1024x714.jpg 1024w, https:\/\/www.predsjednikfbih.gov.ba\/wp-content\/uploads\/2024\/03\/Posjeta-Kupresu-10-300x209.jpg 300w, https:\/\/www.predsjednikfbih.gov.ba\/wp-content\/uploads\/2024\/03\/Posjeta-Kupresu-10-768x536.jpg 768w, https:\/\/www.predsjednikfbih.gov.ba\/wp-content\/uploads\/2024\/03\/Posjeta-Kupresu-10-1536x1071.jpg 1536w, https:\/\/www.predsjednikfbih.gov.ba\/wp-content\/uploads\/2024\/03\/Posjeta-Kupresu-10.jpg 1920w\" sizes=\"(max-width: 1024px) 100vw, 1024px\" \/><\/p>\n","protected":false},"excerpt":{"rendered":"<p>U cilju ja\u010danja poljoprivrednog sektora i ruralnog razvoja, predsjednica Federacije Bosne i Hercegovine, Lidija Bradara, [&hellip;]<\/p>\n","protected":false},"author":1,"featured_media":702,"comment_status":"open","ping_status":"open","sticky":false,"template":"","format":"standard","meta":{"inline_featured_image":false,"footnotes":""},"categories":[3,4,7],"tags":[],"class_list":["post-698","post","type-post","status-publish","format-standard","has-post-thumbnail","hentry","category-novosti","category-objave","category-priopcenja"],"acf":[],"_links":{"self":[{"href":"https:\/\/www.predsjednikfbih.gov.ba\/index.php\/wp-json\/wp\/v2\/posts\/698","targetHints":{"allow":["GET"]}}],"collection":[{"href":"https:\/\/www.predsjednikfbih.gov.ba\/index.php\/wp-json\/wp\/v2\/posts"}],"about":[{"href":"https:\/\/www.predsjednikfbih.gov.ba\/index.php\/wp-json\/wp\/v2\/types\/post"}],"author":[{"embeddable":true,"href":"https:\/\/www.predsjednikfbih.gov.ba\/index.php\/wp-json\/wp\/v2\/users\/1"}],"replies":[{"embeddable":true,"href":"https:\/\/www.predsjednikfbih.gov.ba\/index.php\/wp-json\/wp\/v2\/comments?post=698"}],"version-history":[{"count":1,"href":"https:\/\/www.predsjednikfbih.gov.ba\/index.php\/wp-json\/wp\/v2\/posts\/698\/revisions"}],"predecessor-version":[{"id":709,"href":"https:\/\/www.predsjednikfbih.gov.ba\/index.php\/wp-json\/wp\/v2\/posts\/698\/revisions\/709"}],"wp:featuredmedia":[{"embeddable":true,"href":"https:\/\/www.predsjednikfbih.gov.ba\/index.php\/wp-json\/wp\/v2\/media\/702"}],"wp:attachment":[{"href":"https:\/\/www.predsjednikfbih.gov.ba\/index.php\/wp-json\/wp\/v2\/media?parent=698"}],"wp:term":[{"taxonomy":"category","embeddable":true,"href":"https:\/\/www.predsjednikfbih.gov.ba\/index.php\/wp-json\/wp\/v2\/categories?post=698"},{"taxonomy":"post_tag","embeddable":true,"href":"https:\/\/www.predsjednikfbih.gov.ba\/index.php\/wp-json\/wp\/v2\/tags?post=698"}],"curies":[{"name":"wp","href":"https:\/\/api.w.org\/{rel}","templated":true}]}}