{"id":683,"date":"2024-03-13T13:32:56","date_gmt":"2024-03-13T13:32:56","guid":{"rendered":"https:\/\/www.predsjednikfbih.gov.ba\/?p=683"},"modified":"2024-03-13T13:32:56","modified_gmt":"2024-03-13T13:32:56","slug":"pripreme-za-46-zasjedanje-kongresa-lokalnih-i-regionalnih-vlasti-vijeca-europe","status":"publish","type":"post","link":"https:\/\/www.predsjednikfbih.gov.ba\/index.php\/2024\/03\/13\/pripreme-za-46-zasjedanje-kongresa-lokalnih-i-regionalnih-vlasti-vijeca-europe\/","title":{"rendered":"Pripreme za 46. zasjedanje Kongresa lokalnih i regionalnih vlasti Vije\u0107a Europe"},"content":{"rendered":"<h4>Predsjednica Federacije Bosne i Hercegovine, Lidija Bradara, organizirala je sastanak s bh. izaslanstvom uo\u010di 46. zasjedanja Kongresa lokalnih i regionalnih vlasti Vije\u0107a Europe, zakazanog za 26. do 28. o\u017eujka 2024. godine u Strasbourgu. Sastanak je imao za cilj upoznavanje \u010dlanova izaslanstva i usugla\u0161avanje zajedni\u010dkih stavova za predstoje\u0107e zasjedanje.<\/h4>\n<p>Raspravljano je o klju\u010dnim strategijama za bolje pozicioniranje Bosne i Hercegovine unutar struktura Vije\u0107a Europe, uklju\u010duju\u0107i oba doma i razli\u010dite komisije te radna tijela.<\/p>\n<p>Tako\u0111er, cilj sastanka bio je ne samo dogovoriti zajedni\u010dki nastup, ve\u0107 i istaknuti va\u017enost suradnje i koordinacije izme\u0111u razli\u010ditih razina vlasti u BiH kako bi se osigurala uspje\u0161na prezentacija u Vije\u0107u Europe. Predsjednica Bradara istaknula je zna\u010daj ovog zasjedanja kao prilike za ja\u010danje suradnje i dijaloga s europskim partnerima te potenciranje klju\u010dnih prioriteta i interesa svih razina vlasti Bosne i Hercegovine.<\/p>\n<p><img decoding=\"async\" class=\"alignnone size-large wp-image-685\" src=\"https:\/\/www.predsjednikfbih.gov.ba\/wp-content\/uploads\/2024\/03\/Fotografija-2-1024x683.jpg\" alt=\"\" width=\"1024\" height=\"683\" srcset=\"https:\/\/www.predsjednikfbih.gov.ba\/wp-content\/uploads\/2024\/03\/Fotografija-2-1024x683.jpg 1024w, https:\/\/www.predsjednikfbih.gov.ba\/wp-content\/uploads\/2024\/03\/Fotografija-2-300x200.jpg 300w, https:\/\/www.predsjednikfbih.gov.ba\/wp-content\/uploads\/2024\/03\/Fotografija-2-768x512.jpg 768w, https:\/\/www.predsjednikfbih.gov.ba\/wp-content\/uploads\/2024\/03\/Fotografija-2-1536x1024.jpg 1536w, https:\/\/www.predsjednikfbih.gov.ba\/wp-content\/uploads\/2024\/03\/Fotografija-2.jpg 1920w\" sizes=\"(max-width: 1024px) 100vw, 1024px\" \/><\/p>\n","protected":false},"excerpt":{"rendered":"<p>Predsjednica Federacije Bosne i Hercegovine, Lidija Bradara, organizirala je sastanak s bh. izaslanstvom uo\u010di 46. [&hellip;]<\/p>\n","protected":false},"author":1,"featured_media":684,"comment_status":"open","ping_status":"open","sticky":false,"template":"","format":"standard","meta":{"inline_featured_image":false,"footnotes":""},"categories":[3,4,7],"tags":[],"class_list":["post-683","post","type-post","status-publish","format-standard","has-post-thumbnail","hentry","category-novosti","category-objave","category-priopcenja"],"acf":[],"_links":{"self":[{"href":"https:\/\/www.predsjednikfbih.gov.ba\/index.php\/wp-json\/wp\/v2\/posts\/683","targetHints":{"allow":["GET"]}}],"collection":[{"href":"https:\/\/www.predsjednikfbih.gov.ba\/index.php\/wp-json\/wp\/v2\/posts"}],"about":[{"href":"https:\/\/www.predsjednikfbih.gov.ba\/index.php\/wp-json\/wp\/v2\/types\/post"}],"author":[{"embeddable":true,"href":"https:\/\/www.predsjednikfbih.gov.ba\/index.php\/wp-json\/wp\/v2\/users\/1"}],"replies":[{"embeddable":true,"href":"https:\/\/www.predsjednikfbih.gov.ba\/index.php\/wp-json\/wp\/v2\/comments?post=683"}],"version-history":[{"count":1,"href":"https:\/\/www.predsjednikfbih.gov.ba\/index.php\/wp-json\/wp\/v2\/posts\/683\/revisions"}],"predecessor-version":[{"id":686,"href":"https:\/\/www.predsjednikfbih.gov.ba\/index.php\/wp-json\/wp\/v2\/posts\/683\/revisions\/686"}],"wp:featuredmedia":[{"embeddable":true,"href":"https:\/\/www.predsjednikfbih.gov.ba\/index.php\/wp-json\/wp\/v2\/media\/684"}],"wp:attachment":[{"href":"https:\/\/www.predsjednikfbih.gov.ba\/index.php\/wp-json\/wp\/v2\/media?parent=683"}],"wp:term":[{"taxonomy":"category","embeddable":true,"href":"https:\/\/www.predsjednikfbih.gov.ba\/index.php\/wp-json\/wp\/v2\/categories?post=683"},{"taxonomy":"post_tag","embeddable":true,"href":"https:\/\/www.predsjednikfbih.gov.ba\/index.php\/wp-json\/wp\/v2\/tags?post=683"}],"curies":[{"name":"wp","href":"https:\/\/api.w.org\/{rel}","templated":true}]}}