{"id":657,"date":"2024-03-02T16:32:32","date_gmt":"2024-03-02T16:32:32","guid":{"rendered":"https:\/\/www.predsjednikfbih.gov.ba\/?p=657"},"modified":"2024-03-02T16:41:59","modified_gmt":"2024-03-02T16:41:59","slug":"biskupsko-redenje-mons-zeljka-majica","status":"publish","type":"post","link":"https:\/\/www.predsjednikfbih.gov.ba\/index.php\/2024\/03\/02\/biskupsko-redenje-mons-zeljka-majica\/","title":{"rendered":"Biskupsko re\u0111enje mons. \u017deljka Maji\u0107a"},"content":{"rendered":"<h4>U okviru sve\u010danog obreda odr\u017eanog danas u banjolu\u010dkoj katedrali svetog Bonaventure, odvijalo se biskupsko re\u0111enje mons. \u017deljka Maji\u0107a, novog banjalu\u010dkog biskupa. Sve\u010danost i sveta misa, koja je po\u010dela u 11 sati, privukla je veliku pa\u017enju i okupila brojne vjernike, duhovno i svjetovno vodstvo.<\/h4>\n<p>Predsjednica Federacije BIH, Lidija Bradara, bila je me\u0111u istaknutim gostima, svjedo\u010de\u0107i ovom zna\u010dajnom doga\u0111aju za katoli\u010dku crkvu u Bosni i Hercegovini. Biskupsko re\u0111enje predvodio je vrhbosanski nadbiskup i metropolit, Tomo Vuk\u0161i\u0107, uz sudjelovanje suzareditelja: umirovljenog banjalu\u010dkog biskupa Franje Komarice i mostarsko-duvanjskog biskupa te trebinjsko-mrkanskog apostolskog upravitelja, Petra Pali\u0107a.<\/p>\n<p>Ovaj doga\u0111aj posebno je zna\u010dajan s obzirom na \u010dinjenicu da papa Franjo u prosincu pro\u0161le godine prihvatio je zahtjev za umirovljenjem mons. Franje Komarice, dugogodi\u0161njeg banjalu\u010dkog biskupa, imenuju\u0107i mons. \u017deljka Maji\u0107a, sve\u0107enika Mostarsko-duvanjske biskupije, za njegovog nasljednika.<\/p>\n<p>Sudjelovanje nekoliko stotina vjernika, oko \u010detrdeset biskupa, te desetine sve\u0107enika, \u010dasnih sestara, kao i brojnih dru\u0161tvenih, politi\u010dkih, vjerskih i kulturnih lidera, odraz je zajedni\u0161tva i podr\u0161ke crkvenoj zajednici. Doga\u0111aj ne samo da obilje\u017eava po\u010detak nove ere za Banjalu\u010dku biskupiju, ve\u0107 i potvr\u0111uje snagu vjere i zajedni\u0161tva me\u0111u ljudima u Bosni i Hercegovini.<\/p>\n<p>Predsjednica Bradara istaknula je va\u017enost doga\u0111aja za katoli\u010dku zajednicu u Bosni i Hercegovini, dru\u0161tvo op\u0107enito, a posebice za Banjalu\u010dku biskupiju. Tako\u0111er, uputila je \u010destitke novom biskupu Maji\u0107u na po\u010detku njegove slu\u017ebe i zahvalila biskupu Komarici na godinama predanog rada i vo\u0111enja.<\/p>\n<p><img decoding=\"async\" class=\"alignnone size-large wp-image-655\" src=\"https:\/\/www.predsjednikfbih.gov.ba\/wp-content\/uploads\/2024\/03\/DSC05425-1024x684.jpeg\" alt=\"\" width=\"1024\" height=\"684\" srcset=\"https:\/\/www.predsjednikfbih.gov.ba\/wp-content\/uploads\/2024\/03\/DSC05425-1024x684.jpeg 1024w, https:\/\/www.predsjednikfbih.gov.ba\/wp-content\/uploads\/2024\/03\/DSC05425-300x200.jpeg 300w, https:\/\/www.predsjednikfbih.gov.ba\/wp-content\/uploads\/2024\/03\/DSC05425-768x513.jpeg 768w, https:\/\/www.predsjednikfbih.gov.ba\/wp-content\/uploads\/2024\/03\/DSC05425-1536x1027.jpeg 1536w, https:\/\/www.predsjednikfbih.gov.ba\/wp-content\/uploads\/2024\/03\/DSC05425.jpeg 1616w\" sizes=\"(max-width: 1024px) 100vw, 1024px\" \/> <img decoding=\"async\" class=\"alignnone size-large wp-image-654\" src=\"https:\/\/www.predsjednikfbih.gov.ba\/wp-content\/uploads\/2024\/03\/DSC05480-1024x684.jpeg\" alt=\"\" width=\"1024\" height=\"684\" srcset=\"https:\/\/www.predsjednikfbih.gov.ba\/wp-content\/uploads\/2024\/03\/DSC05480-1024x684.jpeg 1024w, https:\/\/www.predsjednikfbih.gov.ba\/wp-content\/uploads\/2024\/03\/DSC05480-300x200.jpeg 300w, https:\/\/www.predsjednikfbih.gov.ba\/wp-content\/uploads\/2024\/03\/DSC05480-768x513.jpeg 768w, https:\/\/www.predsjednikfbih.gov.ba\/wp-content\/uploads\/2024\/03\/DSC05480-1536x1027.jpeg 1536w, https:\/\/www.predsjednikfbih.gov.ba\/wp-content\/uploads\/2024\/03\/DSC05480.jpeg 1616w\" sizes=\"(max-width: 1024px) 100vw, 1024px\" \/> <img decoding=\"async\" class=\"alignnone size-large wp-image-653\" src=\"https:\/\/www.predsjednikfbih.gov.ba\/wp-content\/uploads\/2024\/03\/DSC05617-684x1024.jpeg\" alt=\"\" width=\"684\" height=\"1024\" srcset=\"https:\/\/www.predsjednikfbih.gov.ba\/wp-content\/uploads\/2024\/03\/DSC05617-684x1024.jpeg 684w, https:\/\/www.predsjednikfbih.gov.ba\/wp-content\/uploads\/2024\/03\/DSC05617-200x300.jpeg 200w, https:\/\/www.predsjednikfbih.gov.ba\/wp-content\/uploads\/2024\/03\/DSC05617-768x1149.jpeg 768w, https:\/\/www.predsjednikfbih.gov.ba\/wp-content\/uploads\/2024\/03\/DSC05617-1027x1536.jpeg 1027w, https:\/\/www.predsjednikfbih.gov.ba\/wp-content\/uploads\/2024\/03\/DSC05617.jpeg 1080w\" sizes=\"(max-width: 684px) 100vw, 684px\" \/> <img decoding=\"async\" class=\"alignnone size-large wp-image-652\" src=\"https:\/\/www.predsjednikfbih.gov.ba\/wp-content\/uploads\/2024\/03\/DSC05568-1024x684.jpeg\" alt=\"\" width=\"1024\" height=\"684\" srcset=\"https:\/\/www.predsjednikfbih.gov.ba\/wp-content\/uploads\/2024\/03\/DSC05568-1024x684.jpeg 1024w, https:\/\/www.predsjednikfbih.gov.ba\/wp-content\/uploads\/2024\/03\/DSC05568-300x200.jpeg 300w, https:\/\/www.predsjednikfbih.gov.ba\/wp-content\/uploads\/2024\/03\/DSC05568-768x513.jpeg 768w, https:\/\/www.predsjednikfbih.gov.ba\/wp-content\/uploads\/2024\/03\/DSC05568-1536x1027.jpeg 1536w, https:\/\/www.predsjednikfbih.gov.ba\/wp-content\/uploads\/2024\/03\/DSC05568.jpeg 1616w\" sizes=\"(max-width: 1024px) 100vw, 1024px\" \/> <img decoding=\"async\" class=\"alignnone size-large wp-image-651\" src=\"https:\/\/www.predsjednikfbih.gov.ba\/wp-content\/uploads\/2024\/03\/DSC05583-1024x684.jpeg\" alt=\"\" width=\"1024\" height=\"684\" srcset=\"https:\/\/www.predsjednikfbih.gov.ba\/wp-content\/uploads\/2024\/03\/DSC05583-1024x684.jpeg 1024w, https:\/\/www.predsjednikfbih.gov.ba\/wp-content\/uploads\/2024\/03\/DSC05583-300x200.jpeg 300w, https:\/\/www.predsjednikfbih.gov.ba\/wp-content\/uploads\/2024\/03\/DSC05583-768x513.jpeg 768w, https:\/\/www.predsjednikfbih.gov.ba\/wp-content\/uploads\/2024\/03\/DSC05583-1536x1027.jpeg 1536w, https:\/\/www.predsjednikfbih.gov.ba\/wp-content\/uploads\/2024\/03\/DSC05583.jpeg 1616w\" sizes=\"(max-width: 1024px) 100vw, 1024px\" \/><\/p>\n","protected":false},"excerpt":{"rendered":"<p>U okviru sve\u010danog obreda odr\u017eanog danas u banjolu\u010dkoj katedrali svetog Bonaventure, odvijalo se biskupsko re\u0111enje [&hellip;]<\/p>\n","protected":false},"author":1,"featured_media":655,"comment_status":"open","ping_status":"open","sticky":false,"template":"","format":"standard","meta":{"inline_featured_image":false,"footnotes":""},"categories":[3,4,7],"tags":[],"class_list":["post-657","post","type-post","status-publish","format-standard","has-post-thumbnail","hentry","category-novosti","category-objave","category-priopcenja"],"acf":[],"_links":{"self":[{"href":"https:\/\/www.predsjednikfbih.gov.ba\/index.php\/wp-json\/wp\/v2\/posts\/657","targetHints":{"allow":["GET"]}}],"collection":[{"href":"https:\/\/www.predsjednikfbih.gov.ba\/index.php\/wp-json\/wp\/v2\/posts"}],"about":[{"href":"https:\/\/www.predsjednikfbih.gov.ba\/index.php\/wp-json\/wp\/v2\/types\/post"}],"author":[{"embeddable":true,"href":"https:\/\/www.predsjednikfbih.gov.ba\/index.php\/wp-json\/wp\/v2\/users\/1"}],"replies":[{"embeddable":true,"href":"https:\/\/www.predsjednikfbih.gov.ba\/index.php\/wp-json\/wp\/v2\/comments?post=657"}],"version-history":[{"count":1,"href":"https:\/\/www.predsjednikfbih.gov.ba\/index.php\/wp-json\/wp\/v2\/posts\/657\/revisions"}],"predecessor-version":[{"id":658,"href":"https:\/\/www.predsjednikfbih.gov.ba\/index.php\/wp-json\/wp\/v2\/posts\/657\/revisions\/658"}],"wp:featuredmedia":[{"embeddable":true,"href":"https:\/\/www.predsjednikfbih.gov.ba\/index.php\/wp-json\/wp\/v2\/media\/655"}],"wp:attachment":[{"href":"https:\/\/www.predsjednikfbih.gov.ba\/index.php\/wp-json\/wp\/v2\/media?parent=657"}],"wp:term":[{"taxonomy":"category","embeddable":true,"href":"https:\/\/www.predsjednikfbih.gov.ba\/index.php\/wp-json\/wp\/v2\/categories?post=657"},{"taxonomy":"post_tag","embeddable":true,"href":"https:\/\/www.predsjednikfbih.gov.ba\/index.php\/wp-json\/wp\/v2\/tags?post=657"}],"curies":[{"name":"wp","href":"https:\/\/api.w.org\/{rel}","templated":true}]}}