{"id":616,"date":"2024-02-20T12:31:08","date_gmt":"2024-02-20T12:31:08","guid":{"rendered":"https:\/\/www.predsjednikfbih.gov.ba\/?p=616"},"modified":"2024-02-20T12:31:08","modified_gmt":"2024-02-20T12:31:08","slug":"svecano-otvorena-umjetnicka-instalacija-sarajevo-olympic-journey-povodom-40-godisnjice-zimskih-olimpijskih-igara","status":"publish","type":"post","link":"https:\/\/www.predsjednikfbih.gov.ba\/index.php\/2024\/02\/20\/svecano-otvorena-umjetnicka-instalacija-sarajevo-olympic-journey-povodom-40-godisnjice-zimskih-olimpijskih-igara\/","title":{"rendered":"Sve\u010dano otvorena umjetni\u010dka instalacija \"Sarajevo Olympic Journey\" povodom 40. godi\u0161njice Zimskih olimpijskih igara"},"content":{"rendered":"<h4>Ju\u010der, 19. velja\u010de 2024. godine, u Parku Zetra, u 12 sati, obilje\u017eena je 40. godi\u0161njica odr\u017eavanja Zimskih olimpijskih igara 1984. godine u Sarajevu. Tim povodom, predsjednica Federacije Bosne i Hercegovine, Lidija Bradara, sudjelovala je na sve\u010danom otvaranju umjetni\u010dke instalacije \"Sarajevo Olympic Journey\", djela koje simbolizira snagu i duh Sarajeva kao doma\u0107ina legendarne sportske manifestacije.<\/h4>\n<p>Predsjednica Bradara istaknula je zna\u010daj ovog jubileja kao podsjetnika na me\u0111usobno po\u0161tovanje i nadu za bolju budu\u0107nost. <em>\"Neka i ova obljetnica i brojni sadr\u017eaji u sklopu iste budu zalog me\u0111usobnog po\u0161tovanja i bolje budu\u0107nosti nas i na\u0161e djece!\"<\/em> - poru\u010dila je Bradara.<\/p>\n<p>Instalacija, autorice Edine Seleskovi\u0107, predstavlja manifest budu\u0107nosti, nude\u0107i druga\u010diji pristup olimpijskim oblicima kroz me\u0111uprostorima u momentima spajanja i odvajanja. Ovaj umjetni\u010dki rad, usmjeren ka budu\u0107nosti, slu\u017ei kao simbol putovanja kroz vrijeme, povezuju\u0107i bogatu olimpijsku pro\u0161lost grada s nadama i aspiracijama za budu\u0107nost.<\/p>\n<p>Sve\u010danost otvaranja uveli\u010dali su glazbeni performansi poznatih kompozitora, Erica Bretona i Emira Nuhanovi\u0107a, dodaju\u0107i ovom doga\u0111aju posebnu atmosferu. Njihova glazba odjekivala je Parkom Zetra, pru\u017eaju\u0107i prisutnima jedinstveno iskustvo koje povezuje umjetnost, sport i kulturu.<\/p>\n<p>Ovo doga\u0111anje ne samo da odaje po\u010dast olimpijskom duhu i naslije\u0111u Sarajeva, ve\u0107 i otvara novu stranicu u pri\u010di o gradu, demonstriraju\u0107i snagu kreativnosti i zajedni\u0161tva u izgradnji bolje budu\u0107nosti.<\/p>\n<p><img decoding=\"async\" class=\"alignnone size-large wp-image-620\" src=\"https:\/\/www.predsjednikfbih.gov.ba\/wp-content\/uploads\/2024\/02\/428446877_8414572898580611_755555133775419225_n-1024x684.jpg\" alt=\"\" width=\"1024\" height=\"684\" srcset=\"https:\/\/www.predsjednikfbih.gov.ba\/wp-content\/uploads\/2024\/02\/428446877_8414572898580611_755555133775419225_n-1024x684.jpg 1024w, https:\/\/www.predsjednikfbih.gov.ba\/wp-content\/uploads\/2024\/02\/428446877_8414572898580611_755555133775419225_n-300x200.jpg 300w, https:\/\/www.predsjednikfbih.gov.ba\/wp-content\/uploads\/2024\/02\/428446877_8414572898580611_755555133775419225_n-768x513.jpg 768w, https:\/\/www.predsjednikfbih.gov.ba\/wp-content\/uploads\/2024\/02\/428446877_8414572898580611_755555133775419225_n-1536x1027.jpg 1536w, https:\/\/www.predsjednikfbih.gov.ba\/wp-content\/uploads\/2024\/02\/428446877_8414572898580611_755555133775419225_n.jpg 1616w\" sizes=\"(max-width: 1024px) 100vw, 1024px\" \/> <img decoding=\"async\" class=\"alignnone size-large wp-image-618\" src=\"https:\/\/www.predsjednikfbih.gov.ba\/wp-content\/uploads\/2024\/02\/428424015_8414572981913936_5980074058985040510_n-768x1024.jpg\" alt=\"\" width=\"768\" height=\"1024\" srcset=\"https:\/\/www.predsjednikfbih.gov.ba\/wp-content\/uploads\/2024\/02\/428424015_8414572981913936_5980074058985040510_n-768x1024.jpg 768w, https:\/\/www.predsjednikfbih.gov.ba\/wp-content\/uploads\/2024\/02\/428424015_8414572981913936_5980074058985040510_n-225x300.jpg 225w, https:\/\/www.predsjednikfbih.gov.ba\/wp-content\/uploads\/2024\/02\/428424015_8414572981913936_5980074058985040510_n-1152x1536.jpg 1152w, https:\/\/www.predsjednikfbih.gov.ba\/wp-content\/uploads\/2024\/02\/428424015_8414572981913936_5980074058985040510_n.jpg 1440w\" sizes=\"(max-width: 768px) 100vw, 768px\" \/> <img decoding=\"async\" class=\"alignnone size-large wp-image-619\" src=\"https:\/\/www.predsjednikfbih.gov.ba\/wp-content\/uploads\/2024\/02\/428438272_8414572901913944_8621365716883081987_n-684x1024.jpg\" alt=\"\" width=\"684\" height=\"1024\" srcset=\"https:\/\/www.predsjednikfbih.gov.ba\/wp-content\/uploads\/2024\/02\/428438272_8414572901913944_8621365716883081987_n-684x1024.jpg 684w, https:\/\/www.predsjednikfbih.gov.ba\/wp-content\/uploads\/2024\/02\/428438272_8414572901913944_8621365716883081987_n-200x300.jpg 200w, https:\/\/www.predsjednikfbih.gov.ba\/wp-content\/uploads\/2024\/02\/428438272_8414572901913944_8621365716883081987_n-768x1149.jpg 768w, https:\/\/www.predsjednikfbih.gov.ba\/wp-content\/uploads\/2024\/02\/428438272_8414572901913944_8621365716883081987_n-1027x1536.jpg 1027w, https:\/\/www.predsjednikfbih.gov.ba\/wp-content\/uploads\/2024\/02\/428438272_8414572901913944_8621365716883081987_n.jpg 1080w\" sizes=\"(max-width: 684px) 100vw, 684px\" \/> <img decoding=\"async\" class=\"alignnone size-large wp-image-617\" src=\"https:\/\/www.predsjednikfbih.gov.ba\/wp-content\/uploads\/2024\/02\/428474703_8414572881913946_3457665597695630583_n-1024x684.jpg\" alt=\"\" width=\"1024\" height=\"684\" srcset=\"https:\/\/www.predsjednikfbih.gov.ba\/wp-content\/uploads\/2024\/02\/428474703_8414572881913946_3457665597695630583_n-1024x684.jpg 1024w, https:\/\/www.predsjednikfbih.gov.ba\/wp-content\/uploads\/2024\/02\/428474703_8414572881913946_3457665597695630583_n-300x200.jpg 300w, https:\/\/www.predsjednikfbih.gov.ba\/wp-content\/uploads\/2024\/02\/428474703_8414572881913946_3457665597695630583_n-768x513.jpg 768w, https:\/\/www.predsjednikfbih.gov.ba\/wp-content\/uploads\/2024\/02\/428474703_8414572881913946_3457665597695630583_n-1536x1027.jpg 1536w, https:\/\/www.predsjednikfbih.gov.ba\/wp-content\/uploads\/2024\/02\/428474703_8414572881913946_3457665597695630583_n.jpg 1616w\" sizes=\"(max-width: 1024px) 100vw, 1024px\" \/> <img decoding=\"async\" class=\"alignnone size-large wp-image-621\" src=\"https:\/\/www.predsjednikfbih.gov.ba\/wp-content\/uploads\/2024\/02\/428424010_8414556671915567_2368774661427640190_n-1024x684.jpg\" alt=\"\" width=\"1024\" height=\"684\" srcset=\"https:\/\/www.predsjednikfbih.gov.ba\/wp-content\/uploads\/2024\/02\/428424010_8414556671915567_2368774661427640190_n-1024x684.jpg 1024w, https:\/\/www.predsjednikfbih.gov.ba\/wp-content\/uploads\/2024\/02\/428424010_8414556671915567_2368774661427640190_n-300x200.jpg 300w, https:\/\/www.predsjednikfbih.gov.ba\/wp-content\/uploads\/2024\/02\/428424010_8414556671915567_2368774661427640190_n-768x513.jpg 768w, https:\/\/www.predsjednikfbih.gov.ba\/wp-content\/uploads\/2024\/02\/428424010_8414556671915567_2368774661427640190_n-1536x1027.jpg 1536w, https:\/\/www.predsjednikfbih.gov.ba\/wp-content\/uploads\/2024\/02\/428424010_8414556671915567_2368774661427640190_n.jpg 1616w\" sizes=\"(max-width: 1024px) 100vw, 1024px\" \/><\/p>\n","protected":false},"excerpt":{"rendered":"<p>Ju\u010der, 19. velja\u010de 2024. godine, u Parku Zetra, u 12 sati, obilje\u017eena je 40. godi\u0161njica [&hellip;]<\/p>\n","protected":false},"author":1,"featured_media":621,"comment_status":"open","ping_status":"open","sticky":false,"template":"","format":"standard","meta":{"inline_featured_image":false,"footnotes":""},"categories":[3,4,7],"tags":[],"class_list":["post-616","post","type-post","status-publish","format-standard","has-post-thumbnail","hentry","category-novosti","category-objave","category-priopcenja"],"acf":[],"_links":{"self":[{"href":"https:\/\/www.predsjednikfbih.gov.ba\/index.php\/wp-json\/wp\/v2\/posts\/616","targetHints":{"allow":["GET"]}}],"collection":[{"href":"https:\/\/www.predsjednikfbih.gov.ba\/index.php\/wp-json\/wp\/v2\/posts"}],"about":[{"href":"https:\/\/www.predsjednikfbih.gov.ba\/index.php\/wp-json\/wp\/v2\/types\/post"}],"author":[{"embeddable":true,"href":"https:\/\/www.predsjednikfbih.gov.ba\/index.php\/wp-json\/wp\/v2\/users\/1"}],"replies":[{"embeddable":true,"href":"https:\/\/www.predsjednikfbih.gov.ba\/index.php\/wp-json\/wp\/v2\/comments?post=616"}],"version-history":[{"count":1,"href":"https:\/\/www.predsjednikfbih.gov.ba\/index.php\/wp-json\/wp\/v2\/posts\/616\/revisions"}],"predecessor-version":[{"id":622,"href":"https:\/\/www.predsjednikfbih.gov.ba\/index.php\/wp-json\/wp\/v2\/posts\/616\/revisions\/622"}],"wp:featuredmedia":[{"embeddable":true,"href":"https:\/\/www.predsjednikfbih.gov.ba\/index.php\/wp-json\/wp\/v2\/media\/621"}],"wp:attachment":[{"href":"https:\/\/www.predsjednikfbih.gov.ba\/index.php\/wp-json\/wp\/v2\/media?parent=616"}],"wp:term":[{"taxonomy":"category","embeddable":true,"href":"https:\/\/www.predsjednikfbih.gov.ba\/index.php\/wp-json\/wp\/v2\/categories?post=616"},{"taxonomy":"post_tag","embeddable":true,"href":"https:\/\/www.predsjednikfbih.gov.ba\/index.php\/wp-json\/wp\/v2\/tags?post=616"}],"curies":[{"name":"wp","href":"https:\/\/api.w.org\/{rel}","templated":true}]}}