{"id":582,"date":"2024-01-26T10:35:21","date_gmt":"2024-01-26T10:35:21","guid":{"rendered":"https:\/\/www.predsjednikfbih.gov.ba\/?p=582"},"modified":"2024-01-26T10:35:21","modified_gmt":"2024-01-26T10:35:21","slug":"predsjednica-bradara-sa-generalnim-tajnikom-morijem","status":"publish","type":"post","link":"https:\/\/www.predsjednikfbih.gov.ba\/index.php\/2024\/01\/26\/predsjednica-bradara-sa-generalnim-tajnikom-morijem\/","title":{"rendered":"Predsjednica Bradara sa generalnim tajnikom Morijem"},"content":{"rendered":"<h4>Mathieu Mori, generalni tajnik Kongresa lokalnih i regionalnih vlasti Vije\u0107a Europe u posjeti je u Bosni i Hercegovini.<\/h4>\n<p>Prvog dana posjete odr\u017eao je sastanak i sa \u010dlanovima izaslanstva Bosne i Hercegovine pri Kongresu kojemu je nazo\u010dila i predsjednica Federacije BiH Lidija Bradara.<\/p>\n<p>Na sastanku je razgovarano o aktivnijem sudjelovanju predstavnika BiH u ovom tijelu te narednom zasjedanju Kongresa koje je najavljeno za o\u017eujak. Tajnik Mori se zanimao za povratne informacije od \u010dlanova izaslanstva glede eventualnih pobolj\u0161anja suradnje i samog sudjelovanja ali i potencijalni prijedlozi za druge vidove suradnje.<\/p>\n<p>Dogovoreno je \u010de\u0161\u0107e sastajanje BiH izaslanstva pogotovo uo\u010di zasjedanja Kongresa (dva puta godi\u0161nje) kako bi se razgovaralo o nekim zajedni\u010dkim interesima kao i potencijalnom zajedni\u010dkom nastupu odnosno otvaranju nekih usugla\u0161enih tema na samom zasjedanju. Tako\u0111er, razgovarano je i o projektima koji za cilj imaju podr\u0161ku ve\u0107eg sudjelovanja \u017eena u politi\u010dkom \u017eivotu kao i podr\u0161ci projektima mladih koji su se pokazali iznimno korisni i za mlade koji tek po\u010dinju svoje politi\u010dke djelovanje.<\/p>\n<p><img decoding=\"async\" class=\"alignnone size-large wp-image-583\" src=\"https:\/\/www.predsjednikfbih.gov.ba\/wp-content\/uploads\/2024\/01\/IMG_0507-1024x683.jpeg\" alt=\"\" width=\"1024\" height=\"683\" srcset=\"https:\/\/www.predsjednikfbih.gov.ba\/wp-content\/uploads\/2024\/01\/IMG_0507-1024x683.jpeg 1024w, https:\/\/www.predsjednikfbih.gov.ba\/wp-content\/uploads\/2024\/01\/IMG_0507-300x200.jpeg 300w, https:\/\/www.predsjednikfbih.gov.ba\/wp-content\/uploads\/2024\/01\/IMG_0507-768x512.jpeg 768w, https:\/\/www.predsjednikfbih.gov.ba\/wp-content\/uploads\/2024\/01\/IMG_0507-1536x1024.jpeg 1536w, https:\/\/www.predsjednikfbih.gov.ba\/wp-content\/uploads\/2024\/01\/IMG_0507.jpeg 1920w\" sizes=\"(max-width: 1024px) 100vw, 1024px\" \/> <img decoding=\"async\" class=\"alignnone size-large wp-image-584\" src=\"https:\/\/www.predsjednikfbih.gov.ba\/wp-content\/uploads\/2024\/01\/IMG_0508-1024x768.jpeg\" alt=\"\" width=\"1024\" height=\"768\" srcset=\"https:\/\/www.predsjednikfbih.gov.ba\/wp-content\/uploads\/2024\/01\/IMG_0508-1024x768.jpeg 1024w, https:\/\/www.predsjednikfbih.gov.ba\/wp-content\/uploads\/2024\/01\/IMG_0508-300x225.jpeg 300w, https:\/\/www.predsjednikfbih.gov.ba\/wp-content\/uploads\/2024\/01\/IMG_0508-768x576.jpeg 768w, https:\/\/www.predsjednikfbih.gov.ba\/wp-content\/uploads\/2024\/01\/IMG_0508-1536x1152.jpeg 1536w, https:\/\/www.predsjednikfbih.gov.ba\/wp-content\/uploads\/2024\/01\/IMG_0508.jpeg 1920w\" sizes=\"(max-width: 1024px) 100vw, 1024px\" \/> <img decoding=\"async\" class=\"alignnone size-large wp-image-585\" src=\"https:\/\/www.predsjednikfbih.gov.ba\/wp-content\/uploads\/2024\/01\/IMG_0509-1024x683.jpeg\" alt=\"\" width=\"1024\" height=\"683\" srcset=\"https:\/\/www.predsjednikfbih.gov.ba\/wp-content\/uploads\/2024\/01\/IMG_0509-1024x683.jpeg 1024w, https:\/\/www.predsjednikfbih.gov.ba\/wp-content\/uploads\/2024\/01\/IMG_0509-300x200.jpeg 300w, https:\/\/www.predsjednikfbih.gov.ba\/wp-content\/uploads\/2024\/01\/IMG_0509-768x512.jpeg 768w, https:\/\/www.predsjednikfbih.gov.ba\/wp-content\/uploads\/2024\/01\/IMG_0509-1536x1024.jpeg 1536w, https:\/\/www.predsjednikfbih.gov.ba\/wp-content\/uploads\/2024\/01\/IMG_0509.jpeg 1920w\" sizes=\"(max-width: 1024px) 100vw, 1024px\" \/><\/p>\n","protected":false},"excerpt":{"rendered":"<p>Mathieu Mori, generalni tajnik Kongresa lokalnih i regionalnih vlasti Vije\u0107a Europe u posjeti je u [&hellip;]<\/p>\n","protected":false},"author":1,"featured_media":584,"comment_status":"open","ping_status":"open","sticky":false,"template":"","format":"standard","meta":{"inline_featured_image":false,"footnotes":""},"categories":[3,4,7],"tags":[],"class_list":["post-582","post","type-post","status-publish","format-standard","has-post-thumbnail","hentry","category-novosti","category-objave","category-priopcenja"],"acf":[],"_links":{"self":[{"href":"https:\/\/www.predsjednikfbih.gov.ba\/index.php\/wp-json\/wp\/v2\/posts\/582","targetHints":{"allow":["GET"]}}],"collection":[{"href":"https:\/\/www.predsjednikfbih.gov.ba\/index.php\/wp-json\/wp\/v2\/posts"}],"about":[{"href":"https:\/\/www.predsjednikfbih.gov.ba\/index.php\/wp-json\/wp\/v2\/types\/post"}],"author":[{"embeddable":true,"href":"https:\/\/www.predsjednikfbih.gov.ba\/index.php\/wp-json\/wp\/v2\/users\/1"}],"replies":[{"embeddable":true,"href":"https:\/\/www.predsjednikfbih.gov.ba\/index.php\/wp-json\/wp\/v2\/comments?post=582"}],"version-history":[{"count":1,"href":"https:\/\/www.predsjednikfbih.gov.ba\/index.php\/wp-json\/wp\/v2\/posts\/582\/revisions"}],"predecessor-version":[{"id":586,"href":"https:\/\/www.predsjednikfbih.gov.ba\/index.php\/wp-json\/wp\/v2\/posts\/582\/revisions\/586"}],"wp:featuredmedia":[{"embeddable":true,"href":"https:\/\/www.predsjednikfbih.gov.ba\/index.php\/wp-json\/wp\/v2\/media\/584"}],"wp:attachment":[{"href":"https:\/\/www.predsjednikfbih.gov.ba\/index.php\/wp-json\/wp\/v2\/media?parent=582"}],"wp:term":[{"taxonomy":"category","embeddable":true,"href":"https:\/\/www.predsjednikfbih.gov.ba\/index.php\/wp-json\/wp\/v2\/categories?post=582"},{"taxonomy":"post_tag","embeddable":true,"href":"https:\/\/www.predsjednikfbih.gov.ba\/index.php\/wp-json\/wp\/v2\/tags?post=582"}],"curies":[{"name":"wp","href":"https:\/\/api.w.org\/{rel}","templated":true}]}}