{"id":571,"date":"2024-01-14T06:43:43","date_gmt":"2024-01-14T06:43:43","guid":{"rendered":"https:\/\/www.predsjednikfbih.gov.ba\/?p=571"},"modified":"2024-01-14T06:43:43","modified_gmt":"2024-01-14T06:43:43","slug":"bradara-u-crnoj-gori-dan-hrvatskog-naroda","status":"publish","type":"post","link":"https:\/\/www.predsjednikfbih.gov.ba\/index.php\/2024\/01\/14\/bradara-u-crnoj-gori-dan-hrvatskog-naroda\/","title":{"rendered":"Bradara u Crnoj Gori: Dan hrvatskog naroda"},"content":{"rendered":"<h3>U Crnoj Gori je obilje\u017een Dan hrvatskog naroda a programu je uz brojne zvanice iz ove zemlje ali i Republike Hrvatske nazo\u010dila i predsjednica Federacije BiH Lidija Bradara. Program je po\u010deo sve\u010danom svetom misom za hrvatski narod u Crnoj Gori u katedrali sv. Tripuna u Kotoru.<\/h3>\n<div dir=\"auto\"><\/div>\n<div dir=\"auto\">U organizaciji Hrvatskog nacionalnog vije\u0107a Crne Gore odr\u017eana je i sve\u010dana akademija i koncert u dvorani Auditorium u Tivtu.<\/div>\n<div dir=\"auto\"><\/div>\n<div dir=\"auto\"><em>\"Hrvatski narod u Crnoj Gori va\u017ean je dio sveukupnog hrvatskog nacionalnog bi\u0107a i drago mi je vidjeti kako ste povezani sa Republikom Hrvatskom kao \u0161to je i hrvatski narod u BiH. Nadam se da \u0107emo uskoro svi\u00a0 biti dio velike europske obitelji\"<\/em> kazala je predsjednica Bradara.<\/div>\n<div dir=\"auto\"><\/div>\n<div dir=\"auto\">Predsjednik HNV-a Zvonimir Dekovi\u0107 kazao je kako vijorenje zastave hrvatskoga naroda uz crnogorsku, 13.1, predstavlja za hrvatski narod u Crnoj Gori prije svega ponos, dokaz zajedni\u0161tva i opstojnosti hrvatskoga naroda na ovim prostorima.<\/div>\n<div dir=\"auto\"><\/div>\n<div dir=\"auto\">Sve\u010danosti su nazo\u010dili i ministri u Vladi Republike Hrvatske Ivan Anu\u0161i\u0107 i Gordan Grli\u0107 Radman kao i Zvonko Milas dr\u017eavni tajnik Sredi\u0161njeg dr\u017eavnog ureda za Hrvate izvan RH te brojni drugi.<\/div>\n<div dir=\"auto\"><\/div>\n<div dir=\"auto\">Trinaesti sije\u010dnja\u00a0je\u00a0izabran za Dan hrvatskog naroda u Crnoj Gori, u spomen na dan kad su mo\u0107i sv. Tripuna 809. godine prenesene iz Carigrada u Kotor.<\/div>\n<div dir=\"auto\"><img decoding=\"async\" class=\"alignnone size-large wp-image-572\" src=\"https:\/\/www.predsjednikfbih.gov.ba\/wp-content\/uploads\/2024\/01\/20240113_201629-1024x768.jpg\" alt=\"\" width=\"1024\" height=\"768\" srcset=\"https:\/\/www.predsjednikfbih.gov.ba\/wp-content\/uploads\/2024\/01\/20240113_201629-1024x768.jpg 1024w, https:\/\/www.predsjednikfbih.gov.ba\/wp-content\/uploads\/2024\/01\/20240113_201629-300x225.jpg 300w, https:\/\/www.predsjednikfbih.gov.ba\/wp-content\/uploads\/2024\/01\/20240113_201629-768x576.jpg 768w, https:\/\/www.predsjednikfbih.gov.ba\/wp-content\/uploads\/2024\/01\/20240113_201629-1536x1152.jpg 1536w, https:\/\/www.predsjednikfbih.gov.ba\/wp-content\/uploads\/2024\/01\/20240113_201629.jpg 1920w\" sizes=\"(max-width: 1024px) 100vw, 1024px\" \/> <img decoding=\"async\" class=\"alignnone size-large wp-image-575\" src=\"https:\/\/www.predsjednikfbih.gov.ba\/wp-content\/uploads\/2024\/01\/20240113_192222-1024x768.jpg\" alt=\"\" width=\"1024\" height=\"768\" srcset=\"https:\/\/www.predsjednikfbih.gov.ba\/wp-content\/uploads\/2024\/01\/20240113_192222-1024x768.jpg 1024w, https:\/\/www.predsjednikfbih.gov.ba\/wp-content\/uploads\/2024\/01\/20240113_192222-300x225.jpg 300w, https:\/\/www.predsjednikfbih.gov.ba\/wp-content\/uploads\/2024\/01\/20240113_192222-768x576.jpg 768w, https:\/\/www.predsjednikfbih.gov.ba\/wp-content\/uploads\/2024\/01\/20240113_192222-1536x1152.jpg 1536w, https:\/\/www.predsjednikfbih.gov.ba\/wp-content\/uploads\/2024\/01\/20240113_192222.jpg 1920w\" sizes=\"(max-width: 1024px) 100vw, 1024px\" \/> <img decoding=\"async\" class=\"alignnone size-large wp-image-574\" src=\"https:\/\/www.predsjednikfbih.gov.ba\/wp-content\/uploads\/2024\/01\/20240113_193022-1024x768.jpg\" alt=\"\" width=\"1024\" height=\"768\" srcset=\"https:\/\/www.predsjednikfbih.gov.ba\/wp-content\/uploads\/2024\/01\/20240113_193022-1024x768.jpg 1024w, https:\/\/www.predsjednikfbih.gov.ba\/wp-content\/uploads\/2024\/01\/20240113_193022-300x225.jpg 300w, https:\/\/www.predsjednikfbih.gov.ba\/wp-content\/uploads\/2024\/01\/20240113_193022-768x576.jpg 768w, https:\/\/www.predsjednikfbih.gov.ba\/wp-content\/uploads\/2024\/01\/20240113_193022-1536x1152.jpg 1536w, https:\/\/www.predsjednikfbih.gov.ba\/wp-content\/uploads\/2024\/01\/20240113_193022.jpg 1920w\" sizes=\"(max-width: 1024px) 100vw, 1024px\" \/> <img decoding=\"async\" class=\"alignnone size-large wp-image-573\" src=\"https:\/\/www.predsjednikfbih.gov.ba\/wp-content\/uploads\/2024\/01\/20240113_204409-1024x768.jpg\" alt=\"\" width=\"1024\" height=\"768\" srcset=\"https:\/\/www.predsjednikfbih.gov.ba\/wp-content\/uploads\/2024\/01\/20240113_204409-1024x768.jpg 1024w, https:\/\/www.predsjednikfbih.gov.ba\/wp-content\/uploads\/2024\/01\/20240113_204409-300x225.jpg 300w, https:\/\/www.predsjednikfbih.gov.ba\/wp-content\/uploads\/2024\/01\/20240113_204409-768x576.jpg 768w, https:\/\/www.predsjednikfbih.gov.ba\/wp-content\/uploads\/2024\/01\/20240113_204409-1536x1152.jpg 1536w, https:\/\/www.predsjednikfbih.gov.ba\/wp-content\/uploads\/2024\/01\/20240113_204409.jpg 1920w\" sizes=\"(max-width: 1024px) 100vw, 1024px\" \/><\/div>\n","protected":false},"excerpt":{"rendered":"<p>U Crnoj Gori je obilje\u017een Dan hrvatskog naroda a programu je uz brojne zvanice iz [&hellip;]<\/p>\n","protected":false},"author":1,"featured_media":573,"comment_status":"open","ping_status":"open","sticky":false,"template":"","format":"standard","meta":{"inline_featured_image":false,"footnotes":""},"categories":[3,4,7],"tags":[],"class_list":["post-571","post","type-post","status-publish","format-standard","has-post-thumbnail","hentry","category-novosti","category-objave","category-priopcenja"],"acf":[],"_links":{"self":[{"href":"https:\/\/www.predsjednikfbih.gov.ba\/index.php\/wp-json\/wp\/v2\/posts\/571","targetHints":{"allow":["GET"]}}],"collection":[{"href":"https:\/\/www.predsjednikfbih.gov.ba\/index.php\/wp-json\/wp\/v2\/posts"}],"about":[{"href":"https:\/\/www.predsjednikfbih.gov.ba\/index.php\/wp-json\/wp\/v2\/types\/post"}],"author":[{"embeddable":true,"href":"https:\/\/www.predsjednikfbih.gov.ba\/index.php\/wp-json\/wp\/v2\/users\/1"}],"replies":[{"embeddable":true,"href":"https:\/\/www.predsjednikfbih.gov.ba\/index.php\/wp-json\/wp\/v2\/comments?post=571"}],"version-history":[{"count":1,"href":"https:\/\/www.predsjednikfbih.gov.ba\/index.php\/wp-json\/wp\/v2\/posts\/571\/revisions"}],"predecessor-version":[{"id":576,"href":"https:\/\/www.predsjednikfbih.gov.ba\/index.php\/wp-json\/wp\/v2\/posts\/571\/revisions\/576"}],"wp:featuredmedia":[{"embeddable":true,"href":"https:\/\/www.predsjednikfbih.gov.ba\/index.php\/wp-json\/wp\/v2\/media\/573"}],"wp:attachment":[{"href":"https:\/\/www.predsjednikfbih.gov.ba\/index.php\/wp-json\/wp\/v2\/media?parent=571"}],"wp:term":[{"taxonomy":"category","embeddable":true,"href":"https:\/\/www.predsjednikfbih.gov.ba\/index.php\/wp-json\/wp\/v2\/categories?post=571"},{"taxonomy":"post_tag","embeddable":true,"href":"https:\/\/www.predsjednikfbih.gov.ba\/index.php\/wp-json\/wp\/v2\/tags?post=571"}],"curies":[{"name":"wp","href":"https:\/\/api.w.org\/{rel}","templated":true}]}}