{"id":560,"date":"2024-01-07T09:59:52","date_gmt":"2024-01-07T09:59:52","guid":{"rendered":"https:\/\/www.predsjednikfbih.gov.ba\/?p=560"},"modified":"2024-01-14T06:45:26","modified_gmt":"2024-01-14T06:45:26","slug":"intervju-lidija-bradara-predsjednica-federacije-bih-uspjeli-smo-stabilizirati-federaciju-ojacati-toleranciju-i-suradnju-pravedan-izborni-zakon-je-prioritet","status":"publish","type":"post","link":"https:\/\/www.predsjednikfbih.gov.ba\/index.php\/2024\/01\/07\/intervju-lidija-bradara-predsjednica-federacije-bih-uspjeli-smo-stabilizirati-federaciju-ojacati-toleranciju-i-suradnju-pravedan-izborni-zakon-je-prioritet\/","title":{"rendered":"Intervju: Lidija Bradara, predsjednica Federacije BiH - Uspjeli smo stabilizirati Federaciju, oja\u010dati toleranciju i suradnju, pravedan Izborni zakon je prioritet"},"content":{"rendered":"<p class=\"rtejustify\">Godina koja je iza nas donijela je niz velikih politi\u010dkih promjena kada je rije\u010d o Federaciji BiH, ustrojena je nova Vlada, kao i nova parlamentarna ve\u0107ina, koja je do sada pokazala kako se stvari, u duhu tolerancije i me\u0111usobnog uva\u017eavanja, mogu mijenjati nabolje. Naravno, postoje izazovi poput blokade oporbe u Zastupni\u010dkom domu Federacije, koja se pak reflektira na niz procesa koji su trenuta\u010dno na \u010dekanju. O ovim, kao i ostalim temama, poput potrebe dono\u0161enja Izbornog zakona koji \u0107e omogu\u0107iti stvarnu ravnopravnost Hrvata, za <em><u><a href=\"https:\/\/www.vecernji.ba\/vijesti\/uspjeli-smo-stabilizirati-federaciju-ojacati-toleranciju-i-suradnju-pravedan-izborni-zakon-je-prioritet-1736756\">Ve\u010dernji list<\/a><\/u><\/em> govorila je Lidija Bradara, predsjednica Federacije BiH.<\/p>\n<p class=\"rtejustify\"><strong>Ve\u010dernji list: Po\u010detak godine prilika je za napraviti osvrt na doga\u0111aje koji su obilje\u017eili 2023. godinu u politi\u010dkom smislu. Imali smo niz aktivnosti, dio kojih je kona\u010dno stabilizirao Federaciju. Kako biste ocijenili proteklu godinu?<\/strong><\/p>\n<p class=\"rtejustify\">- Mo\u017ee se re\u0107i kako je po\u010detak godine bio jako buran, imali smo i nova pravila vezana uz Dom naroda, provedbu izbornih rezultata, kao i izbor predsjednika i dopredsjednika na jedan malo druga\u010diji na\u010din nego prethodnih godina te smo, nakon osam godina, imali i imenovanje nove Vlade Federacije. Nakon toga u\u0161li smo u jednu \u0161iroku koaliciju te mislim da je, s obzirom na okolnosti, Federacija danas prili\u010dno stabilna. Uvedena je dodatna doza povjerenja uz ja\u010danje tolerancije unutar Federacije. Mo\u017eemo re\u0107i da je cijela 2023., kada govorimo o ovom entitetu, protekla u duhu tolerancije, razgovora, a va\u017eno je da smo osigurali politi\u010dku stabilnost. Naravno, sve navedeno iziskuje mnogo rada.<\/p>\n<p class=\"rtejustify\"><strong>Ve\u010dernji list: Mo\u017ee li se govoriti da su u nekoj mjeri popravljeni odnosi Hrvata i Bo\u0161njaka?<\/strong><\/p>\n<p class=\"rtejustify\">- Da, mo\u017eemo re\u0107i da smo ih popravili. Neke stvari lak\u0161e, a neke te\u017ee dogovaramo. Postoji zavidna razina povjerenja izme\u0111u partnera.<\/p>\n<p class=\"rtejustify\"><strong>Ve\u010dernji list: Mo\u017eete li se reflektirati na rad Vlade, kao i oba doma Parlamenta Federacije?<\/strong><\/p>\n<p class=\"rtejustify\">- Naravno, uvijek mo\u017ee bolje. Kada govorimo o Vladi Federacije, treba uzeti u obzir \u010dinjenicu da je rije\u010d o Vladi koju u ve\u0107ini \u010dine ministri koji su prvi put u izvr\u0161noj vlasti u Federaciji, osim, naravno, predsjednika Vlade, te je svakako potrebno odre\u0111eno razdoblje da se ljudi uklju\u010de u sve procese. S druge strane, imamo blokadu u Zastupni\u010dkom domu Parlamenta Federacije jer je onemogu\u0107eno velikom broju zastupnika da ostvaruje ustavna prava, odnosno blokiran je rad u povjerenstvima. Tako, u svakom slu\u010daju, o\u010dekujem da \u0107e se razgovori nastaviti i da \u0107e oni koji u ovom trenutku blokiraju rad Zastupni\u010dkog doma shvatiti kako je to na \u0161tetu svih gra\u0111ana, stanovnika Federacije te da \u0107e se pona\u0161ati kao odgovorna oporba.<\/p>\n<p class=\"rtejustify\">Kada je rije\u010d o ekonomskom dijelu rada, bila bih sretna da je u 2023. bio usvojen prora\u010dun za 2024. godinu. No, o\u010dekujem da se ta aktivnost zavr\u0161i, a Federacija dobije prora\u010dun koji \u0107e biti realan i koji \u0107e biti smjernica djelovanja u ekonomskom smislu.<\/p>\n<p class=\"rtejustify\"><strong>Ve\u010dernji list: Evo ve\u0107 smo ju\u010der imali propao poku\u0161aj sazivanja sjednice Povjerenstva za izbor i imenovanja...<\/strong><\/p>\n<p class=\"rtejustify\">- Nije rije\u010d samo o Povjerenstvu za izbor i imenovanja ve\u0107 i o svim povjerenstvima, a uz izbor sudaca Ustavnog suda, mnogo je pitanja koja su tako\u0111er na \u010dekanju. Nemamo federalnog ravnatelja policije jer nemamo povjerenstvo, nemamo izbor glavnog revizora, kao ni zamjenika, a jo\u0161 je tu mnogo pozicija za koje je zadu\u017een federalni Parlament. Mnogo vi\u0161e problema prave te blokade nego \u0161to javnost u ovom trenutku zna.<\/p>\n<p class=\"rtejustify\"><strong>Ve\u010dernji list: Iza svega je oporba koja se ne mo\u017ee pomiriti s izostankom vlasti?!<\/strong><\/p>\n<p class=\"rtejustify\">- Naravno, to je svima jasno. O\u010dekujem da \u0107e oni biti svjesni odgovornosti i \u0161tete koju nanose svima u Federaciji. Jedno je boriti se politi\u010dkim sredstvima, a drugo je opstruirati.<\/p>\n<p class=\"rtejustify\"><strong>Ve\u010dernji list: Ipak, u godini iza nas imamo pozitivne pomake kada govorimo o ekonomskim reformama koje provodi aktualna vlast. Mo\u017eemo li o\u010dekivati nastavak aktivnosti u godini koja je pred nama?<\/strong><\/p>\n<p class=\"rtejustify\">- Naravno da se radi na ekonomskim reformama, na pobolj\u0161anju polo\u017eaja stanovni\u0161tva u Federaciji Bosne i Hercegovine. Bilo je tu i mjera koje su mo\u017eda trebale biti donesene i u proteklom mandatu. Ipak se nalazimo u okru\u017eenju \u010dije se posljedice odnose i na BiH. Pred nama su i zakoni koji dugo \u010dekaju, a rije\u010d je o sustavnim rje\u0161enjima. U svakom slu\u010daju, potrebno je mnogo vremena i dobra procjena prilikom dono\u0161enja takvih zakona kako ne bismo napravili vi\u0161e \u0161tete nego koristi. Ponajprije radnicima, poslodavcima, kao i cijelom ekonomskom sustavu u Federaciji.<\/p>\n<p class=\"rtejustify\">Klju\u010dni cilj je pobolj\u0161ati poslovno okru\u017eenje, osigurati ve\u0107e pla\u0107e radnicima, kao i bolje uvjete \u017eivota svima u Federaciji BiH, a ne ugroziti funkcioniranje lokalne samouprave, gospodarstvenika. Vjerujte, to nije laka reforma.<\/p>\n<p class=\"rtejustify\"><strong>Ve\u010dernji list: Kada govorimo o BiH u cjelini, europski put pru\u017ea povijesne prilike za dr\u017eavu. Kako gledate na dosada\u0161nju unaprije\u0111enu dinamiku europskog puta, kao i mogu\u0107nosti u ovoj godini?<\/strong><\/p>\n<p class=\"rtejustify\">- \u0160to se ti\u010de europskog puta BiH, nemamo nikakvih dvojbi, a to mogu re\u0107i uime stranke kojoj pripadam, kao i svih du\u017enosnika koji rade na tom europskom putu. Godina je donijela pomake, a obilje\u017eena je aktivnostima svih na\u0161ih du\u017enosnika. Na\u017ealost, nismo uspjeli do\u0107i do cilja koji smo postavili, a to je otvaranje pregovora. Ostala su otvorena odre\u0111ena pitanja, a znam da je tih 14 prioriteta u nekoj fazi realizacije. S tim da imate zakone oko kojih imamo spornu jednu rije\u010d i jednu re\u010denicu, a ima i nekih pitanja oko kojih nemamo tako visoku razinu konsenzusa. Ipak, mi \u0107emo iskoristiti vrijeme koje je pred nama kako bismo dovr\u0161ili sve obveze te dobili otvaranje pregovora s EU-om kako bi ova zemlja imala bolju i svjetliju budu\u0107nost. Svi trebamo raditi svoj posao najodgovornije te ne smijemo gubiti energiju na nepotrebnim temama.<\/p>\n<p class=\"rtejustify\">Federacija \u0107e imati svoj dio posla kada se otvore pregovori te treba uraditi mnogo toga u smislu uvo\u0111enja menad\u017eerskog upravljanja u svim na\u0161im javnim institucijama. Evo, na\u0161e op\u0107ine i gradovi su se pokazali kao izvrsne cjeline za razvijanje boljeg poslovnog ambijenta i boljeg \u017eivota svih stanovnika tih lokalnih sredina. Svi politi\u010dari i du\u017enosnici moraju raditi posao za koji su zadu\u017eeni, a ako budemo opredijeljeni za taj put, mislim da \u0107emo imati izvrsne rezultate. Naravno, prioritet u politi\u010dkom smislu nam je usvajanje Izbornog zakona koji \u0107e omogu\u0107iti da Hrvati, kao konstitutivan narod, budu ravnopravni na terenu, odnosno da mogu birati svoje legitimne politi\u010dke predstavnike.<\/p>\n","protected":false},"excerpt":{"rendered":"<p>Godina koja je iza nas donijela je niz velikih politi\u010dkih promjena kada je rije\u010d o [&hellip;]<\/p>\n","protected":false},"author":1,"featured_media":293,"comment_status":"open","ping_status":"open","sticky":false,"template":"","format":"standard","meta":{"inline_featured_image":false,"footnotes":""},"categories":[5,3],"tags":[],"class_list":["post-560","post","type-post","status-publish","format-standard","has-post-thumbnail","hentry","category-intervjui","category-novosti"],"acf":[],"_links":{"self":[{"href":"https:\/\/www.predsjednikfbih.gov.ba\/index.php\/wp-json\/wp\/v2\/posts\/560","targetHints":{"allow":["GET"]}}],"collection":[{"href":"https:\/\/www.predsjednikfbih.gov.ba\/index.php\/wp-json\/wp\/v2\/posts"}],"about":[{"href":"https:\/\/www.predsjednikfbih.gov.ba\/index.php\/wp-json\/wp\/v2\/types\/post"}],"author":[{"embeddable":true,"href":"https:\/\/www.predsjednikfbih.gov.ba\/index.php\/wp-json\/wp\/v2\/users\/1"}],"replies":[{"embeddable":true,"href":"https:\/\/www.predsjednikfbih.gov.ba\/index.php\/wp-json\/wp\/v2\/comments?post=560"}],"version-history":[{"count":1,"href":"https:\/\/www.predsjednikfbih.gov.ba\/index.php\/wp-json\/wp\/v2\/posts\/560\/revisions"}],"predecessor-version":[{"id":562,"href":"https:\/\/www.predsjednikfbih.gov.ba\/index.php\/wp-json\/wp\/v2\/posts\/560\/revisions\/562"}],"wp:featuredmedia":[{"embeddable":true,"href":"https:\/\/www.predsjednikfbih.gov.ba\/index.php\/wp-json\/wp\/v2\/media\/293"}],"wp:attachment":[{"href":"https:\/\/www.predsjednikfbih.gov.ba\/index.php\/wp-json\/wp\/v2\/media?parent=560"}],"wp:term":[{"taxonomy":"category","embeddable":true,"href":"https:\/\/www.predsjednikfbih.gov.ba\/index.php\/wp-json\/wp\/v2\/categories?post=560"},{"taxonomy":"post_tag","embeddable":true,"href":"https:\/\/www.predsjednikfbih.gov.ba\/index.php\/wp-json\/wp\/v2\/tags?post=560"}],"curies":[{"name":"wp","href":"https:\/\/api.w.org\/{rel}","templated":true}]}}