{"id":402,"date":"2023-10-20T08:19:37","date_gmt":"2023-10-20T08:19:37","guid":{"rendered":"https:\/\/www.predsjednikfbih.gov.ba\/?p=402"},"modified":"2023-10-20T09:16:15","modified_gmt":"2023-10-20T09:16:15","slug":"predsjednica-bredara-otvorila-medunarodnu-konferenciju-o-odrzivom-razvoju-i-zastiti-okolisa","status":"publish","type":"post","link":"https:\/\/www.predsjednikfbih.gov.ba\/index.php\/2023\/10\/20\/predsjednica-bredara-otvorila-medunarodnu-konferenciju-o-odrzivom-razvoju-i-zastiti-okolisa\/","title":{"rendered":"Predsjednica Bredara otvorila me\u0111unarodnu konferenciju o odr\u017eivom razvoju i za\u0161titi okoli\u0161a"},"content":{"rendered":"\n<p><span style=\"border: 0px; font-style: normal; font-variant-ligatures: normal; font-variant-caps: normal; font-variant-numeric: inherit; font-variant-east-asian: inherit; font-variant-alternates: inherit; font-variant-position: inherit; font-weight: 400; font-stretch: inherit; font-size: 17px; line-height: inherit; font-family: &quot;Segoe UI&quot;, &quot;Segoe UI Web (West European)&quot;, &quot;Segoe UI&quot;, -apple-system, BlinkMacSystemFont, Roboto, &quot;Helvetica Neue&quot;, sans-serif; font-optical-sizing: inherit; font-kerning: inherit; font-feature-settings: inherit; font-variation-settings: inherit; margin: 0px; padding: 0px; vertical-align: baseline; color: rgb(0, 0, 0); letter-spacing: normal; orphans: 2; text-align: start; text-indent: 0px; text-transform: none; widows: 2; word-spacing: 0px; -webkit-text-stroke-width: 0px; white-space: normal; background-color: rgb(255, 255, 255); text-decoration-thickness: initial; text-decoration-style: initial; text-decoration-color: initial;\">Pod nazivom \"Izgradimo odr\u017eivi BiH\" u Sarajevu je danas po\u010dela dvodnevna konferenciji s me\u0111unarodnim sudjelovanjem o odr\u017eivom razvoju I za\u0161titi okoli\u0161a.<\/span><span style=\"color: rgb(0, 0, 0); font-family: &quot;Segoe UI&quot;, &quot;Segoe UI Web (West European)&quot;, &quot;Segoe UI&quot;, -apple-system, BlinkMacSystemFont, Roboto, &quot;Helvetica Neue&quot;, sans-serif; font-size: 15px; font-style: normal; font-variant-ligatures: normal; font-variant-caps: normal; font-weight: 400; letter-spacing: normal; orphans: 2; text-align: start; text-indent: 0px; text-transform: none; widows: 2; word-spacing: 0px; -webkit-text-stroke-width: 0px; white-space: normal; background-color: rgb(255, 255, 255); text-decoration-thickness: initial; text-decoration-style: initial; text-decoration-color: initial; display: inline !important; float: none;\"><\/span><\/p>\n\n\n\n<p><\/p>\n\n\n\n<p><span style=\"border: 0px; font-style: normal; font-variant-ligatures: normal; font-variant-caps: normal; font-variant-numeric: inherit; font-variant-east-asian: inherit; font-variant-alternates: inherit; font-variant-position: inherit; font-weight: 400; font-stretch: inherit; font-size: 17px; line-height: inherit; font-family: &quot;Segoe UI&quot;, &quot;Segoe UI Web (West European)&quot;, &quot;Segoe UI&quot;, -apple-system, BlinkMacSystemFont, Roboto, &quot;Helvetica Neue&quot;, sans-serif; font-optical-sizing: inherit; font-kerning: inherit; font-feature-settings: inherit; font-variation-settings: inherit; margin: 0px; padding: 0px; vertical-align: baseline; color: rgb(0, 0, 0); letter-spacing: normal; orphans: 2; text-align: start; text-indent: 0px; text-transform: none; widows: 2; word-spacing: 0px; -webkit-text-stroke-width: 0px; white-space: normal; background-color: rgb(255, 255, 255); text-decoration-thickness: initial; text-decoration-style: initial; text-decoration-color: initial;\">Konferenciju organizira ESGBH UZOD na \u010delu sa dr.sc. Tomislavom Lukicem pod visokim pokroviteljstvom predsjednice Federacije BiH Lidije Bradara i dopredsjednika Republike Srpske Davora Pranji\u0107a,<span>&nbsp;<\/span>gradona\u010delnika Br\u010dko Distrikta Zijada Ni\u0161i\u0107a te Federalnog ministarstva okoli\u0161a i turizma na \u010delu s ministricom Pozder.<span>&nbsp;<\/span>Konferenciju podr\u017eava i International Institute for Climate Action.<\/span><\/p>\n\n\n\n<p><\/p>\n\n\n\n<p><span style=\"border: 0px; font-style: normal; font-variant-ligatures: normal; font-variant-caps: normal; font-variant-numeric: inherit; font-variant-east-asian: inherit; font-variant-alternates: inherit; font-variant-position: inherit; font-weight: 400; font-stretch: inherit; font-size: 17px; line-height: inherit; font-family: &quot;Segoe UI&quot;, &quot;Segoe UI Web (West European)&quot;, &quot;Segoe UI&quot;, -apple-system, BlinkMacSystemFont, Roboto, &quot;Helvetica Neue&quot;, sans-serif; font-optical-sizing: inherit; font-kerning: inherit; font-feature-settings: inherit; font-variation-settings: inherit; margin: 0px; padding: 0px; vertical-align: baseline; color: rgb(0, 0, 0); letter-spacing: normal; orphans: 2; text-align: start; text-indent: 0px; text-transform: none; widows: 2; word-spacing: 0px; -webkit-text-stroke-width: 0px; white-space: normal; background-color: rgb(255, 255, 255); text-decoration-thickness: initial; text-decoration-style: initial; text-decoration-color: initial;\">Temeljna misija konferencije je stvaranje preduvjeta kako bi se izgradila odr\u017eiva BiH u svakom pogledu, iako se konferencija fokusira na okoli\u0161ne aspekte.<\/span><span style=\"color: rgb(0, 0, 0); font-family: &quot;Segoe UI&quot;, &quot;Segoe UI Web (West European)&quot;, &quot;Segoe UI&quot;, -apple-system, BlinkMacSystemFont, Roboto, &quot;Helvetica Neue&quot;, sans-serif; font-size: 15px; font-style: normal; font-variant-ligatures: normal; font-variant-caps: normal; font-weight: 400; letter-spacing: normal; orphans: 2; text-align: start; text-indent: 0px; text-transform: none; widows: 2; word-spacing: 0px; -webkit-text-stroke-width: 0px; white-space: normal; background-color: rgb(255, 255, 255); text-decoration-thickness: initial; text-decoration-style: initial; text-decoration-color: initial; display: inline !important; float: none;\"><\/span><\/p>\n\n\n\n<p><\/p>\n\n\n\n<p><span style=\"border: 0px; font-style: normal; font-variant-ligatures: normal; font-variant-caps: normal; font-variant-numeric: inherit; font-variant-east-asian: inherit; font-variant-alternates: inherit; font-variant-position: inherit; font-weight: 400; font-stretch: inherit; font-size: 17px; line-height: inherit; font-family: &quot;Segoe UI&quot;, &quot;Segoe UI Web (West European)&quot;, &quot;Segoe UI&quot;, -apple-system, BlinkMacSystemFont, Roboto, &quot;Helvetica Neue&quot;, sans-serif; font-optical-sizing: inherit; font-kerning: inherit; font-feature-settings: inherit; font-variation-settings: inherit; margin: 0px; padding: 0px; vertical-align: baseline; color: rgb(0, 0, 0); letter-spacing: normal; orphans: 2; text-align: start; text-indent: 0px; text-transform: none; widows: 2; word-spacing: 0px; -webkit-text-stroke-width: 0px; white-space: normal; background-color: rgb(255, 255, 255); text-decoration-thickness: initial; text-decoration-style: initial; text-decoration-color: initial;\">Predsjednica Bradara je kazala kako je ovaj doga\u0111aj jedna od prvih obaveza koje je kao predsjednica Federacije prihvatila podr\u017eati. \" Bosna i Hercegovina 2015. godine, zajedno sa 192 dr\u017eave \u010dlanice Ujedinjenih naroda, obvezala se da \u0107e provesti agnedu odr\u017eivog razvoja, poznatiju kao Agenda 2030- koja izme\u0111u ostalog, kroz ciljeve odr\u017eivog razvoja, promi\u010de partnerstvo cjelokupnog \u010dovje\u010danstva, zasnovano na suradnji kako bi se stvorila bolja i odr\u017eivija budu\u0107nost \u010ditavoga svijeta. Smatram kako je ovo prilika za brojne sektore gospodarstva, da unaprijede svoje poslovanje, vode\u0107i ra\u010duna o okoli\u0161u i time ujedno doprinesu odr\u017eivosti\"&nbsp; kazala je predsjednica Bradara na konferenciji. <\/span><\/p>\n","protected":false},"excerpt":{"rendered":"<p>Pod nazivom \"Izgradimo odr\u017eivi BiH\" u Sarajevu je danas po\u010dela dvodnevna konferenciji s me\u0111unarodnim sudjelovanjem [&hellip;]<\/p>\n","protected":false},"author":1,"featured_media":403,"comment_status":"open","ping_status":"open","sticky":false,"template":"","format":"standard","meta":{"inline_featured_image":false,"footnotes":""},"categories":[6,3,7],"tags":[],"class_list":["post-402","post","type-post","status-publish","format-standard","has-post-thumbnail","hentry","category-govori","category-novosti","category-priopcenja"],"acf":[],"_links":{"self":[{"href":"https:\/\/www.predsjednikfbih.gov.ba\/index.php\/wp-json\/wp\/v2\/posts\/402","targetHints":{"allow":["GET"]}}],"collection":[{"href":"https:\/\/www.predsjednikfbih.gov.ba\/index.php\/wp-json\/wp\/v2\/posts"}],"about":[{"href":"https:\/\/www.predsjednikfbih.gov.ba\/index.php\/wp-json\/wp\/v2\/types\/post"}],"author":[{"embeddable":true,"href":"https:\/\/www.predsjednikfbih.gov.ba\/index.php\/wp-json\/wp\/v2\/users\/1"}],"replies":[{"embeddable":true,"href":"https:\/\/www.predsjednikfbih.gov.ba\/index.php\/wp-json\/wp\/v2\/comments?post=402"}],"version-history":[{"count":3,"href":"https:\/\/www.predsjednikfbih.gov.ba\/index.php\/wp-json\/wp\/v2\/posts\/402\/revisions"}],"predecessor-version":[{"id":407,"href":"https:\/\/www.predsjednikfbih.gov.ba\/index.php\/wp-json\/wp\/v2\/posts\/402\/revisions\/407"}],"wp:featuredmedia":[{"embeddable":true,"href":"https:\/\/www.predsjednikfbih.gov.ba\/index.php\/wp-json\/wp\/v2\/media\/403"}],"wp:attachment":[{"href":"https:\/\/www.predsjednikfbih.gov.ba\/index.php\/wp-json\/wp\/v2\/media?parent=402"}],"wp:term":[{"taxonomy":"category","embeddable":true,"href":"https:\/\/www.predsjednikfbih.gov.ba\/index.php\/wp-json\/wp\/v2\/categories?post=402"},{"taxonomy":"post_tag","embeddable":true,"href":"https:\/\/www.predsjednikfbih.gov.ba\/index.php\/wp-json\/wp\/v2\/tags?post=402"}],"curies":[{"name":"wp","href":"https:\/\/api.w.org\/{rel}","templated":true}]}}