{"id":392,"date":"2023-10-12T10:09:18","date_gmt":"2023-10-12T10:09:18","guid":{"rendered":"https:\/\/www.predsjednikfbih.gov.ba\/?p=392"},"modified":"2023-10-20T09:17:18","modified_gmt":"2023-10-20T09:17:18","slug":"predsjednica-federacije-lidija-bradara-otvorila-kongres-o-katastru-u-bih","status":"publish","type":"post","link":"https:\/\/www.predsjednikfbih.gov.ba\/index.php\/2023\/10\/12\/predsjednica-federacije-lidija-bradara-otvorila-kongres-o-katastru-u-bih\/","title":{"rendered":"Predsjednica Federacije Lidija Bradara otvorila Kongres o katastru u BiH"},"content":{"rendered":"\n<p>U Neumu je po\u010delo redovito peto izdanje Kongresa o katastru u Bosni i Hercegovini, u organizaciji Geodetskog dru\u0161tva Herceg Bosne (GDHB). Kongres traje do 29. rujna i odr\u017eava se pod visokim pokroviteljstvom predsjednice Federacije BiH Lidije Bradare. Predsjednica Bradara je u svom pozdravnom govoru istaknula va\u017enost i napredak sektora zemlji\u0161ne administracije Bosne i Hercegovine, kao i cjelokupni doprinos dru\u0161tvu kroz postignute rezultate i implementirane projekte.<\/p>\n\n\n\n<p>\"Podaci su temeljni gospodarski resurs u stvaranju blagostanja zemlje i te\u0161ko je razvijati bilo koji lanac vrijednosti bez razvijene sposobnosti prikupljanja , analiziranja i dijeljenja podataka. Zahvaljuju\u0107i projektima koje realizirate u Federaciji BiH &nbsp;prepoznati ste kao jedan od uspje\u0161nijih sektora. Zato \u010destitam na suradnji koju ste razvili izme\u0111u Federalne geodetske uprave, geodetskih dru\u0161tava, privatnog sektora i geodetskih studija\" kazala je izme\u0111u ostaloga predsjednica Bradara.<\/p>\n\n\n\n<p>Kroz planiranih \u0161est sesija Kongresa bit \u0107e predstavljene aktivnosti Federalne uprave za geodetske i imovinsko-pravne poslove, ukupno dvadeset tri pristigla rada te tri pozvana predavanja.<\/p>\n\n\n\n<p>Kongres \u0107e sudionicima omogu\u0107iti uvid u aktualno stanje katastra, zemlji\u0161ne administracije i dostignu\u0107a na tom polju, kako na podru\u010dju BIH, tako i u zemljama okru\u017eenja.<\/p>\n","protected":false},"excerpt":{"rendered":"<p>U Neumu je po\u010delo redovito peto izdanje Kongresa o katastru u Bosni i Hercegovini, u [&hellip;]<\/p>\n","protected":false},"author":1,"featured_media":393,"comment_status":"open","ping_status":"open","sticky":false,"template":"","format":"standard","meta":{"inline_featured_image":false,"footnotes":""},"categories":[8,2,3],"tags":[],"class_list":["post-392","post","type-post","status-publish","format-standard","has-post-thumbnail","hentry","category-izjave","category-najave","category-novosti"],"acf":[],"_links":{"self":[{"href":"https:\/\/www.predsjednikfbih.gov.ba\/index.php\/wp-json\/wp\/v2\/posts\/392","targetHints":{"allow":["GET"]}}],"collection":[{"href":"https:\/\/www.predsjednikfbih.gov.ba\/index.php\/wp-json\/wp\/v2\/posts"}],"about":[{"href":"https:\/\/www.predsjednikfbih.gov.ba\/index.php\/wp-json\/wp\/v2\/types\/post"}],"author":[{"embeddable":true,"href":"https:\/\/www.predsjednikfbih.gov.ba\/index.php\/wp-json\/wp\/v2\/users\/1"}],"replies":[{"embeddable":true,"href":"https:\/\/www.predsjednikfbih.gov.ba\/index.php\/wp-json\/wp\/v2\/comments?post=392"}],"version-history":[{"count":3,"href":"https:\/\/www.predsjednikfbih.gov.ba\/index.php\/wp-json\/wp\/v2\/posts\/392\/revisions"}],"predecessor-version":[{"id":409,"href":"https:\/\/www.predsjednikfbih.gov.ba\/index.php\/wp-json\/wp\/v2\/posts\/392\/revisions\/409"}],"wp:featuredmedia":[{"embeddable":true,"href":"https:\/\/www.predsjednikfbih.gov.ba\/index.php\/wp-json\/wp\/v2\/media\/393"}],"wp:attachment":[{"href":"https:\/\/www.predsjednikfbih.gov.ba\/index.php\/wp-json\/wp\/v2\/media?parent=392"}],"wp:term":[{"taxonomy":"category","embeddable":true,"href":"https:\/\/www.predsjednikfbih.gov.ba\/index.php\/wp-json\/wp\/v2\/categories?post=392"},{"taxonomy":"post_tag","embeddable":true,"href":"https:\/\/www.predsjednikfbih.gov.ba\/index.php\/wp-json\/wp\/v2\/tags?post=392"}],"curies":[{"name":"wp","href":"https:\/\/api.w.org\/{rel}","templated":true}]}}