{"id":384,"date":"2023-10-12T08:31:24","date_gmt":"2023-10-12T08:31:24","guid":{"rendered":"https:\/\/www.predsjednikfbih.gov.ba\/?p=384"},"modified":"2023-10-12T08:31:25","modified_gmt":"2023-10-12T08:31:25","slug":"predsjednica-bradara-otvorila-prvo-izdanje-centralna-business-foruma","status":"publish","type":"post","link":"https:\/\/www.predsjednikfbih.gov.ba\/index.php\/2023\/10\/12\/predsjednica-bradara-otvorila-prvo-izdanje-centralna-business-foruma\/","title":{"rendered":"Predsjednica Bradara otvorila prvo izdanje Centralna Business Foruma"},"content":{"rendered":"\n<p>\"Zadovoljstvo mi je bilo otvoriti te podr\u017eati prvo izdanje doga\u0111aja \"Centralna Business Forum\" koji je osmi\u0161ljen s ciljem promocije BiH kao investicijske destinacije, te predstavljanja mogu\u0107nosti za ulaganja i privla\u010denja stranih investicija\" kazala je predsjednica Federacije BiH Lidija Bradara na po\u010detku prvog dana spomenutog doga\u0111aja.<\/p>\n\n\n\n<p><br>\"U Vitezu se uvijek pri\u010dalo o gospodarstvu ali jo\u0161 va\u017enije, dogovarali poslovi i ra\u0111ale nove ideje i poznanstva, \u0161to \u0107e ne sumnjam biti slu\u010daj i ova dva dana. Poduzetnici, akademski djelatnicima i brojni stru\u010dnjaci iz razli\u010ditih sfera imati \u0107e priliku razmijeniti mi\u0161ljenja i sa predstavnicima vlasti od \u017eupanijske do federalne\" dodala je predsjednica Bradara.<\/p>\n\n\n\n<p>Centralna Business Forum \u0107e okupiti stru\u010dnjake iz energetike, turizma, IT sektora, obrazovanja, &nbsp;poduzetnike, lidere drvne industrije te brojne druge stru\u010dnjake iz BiH ali i regije.<br>Uvodno predavanje odr\u017eao je&nbsp;<a href=\"http:\/\/prof.dr.sc\/\">prof.dr.sc<\/a>. Dragan Primorac dok su otvorenju nazo\u010dili i ministri u Vladi FBiH predvo\u0111eni&nbsp;premijerom Nik\u0161i\u0107em.&nbsp;<\/p>\n","protected":false},"excerpt":{"rendered":"<p>\"Zadovoljstvo mi je bilo otvoriti te podr\u017eati prvo izdanje doga\u0111aja \"Centralna Business Forum\" koji je [&hellip;]<\/p>\n","protected":false},"author":1,"featured_media":385,"comment_status":"open","ping_status":"open","sticky":false,"template":"","format":"standard","meta":{"inline_featured_image":false,"footnotes":""},"categories":[8,2,4],"tags":[],"class_list":["post-384","post","type-post","status-publish","format-standard","has-post-thumbnail","hentry","category-izjave","category-najave","category-objave"],"acf":[],"_links":{"self":[{"href":"https:\/\/www.predsjednikfbih.gov.ba\/index.php\/wp-json\/wp\/v2\/posts\/384","targetHints":{"allow":["GET"]}}],"collection":[{"href":"https:\/\/www.predsjednikfbih.gov.ba\/index.php\/wp-json\/wp\/v2\/posts"}],"about":[{"href":"https:\/\/www.predsjednikfbih.gov.ba\/index.php\/wp-json\/wp\/v2\/types\/post"}],"author":[{"embeddable":true,"href":"https:\/\/www.predsjednikfbih.gov.ba\/index.php\/wp-json\/wp\/v2\/users\/1"}],"replies":[{"embeddable":true,"href":"https:\/\/www.predsjednikfbih.gov.ba\/index.php\/wp-json\/wp\/v2\/comments?post=384"}],"version-history":[{"count":2,"href":"https:\/\/www.predsjednikfbih.gov.ba\/index.php\/wp-json\/wp\/v2\/posts\/384\/revisions"}],"predecessor-version":[{"id":387,"href":"https:\/\/www.predsjednikfbih.gov.ba\/index.php\/wp-json\/wp\/v2\/posts\/384\/revisions\/387"}],"wp:featuredmedia":[{"embeddable":true,"href":"https:\/\/www.predsjednikfbih.gov.ba\/index.php\/wp-json\/wp\/v2\/media\/385"}],"wp:attachment":[{"href":"https:\/\/www.predsjednikfbih.gov.ba\/index.php\/wp-json\/wp\/v2\/media?parent=384"}],"wp:term":[{"taxonomy":"category","embeddable":true,"href":"https:\/\/www.predsjednikfbih.gov.ba\/index.php\/wp-json\/wp\/v2\/categories?post=384"},{"taxonomy":"post_tag","embeddable":true,"href":"https:\/\/www.predsjednikfbih.gov.ba\/index.php\/wp-json\/wp\/v2\/tags?post=384"}],"curies":[{"name":"wp","href":"https:\/\/api.w.org\/{rel}","templated":true}]}}