{"id":374,"date":"2023-10-12T08:28:29","date_gmt":"2023-10-12T08:28:29","guid":{"rendered":"https:\/\/www.predsjednikfbih.gov.ba\/?p=374"},"modified":"2023-10-12T08:28:30","modified_gmt":"2023-10-12T08:28:30","slug":"susret-s-predstavnicima-uhakud-a-u-bih","status":"publish","type":"post","link":"https:\/\/www.predsjednikfbih.gov.ba\/index.php\/2023\/10\/12\/susret-s-predstavnicima-uhakud-a-u-bih\/","title":{"rendered":"Susret s predstavnicima UHAKUD-a u BiH"},"content":{"rendered":"\n<p>\u010clanovi Udruge hrvatskih amaterskih kulturno-umjetni\u010dkih dru\u0161tava u BiH su kulturno-umjetni\u010dka dru\u0161tva i udruge koje u svom programu rada redovito provode aktivnosti istra\u017eivanja, promocije i preno\u0161enja na mlade nara\u0161taje kulturne ba\u0161tine Hrvata.<br>Iznimno je zadovoljstvo bilo upoznati Vedrana Vidovi\u0107a i prof.Marinu Bazina, mlade, pozitivne ljude pune energije koji sa profesionalnog aspekta pristupaju tradiciji i ula\u017eu svoje vrijeme i trud u promicanje iste, kazala je predsjednica Bradara.<\/p>\n\n\n\n<p>Udruga promovira bogatstvo raznolikosti, svojim radom se trudi promovirati tradiciju svih krajeva Bosne i Hercegovine gdje \u017eive Hrvati te istu kvalitetno prenositi novim nara\u0161tajima.<br>\"Od smotri, seminara,znanstvenih konferencija, njihovi doga\u0111aji su odr\u017eavani pod UNESCO akreditacijom i bit \u0107e mi zadovoljstvo podr\u017eati &nbsp;susret zborova koji \u0107e uskoro biti u Novom Travniku\" dodala je predsjednica.<\/p>\n","protected":false},"excerpt":{"rendered":"<p>\u010clanovi Udruge hrvatskih amaterskih kulturno-umjetni\u010dkih dru\u0161tava u BiH su kulturno-umjetni\u010dka dru\u0161tva i udruge koje u [&hellip;]<\/p>\n","protected":false},"author":1,"featured_media":375,"comment_status":"open","ping_status":"open","sticky":false,"template":"","format":"standard","meta":{"inline_featured_image":false,"footnotes":""},"categories":[8,7],"tags":[],"class_list":["post-374","post","type-post","status-publish","format-standard","has-post-thumbnail","hentry","category-izjave","category-priopcenja"],"acf":[],"_links":{"self":[{"href":"https:\/\/www.predsjednikfbih.gov.ba\/index.php\/wp-json\/wp\/v2\/posts\/374","targetHints":{"allow":["GET"]}}],"collection":[{"href":"https:\/\/www.predsjednikfbih.gov.ba\/index.php\/wp-json\/wp\/v2\/posts"}],"about":[{"href":"https:\/\/www.predsjednikfbih.gov.ba\/index.php\/wp-json\/wp\/v2\/types\/post"}],"author":[{"embeddable":true,"href":"https:\/\/www.predsjednikfbih.gov.ba\/index.php\/wp-json\/wp\/v2\/users\/1"}],"replies":[{"embeddable":true,"href":"https:\/\/www.predsjednikfbih.gov.ba\/index.php\/wp-json\/wp\/v2\/comments?post=374"}],"version-history":[{"count":1,"href":"https:\/\/www.predsjednikfbih.gov.ba\/index.php\/wp-json\/wp\/v2\/posts\/374\/revisions"}],"predecessor-version":[{"id":376,"href":"https:\/\/www.predsjednikfbih.gov.ba\/index.php\/wp-json\/wp\/v2\/posts\/374\/revisions\/376"}],"wp:featuredmedia":[{"embeddable":true,"href":"https:\/\/www.predsjednikfbih.gov.ba\/index.php\/wp-json\/wp\/v2\/media\/375"}],"wp:attachment":[{"href":"https:\/\/www.predsjednikfbih.gov.ba\/index.php\/wp-json\/wp\/v2\/media?parent=374"}],"wp:term":[{"taxonomy":"category","embeddable":true,"href":"https:\/\/www.predsjednikfbih.gov.ba\/index.php\/wp-json\/wp\/v2\/categories?post=374"},{"taxonomy":"post_tag","embeddable":true,"href":"https:\/\/www.predsjednikfbih.gov.ba\/index.php\/wp-json\/wp\/v2\/tags?post=374"}],"curies":[{"name":"wp","href":"https:\/\/api.w.org\/{rel}","templated":true}]}}