{"id":370,"date":"2023-10-12T08:27:36","date_gmt":"2023-10-12T08:27:36","guid":{"rendered":"https:\/\/www.predsjednikfbih.gov.ba\/?p=370"},"modified":"2023-10-12T08:27:37","modified_gmt":"2023-10-12T08:27:37","slug":"proslava-na-kupresu","status":"publish","type":"post","link":"https:\/\/www.predsjednikfbih.gov.ba\/index.php\/2023\/10\/12\/proslava-na-kupresu\/","title":{"rendered":"Proslava na Kupresu"},"content":{"rendered":"\n<p>Jedna od najljep\u0161ih op\u0107ina u BiH, nevjerojatne prirode i turisti\u010dkih potencijala, iako mala, uspijeva napredovati, graditi i njegovati svoju tradiciju.<br>Posebno raduju projekti Op\u0107ine Kupres poput izgradnje novog vrti\u0107a koji su zalog \u017eivota i budu\u0107nosti.<\/p>\n\n\n\n<p>Sve\u010dani dio Dana op\u0107ine po\u010deo odavanjem po\u010dasti palim braniteljima na sredi\u0161njem spomen obilje\u017eju koje su polo\u017eili predstavnici HNS-a na \u010delu s gospo\u0111om Lidijom Bradara - predsjednicom Vlade F BiH, op\u0107ine Kupres na \u010delu s Na\u010delnikom g. Zdravkom Mio\u010dem, Vlade na \u010delu s g. Ivanom Vukadinom i Skup\u0161tine Hercegbosanske \u017eupanije na \u010delu s g. Jozom \u0106osi\u0107em, te zastupnika politi\u010dkih stranaka s hrvatskim predznakom i braniteljskih udruga proisteklih iz Domovinskog rata.<\/p>\n\n\n\n<p>Nakon polaganja vijenaca uslijedio je obilazak radova na novoj zgradi dje\u010djeg vrti\u0107a \"Pahuljica\" i blagoslov gradili\u0161ta.&nbsp;<\/p>\n\n\n\n<p>Sve\u010danom sjednicom OV Kupres proslavljen je Dan op\u0107ine Kupres, a otvorio ju je mali zbor \u017eupe Svete Obitelji Kupres.<\/p>\n","protected":false},"excerpt":{"rendered":"<p>Jedna od najljep\u0161ih op\u0107ina u BiH, nevjerojatne prirode i turisti\u010dkih potencijala, iako mala, uspijeva napredovati, [&hellip;]<\/p>\n","protected":false},"author":1,"featured_media":371,"comment_status":"open","ping_status":"open","sticky":false,"template":"","format":"standard","meta":{"inline_featured_image":false,"footnotes":""},"categories":[6,4],"tags":[],"class_list":["post-370","post","type-post","status-publish","format-standard","has-post-thumbnail","hentry","category-govori","category-objave"],"acf":[],"_links":{"self":[{"href":"https:\/\/www.predsjednikfbih.gov.ba\/index.php\/wp-json\/wp\/v2\/posts\/370","targetHints":{"allow":["GET"]}}],"collection":[{"href":"https:\/\/www.predsjednikfbih.gov.ba\/index.php\/wp-json\/wp\/v2\/posts"}],"about":[{"href":"https:\/\/www.predsjednikfbih.gov.ba\/index.php\/wp-json\/wp\/v2\/types\/post"}],"author":[{"embeddable":true,"href":"https:\/\/www.predsjednikfbih.gov.ba\/index.php\/wp-json\/wp\/v2\/users\/1"}],"replies":[{"embeddable":true,"href":"https:\/\/www.predsjednikfbih.gov.ba\/index.php\/wp-json\/wp\/v2\/comments?post=370"}],"version-history":[{"count":2,"href":"https:\/\/www.predsjednikfbih.gov.ba\/index.php\/wp-json\/wp\/v2\/posts\/370\/revisions"}],"predecessor-version":[{"id":373,"href":"https:\/\/www.predsjednikfbih.gov.ba\/index.php\/wp-json\/wp\/v2\/posts\/370\/revisions\/373"}],"wp:featuredmedia":[{"embeddable":true,"href":"https:\/\/www.predsjednikfbih.gov.ba\/index.php\/wp-json\/wp\/v2\/media\/371"}],"wp:attachment":[{"href":"https:\/\/www.predsjednikfbih.gov.ba\/index.php\/wp-json\/wp\/v2\/media?parent=370"}],"wp:term":[{"taxonomy":"category","embeddable":true,"href":"https:\/\/www.predsjednikfbih.gov.ba\/index.php\/wp-json\/wp\/v2\/categories?post=370"},{"taxonomy":"post_tag","embeddable":true,"href":"https:\/\/www.predsjednikfbih.gov.ba\/index.php\/wp-json\/wp\/v2\/tags?post=370"}],"curies":[{"name":"wp","href":"https:\/\/api.w.org\/{rel}","templated":true}]}}