{"id":363,"date":"2023-10-12T08:25:16","date_gmt":"2023-10-12T08:25:16","guid":{"rendered":"https:\/\/www.predsjednikfbih.gov.ba\/?p=363"},"modified":"2023-10-12T08:25:16","modified_gmt":"2023-10-12T08:25:16","slug":"predsjednica-fbih-posjetila-federalnu-novinsku-agenciju","status":"publish","type":"post","link":"https:\/\/www.predsjednikfbih.gov.ba\/index.php\/2023\/10\/12\/predsjednica-fbih-posjetila-federalnu-novinsku-agenciju\/","title":{"rendered":"Predsjednica FBIH posjetila Federalnu novinsku agenciju"},"content":{"rendered":"\n<p><span class=\"field-content\"><span class=\"vijesti-detaljno-sadrzaj\">Predsjednica  Federacije Bosne i Hercegovine Lidija Bradara posjetila je Federalnu  novinsku agenciju (FENA), gdje je s direktorom Elmirom Huremovi\u0107em i  glavnim i odgovornim urednikom Dejanom Jazvi\u0107em razgovarala o radu ove  medijske ku\u0107e, rezultatima i izazovima. Direktor Huremovi\u0107 upoznao je  predsjednicu s trenutnom situacijom i razvojnim planovima Agencije, kao i  s projektima u fazi realizacije. U susretu s novinarima i uredni\u0161tvom,  Bradara se upoznala s na\u010dinom rada redakcije Federalne novinske agencije  te izrazila zadovoljstvo dosada\u0161njom suradnjom s Uredom predsjednice  Federacije BiH, za koju je naglasila da je korektna i profesionalna.  Posebno je naglasila ulogu ove agencije u medijskom prostoru Bosne i  Hercegovine kao nepristrasnog i objektivnog izvora informativnih  sadr\u017eaja.<\/span><\/span><\/p>\n","protected":false},"excerpt":{"rendered":"<p>Predsjednica Federacije Bosne i Hercegovine Lidija Bradara posjetila je Federalnu novinsku agenciju (FENA), gdje je [&hellip;]<\/p>\n","protected":false},"author":1,"featured_media":364,"comment_status":"open","ping_status":"open","sticky":false,"template":"","format":"standard","meta":{"inline_featured_image":false,"footnotes":""},"categories":[3,7],"tags":[],"class_list":["post-363","post","type-post","status-publish","format-standard","has-post-thumbnail","hentry","category-novosti","category-priopcenja"],"acf":[],"_links":{"self":[{"href":"https:\/\/www.predsjednikfbih.gov.ba\/index.php\/wp-json\/wp\/v2\/posts\/363","targetHints":{"allow":["GET"]}}],"collection":[{"href":"https:\/\/www.predsjednikfbih.gov.ba\/index.php\/wp-json\/wp\/v2\/posts"}],"about":[{"href":"https:\/\/www.predsjednikfbih.gov.ba\/index.php\/wp-json\/wp\/v2\/types\/post"}],"author":[{"embeddable":true,"href":"https:\/\/www.predsjednikfbih.gov.ba\/index.php\/wp-json\/wp\/v2\/users\/1"}],"replies":[{"embeddable":true,"href":"https:\/\/www.predsjednikfbih.gov.ba\/index.php\/wp-json\/wp\/v2\/comments?post=363"}],"version-history":[{"count":1,"href":"https:\/\/www.predsjednikfbih.gov.ba\/index.php\/wp-json\/wp\/v2\/posts\/363\/revisions"}],"predecessor-version":[{"id":365,"href":"https:\/\/www.predsjednikfbih.gov.ba\/index.php\/wp-json\/wp\/v2\/posts\/363\/revisions\/365"}],"wp:featuredmedia":[{"embeddable":true,"href":"https:\/\/www.predsjednikfbih.gov.ba\/index.php\/wp-json\/wp\/v2\/media\/364"}],"wp:attachment":[{"href":"https:\/\/www.predsjednikfbih.gov.ba\/index.php\/wp-json\/wp\/v2\/media?parent=363"}],"wp:term":[{"taxonomy":"category","embeddable":true,"href":"https:\/\/www.predsjednikfbih.gov.ba\/index.php\/wp-json\/wp\/v2\/categories?post=363"},{"taxonomy":"post_tag","embeddable":true,"href":"https:\/\/www.predsjednikfbih.gov.ba\/index.php\/wp-json\/wp\/v2\/tags?post=363"}],"curies":[{"name":"wp","href":"https:\/\/api.w.org\/{rel}","templated":true}]}}