{"id":3614,"date":"2026-04-27T08:39:31","date_gmt":"2026-04-27T08:39:31","guid":{"rendered":"https:\/\/www.predsjednikfbih.gov.ba\/?p=3614"},"modified":"2026-04-27T09:04:32","modified_gmt":"2026-04-27T09:04:32","slug":"geodeti-iz-cijele-federacije-razmijenili-znanja-u-neumu","status":"publish","type":"post","link":"https:\/\/www.predsjednikfbih.gov.ba\/index.php\/2026\/04\/27\/geodeti-iz-cijele-federacije-razmijenili-znanja-u-neumu\/","title":{"rendered":"Geodeti iz cijele Federacije razmijenili znanja u Neumu"},"content":{"rendered":"<h4><span style=\"-webkit-text-size-adjust: 100%;\">Neum je protekloga vikenda bio doma\u0107in okupljanja geodeta Federacije BiH.<\/span><\/h4>\n<p>Prvo izdanje \"Dana geodeta\" Federacije Bosne i Hercegovine nastalo je kao inicijativa Geodetskog dru\u0161tva Herceg-Bosne i Udru\u017eenja gra\u0111ana geodetske struke \"Geodet\" Tuzla. Uz stru\u010dnjake iz BiH i regije predstavljene su suvremenije metode prikupljanja geoprostornih podataka, digitalna rje\u0161enja te vizija zemlji\u0161ne administracije.<\/p>\n<p>Doga\u0111aj je odr\u017ean pod pokroviteljstvom predsjednice Federacije Bosne i Hercegovine Lidije Bradara.<\/p>\n<p>\"Va\u0161a profesija mo\u017eda nije u prvom planu, ali je prisutna u gotovo svakom va\u017enom projektu. Nema izgradnje bez preciznog rada geodeta. Nema pravne sigurnosti u prometu nekretnina bez ure\u0111enih zemlji\u0161nih evidencija. Nema ozbiljnog planiranja razvoja bez pouzdanih prostornih podataka. Kada govorimo o investicijama, infrastrukturnim projektima, za\u0161titi prostora i odr\u017eivom razvoju, zapravo govorimo i o va\u0161em radu\" kazala je predsjednica Bradara na otvorenju skupa.<\/p>\n<p>Nakon sve\u010danog otvaranja, odr\u017eane su stru\u010dne prezentacije istaknutih predava\u010da, a sudionicima se obratio i \u017deljko Obradovi\u0107, ravnatelj Federalne uprave za geodetske i imovinsko-pravne poslove na temu \"Stanje i strategija razvitka zemlji\u0161ne administracije u Federaciji BiH\".<\/p>\n<p>Mirnes Boji\u0107, direktor tvrtke BNPRO d.o.o. iz Sarajeva, predstavio je \"Suvremene metode prikupljanja geoprostornih podataka\", dok ke Toma\u017e Petek, generalni direktor DGU Slovenije i predsjednik Upravnog odbora EuroGeographicsa odr\u017eao izlaganje pod nazivom \"Od katastra zemlji\u0161ta do digitalnog blizanca\".<\/p>\n<p>U sklopu programa odr\u017eana je u panel rasprava na temu \"Zemlji\u0161na administracija u Federaciji BiH 2035. godine\" koju je moderirao Nikola Kranj\u010di\u0107, docent na Sveu\u010dili\u0161tu Sjever, a u kojoj su sudjelovali \u017deljko Obradovi\u0107, Ivan Lesko, Ferid Durmi\u0161evi\u0107, Mirnes Boji\u0107 i Jakov Magani\u0107.<\/p>\n<p>Na skupu je uprili\u010dena i izlo\u017eba najmodernije geodetske opreme, pru\u017eaju\u0107i sudionicima uvid u najnovija tehnolo\u0161ka dostignu\u0107a u ovoj oblasti.<\/p>\n<p>Osim stru\u010dnog dijela, sudionici su imali priliku sudjelovati i u prate\u0107im dru\u0161tvenim aktivnostima uklju\u010duju\u0107i sportska nadmetanja.<\/p>\n<p><img decoding=\"async\" class=\"alignnone size-large wp-image-3615\" src=\"https:\/\/www.predsjednikfbih.gov.ba\/wp-content\/uploads\/2026\/04\/a2e1f922-7594-408d-93c0-d3c2cd1d2a8c-1024x771.jpeg\" alt=\"\" width=\"1024\" height=\"771\" srcset=\"https:\/\/www.predsjednikfbih.gov.ba\/wp-content\/uploads\/2026\/04\/a2e1f922-7594-408d-93c0-d3c2cd1d2a8c-1024x771.jpeg 1024w, https:\/\/www.predsjednikfbih.gov.ba\/wp-content\/uploads\/2026\/04\/a2e1f922-7594-408d-93c0-d3c2cd1d2a8c-300x226.jpeg 300w, https:\/\/www.predsjednikfbih.gov.ba\/wp-content\/uploads\/2026\/04\/a2e1f922-7594-408d-93c0-d3c2cd1d2a8c-768x578.jpeg 768w, https:\/\/www.predsjednikfbih.gov.ba\/wp-content\/uploads\/2026\/04\/a2e1f922-7594-408d-93c0-d3c2cd1d2a8c-1536x1157.jpeg 1536w, https:\/\/www.predsjednikfbih.gov.ba\/wp-content\/uploads\/2026\/04\/a2e1f922-7594-408d-93c0-d3c2cd1d2a8c.jpeg 1920w\" sizes=\"(max-width: 1024px) 100vw, 1024px\" \/> <img decoding=\"async\" class=\"alignnone size-large wp-image-3616\" src=\"https:\/\/www.predsjednikfbih.gov.ba\/wp-content\/uploads\/2026\/04\/19e408e7-0633-4f4d-b418-e3a7a09a2362-1024x690.jpeg\" alt=\"\" width=\"1024\" height=\"690\" srcset=\"https:\/\/www.predsjednikfbih.gov.ba\/wp-content\/uploads\/2026\/04\/19e408e7-0633-4f4d-b418-e3a7a09a2362-1024x690.jpeg 1024w, https:\/\/www.predsjednikfbih.gov.ba\/wp-content\/uploads\/2026\/04\/19e408e7-0633-4f4d-b418-e3a7a09a2362-300x202.jpeg 300w, https:\/\/www.predsjednikfbih.gov.ba\/wp-content\/uploads\/2026\/04\/19e408e7-0633-4f4d-b418-e3a7a09a2362-768x518.jpeg 768w, https:\/\/www.predsjednikfbih.gov.ba\/wp-content\/uploads\/2026\/04\/19e408e7-0633-4f4d-b418-e3a7a09a2362-1536x1035.jpeg 1536w, https:\/\/www.predsjednikfbih.gov.ba\/wp-content\/uploads\/2026\/04\/19e408e7-0633-4f4d-b418-e3a7a09a2362.jpeg 1920w\" sizes=\"(max-width: 1024px) 100vw, 1024px\" \/> <img decoding=\"async\" class=\"alignnone size-large wp-image-3617\" src=\"https:\/\/www.predsjednikfbih.gov.ba\/wp-content\/uploads\/2026\/04\/1d489286-6b57-471a-bb68-6b1e69d3cf43-1024x651.jpeg\" alt=\"\" width=\"1024\" height=\"651\" srcset=\"https:\/\/www.predsjednikfbih.gov.ba\/wp-content\/uploads\/2026\/04\/1d489286-6b57-471a-bb68-6b1e69d3cf43-1024x651.jpeg 1024w, https:\/\/www.predsjednikfbih.gov.ba\/wp-content\/uploads\/2026\/04\/1d489286-6b57-471a-bb68-6b1e69d3cf43-300x191.jpeg 300w, https:\/\/www.predsjednikfbih.gov.ba\/wp-content\/uploads\/2026\/04\/1d489286-6b57-471a-bb68-6b1e69d3cf43-768x488.jpeg 768w, https:\/\/www.predsjednikfbih.gov.ba\/wp-content\/uploads\/2026\/04\/1d489286-6b57-471a-bb68-6b1e69d3cf43-1536x976.jpeg 1536w, https:\/\/www.predsjednikfbih.gov.ba\/wp-content\/uploads\/2026\/04\/1d489286-6b57-471a-bb68-6b1e69d3cf43.jpeg 1920w\" sizes=\"(max-width: 1024px) 100vw, 1024px\" \/><img decoding=\"async\" class=\"alignnone size-large wp-image-3620\" src=\"https:\/\/www.predsjednikfbih.gov.ba\/wp-content\/uploads\/2026\/04\/95c13e29-ebb3-4485-ac85-221729c26395-1024x768.jpeg\" alt=\"\" width=\"1024\" height=\"768\" srcset=\"https:\/\/www.predsjednikfbih.gov.ba\/wp-content\/uploads\/2026\/04\/95c13e29-ebb3-4485-ac85-221729c26395-1024x768.jpeg 1024w, https:\/\/www.predsjednikfbih.gov.ba\/wp-content\/uploads\/2026\/04\/95c13e29-ebb3-4485-ac85-221729c26395-300x225.jpeg 300w, https:\/\/www.predsjednikfbih.gov.ba\/wp-content\/uploads\/2026\/04\/95c13e29-ebb3-4485-ac85-221729c26395-768x576.jpeg 768w, https:\/\/www.predsjednikfbih.gov.ba\/wp-content\/uploads\/2026\/04\/95c13e29-ebb3-4485-ac85-221729c26395-1536x1152.jpeg 1536w, https:\/\/www.predsjednikfbih.gov.ba\/wp-content\/uploads\/2026\/04\/95c13e29-ebb3-4485-ac85-221729c26395.jpeg 1600w\" sizes=\"(max-width: 1024px) 100vw, 1024px\" \/> <img decoding=\"async\" class=\"alignnone size-large wp-image-3621\" src=\"https:\/\/www.predsjednikfbih.gov.ba\/wp-content\/uploads\/2026\/04\/32debaba-5beb-4b0e-a0a1-51c5d19c85ed-1024x681.jpeg\" alt=\"\" width=\"1024\" height=\"681\" srcset=\"https:\/\/www.predsjednikfbih.gov.ba\/wp-content\/uploads\/2026\/04\/32debaba-5beb-4b0e-a0a1-51c5d19c85ed-1024x681.jpeg 1024w, https:\/\/www.predsjednikfbih.gov.ba\/wp-content\/uploads\/2026\/04\/32debaba-5beb-4b0e-a0a1-51c5d19c85ed-300x200.jpeg 300w, https:\/\/www.predsjednikfbih.gov.ba\/wp-content\/uploads\/2026\/04\/32debaba-5beb-4b0e-a0a1-51c5d19c85ed-768x511.jpeg 768w, https:\/\/www.predsjednikfbih.gov.ba\/wp-content\/uploads\/2026\/04\/32debaba-5beb-4b0e-a0a1-51c5d19c85ed-1536x1021.jpeg 1536w, https:\/\/www.predsjednikfbih.gov.ba\/wp-content\/uploads\/2026\/04\/32debaba-5beb-4b0e-a0a1-51c5d19c85ed.jpeg 1600w\" sizes=\"(max-width: 1024px) 100vw, 1024px\" \/><\/p>\n","protected":false},"excerpt":{"rendered":"<p>Neum je protekloga vikenda bio doma\u0107in okupljanja geodeta Federacije BiH. Prvo izdanje \"Dana geodeta\" Federacije [&hellip;]<\/p>\n","protected":false},"author":1,"featured_media":3615,"comment_status":"open","ping_status":"open","sticky":false,"template":"","format":"standard","meta":{"inline_featured_image":false,"footnotes":""},"categories":[3,4,7],"tags":[],"class_list":["post-3614","post","type-post","status-publish","format-standard","has-post-thumbnail","hentry","category-novosti","category-objave","category-priopcenja"],"acf":[],"_links":{"self":[{"href":"https:\/\/www.predsjednikfbih.gov.ba\/index.php\/wp-json\/wp\/v2\/posts\/3614","targetHints":{"allow":["GET"]}}],"collection":[{"href":"https:\/\/www.predsjednikfbih.gov.ba\/index.php\/wp-json\/wp\/v2\/posts"}],"about":[{"href":"https:\/\/www.predsjednikfbih.gov.ba\/index.php\/wp-json\/wp\/v2\/types\/post"}],"author":[{"embeddable":true,"href":"https:\/\/www.predsjednikfbih.gov.ba\/index.php\/wp-json\/wp\/v2\/users\/1"}],"replies":[{"embeddable":true,"href":"https:\/\/www.predsjednikfbih.gov.ba\/index.php\/wp-json\/wp\/v2\/comments?post=3614"}],"version-history":[{"count":2,"href":"https:\/\/www.predsjednikfbih.gov.ba\/index.php\/wp-json\/wp\/v2\/posts\/3614\/revisions"}],"predecessor-version":[{"id":3622,"href":"https:\/\/www.predsjednikfbih.gov.ba\/index.php\/wp-json\/wp\/v2\/posts\/3614\/revisions\/3622"}],"wp:featuredmedia":[{"embeddable":true,"href":"https:\/\/www.predsjednikfbih.gov.ba\/index.php\/wp-json\/wp\/v2\/media\/3615"}],"wp:attachment":[{"href":"https:\/\/www.predsjednikfbih.gov.ba\/index.php\/wp-json\/wp\/v2\/media?parent=3614"}],"wp:term":[{"taxonomy":"category","embeddable":true,"href":"https:\/\/www.predsjednikfbih.gov.ba\/index.php\/wp-json\/wp\/v2\/categories?post=3614"},{"taxonomy":"post_tag","embeddable":true,"href":"https:\/\/www.predsjednikfbih.gov.ba\/index.php\/wp-json\/wp\/v2\/tags?post=3614"}],"curies":[{"name":"wp","href":"https:\/\/api.w.org\/{rel}","templated":true}]}}