{"id":359,"date":"2023-10-12T08:24:24","date_gmt":"2023-10-12T08:24:24","guid":{"rendered":"https:\/\/www.predsjednikfbih.gov.ba\/?p=359"},"modified":"2023-10-12T08:24:25","modified_gmt":"2023-10-12T08:24:25","slug":"predsjednica-bradara-kod-vlc-zarka-vujice","status":"publish","type":"post","link":"https:\/\/www.predsjednikfbih.gov.ba\/index.php\/2023\/10\/12\/predsjednica-bradara-kod-vlc-zarka-vujice\/","title":{"rendered":"Predsjednica Bradara kod vl\u010d. \u017darka Vujice"},"content":{"rendered":"\n<p>Predsjednica Federacije Lidija Bradara posjetila je don \u017darka Vujicu, \u017eupnika \u017eupe Svetih Petra i Pavla u Kaknju.<\/p>\n\n\n\n<p><br>Javnost je ju\u010der zgrozila vijest kako je vl\u010d. Vujica u subotu ve\u010der napadnut u vlastitoj \u017eupnoj ku\u0107i, svezan te oplja\u010dkan.<\/p>\n\n\n\n<p>\"Vl\u010d. \u017darko je dobro i to je najva\u017enije. Pomo\u0107 mu treba i brojne posjete daju nadu da \u0107e je i dobiti. Nadle\u017eni policijski organi rade svoj posao i u tom segmentu je Don \u017darko zadovoljan. Ostaje gorak osje\u0107aj i razo\u010darenje da vi\u0161e ni\u0161ta nije sveto\" kazala je predsjednica Bradara nakon posjete.<\/p>\n\n\n\n<p>\"Pomo\u0107 \u017eupniku ve\u0107 sti\u017ee i ve\u0107 se organiziramo da mu nadoknadimo izbugljeno barem kada je materijalno u pitanju. Na osje\u0107aju sigurnosti se tako\u0111er radi, u\u010dinit \u0107emo sve \u0161to je mogu\u0107e. Njegova snaga duha i vjere odradit \u0107e nadam se ostalo. Iako se najvjerojatnije radi o klasi\u010dnoj plja\u010dki, mogu pretpostaviti kako nije jednostavno ni Hrvatima Kaknja, uglavnom povratnicima koji su tako\u0111er pro\u0161li golgotu. Podr\u0161ka naravno i svima njima\" dodala je predsjednica Bradara.<\/p>\n","protected":false},"excerpt":{"rendered":"<p>Predsjednica Federacije Lidija Bradara posjetila je don \u017darka Vujicu, \u017eupnika \u017eupe Svetih Petra i Pavla [&hellip;]<\/p>\n","protected":false},"author":1,"featured_media":360,"comment_status":"open","ping_status":"open","sticky":false,"template":"","format":"standard","meta":{"inline_featured_image":false,"footnotes":""},"categories":[8,7],"tags":[],"class_list":["post-359","post","type-post","status-publish","format-standard","has-post-thumbnail","hentry","category-izjave","category-priopcenja"],"acf":[],"_links":{"self":[{"href":"https:\/\/www.predsjednikfbih.gov.ba\/index.php\/wp-json\/wp\/v2\/posts\/359","targetHints":{"allow":["GET"]}}],"collection":[{"href":"https:\/\/www.predsjednikfbih.gov.ba\/index.php\/wp-json\/wp\/v2\/posts"}],"about":[{"href":"https:\/\/www.predsjednikfbih.gov.ba\/index.php\/wp-json\/wp\/v2\/types\/post"}],"author":[{"embeddable":true,"href":"https:\/\/www.predsjednikfbih.gov.ba\/index.php\/wp-json\/wp\/v2\/users\/1"}],"replies":[{"embeddable":true,"href":"https:\/\/www.predsjednikfbih.gov.ba\/index.php\/wp-json\/wp\/v2\/comments?post=359"}],"version-history":[{"count":2,"href":"https:\/\/www.predsjednikfbih.gov.ba\/index.php\/wp-json\/wp\/v2\/posts\/359\/revisions"}],"predecessor-version":[{"id":362,"href":"https:\/\/www.predsjednikfbih.gov.ba\/index.php\/wp-json\/wp\/v2\/posts\/359\/revisions\/362"}],"wp:featuredmedia":[{"embeddable":true,"href":"https:\/\/www.predsjednikfbih.gov.ba\/index.php\/wp-json\/wp\/v2\/media\/360"}],"wp:attachment":[{"href":"https:\/\/www.predsjednikfbih.gov.ba\/index.php\/wp-json\/wp\/v2\/media?parent=359"}],"wp:term":[{"taxonomy":"category","embeddable":true,"href":"https:\/\/www.predsjednikfbih.gov.ba\/index.php\/wp-json\/wp\/v2\/categories?post=359"},{"taxonomy":"post_tag","embeddable":true,"href":"https:\/\/www.predsjednikfbih.gov.ba\/index.php\/wp-json\/wp\/v2\/tags?post=359"}],"curies":[{"name":"wp","href":"https:\/\/api.w.org\/{rel}","templated":true}]}}