{"id":3518,"date":"2026-03-31T15:07:13","date_gmt":"2026-03-31T15:07:13","guid":{"rendered":"https:\/\/www.predsjednikfbih.gov.ba\/?p=3518"},"modified":"2026-03-31T15:08:11","modified_gmt":"2026-03-31T15:08:11","slug":"predsjednica-bradara-izabrana-za-potpredsjednicu-doma-regija-vijeca-europe","status":"publish","type":"post","link":"https:\/\/www.predsjednikfbih.gov.ba\/index.php\/2026\/03\/31\/predsjednica-bradara-izabrana-za-potpredsjednicu-doma-regija-vijeca-europe\/","title":{"rendered":"Predsjednica Bradara izabrana za potpredsjednicu Doma regija Vije\u0107a Europe"},"content":{"rendered":"<h4>Na jubilarnom, 50. zasjedanju Kongresa lokalnih i regionalnih vlasti Vije\u0107a Europe u Strasbourgu, predsjednica Federacije Bosne i Hercegovine Lidija Bradara izabrana je za potpredsjednicu Doma regija ispred EPP grupe. Bradara je i u novom sazivu Kongresa na \u010delu izaslanstva BiH.<\/h4>\n<p>Rije\u010d je o priznanju koje Bosni i Hercegovini donosi dodatnu vidljivost u europskim institucijama, osobito kada je rije\u010d o lokalnoj i regionalnoj suradnji. Posebnu te\u017einu ovom izboru daje \u010dinjenica da je predsjednica Bradara jedina predstavnica iz zemalja regije u novom vodstvu Doma regija.<\/p>\n<p>U fokusu zasjedanja su ja\u010danje lokalne demokracije, sigurnosni izazovi, migracije i odr\u017eivi razvoj, uz sna\u017ean naglasak na ulogu lokalnih i regionalnih vlasti u o\u010duvanju stabilnosti i povjerenja gra\u0111ana.<\/p>\n<p>Bradara na zasjedanju sudjeluje kao \u0161efica izaslanstva Bosne i Hercegovine, zajedno sa zamjenicom Senkom Juji\u0107, izaslanikom mladih Ismarom Ajkuni\u0107em, te na\u010delnicima Kenanom Dautovi\u0107em i Milanom Ze\u010devi\u0107em.<\/p>\n<p>Zahvaliv\u0161i na ukazanom povjerenju, predsjednica Bradara je istaknula:<\/p>\n<p><em>\"Zahvalna sam EPP grupaciji koja me nominirala, ali i na podr\u0161ci koju sam dobila prilikom glasovanja. U vremenu izazova i neizvjesnosti drago mi je da \u0107emo imati jo\u0161 jedan glas u europskim institucijama. Ovu du\u017enost vidim kao priliku za ja\u010danje europskih vrijednosti, ali i za sna\u017enije povezivanje na\u0161ih lokalnih zajednica s partnerima diljem Europe. Mir i stabilnost ostaju temelj na\u0161ega djelovanja, kako u Bosni i Hercegovini, tako i u cijeloj regiji.\"<\/em><\/p>\n<p>Ovaj izbor dodatno potvr\u0111uje da Bosna i Hercegovina ima svoje mjesto, odgovornost i glas u europskim institucijama, ali i da predstavnici iz Bosne i Hercegovine mogu aktivno doprinositi oblikovanju politika na europskoj razini.<\/p>\n<p><img decoding=\"async\" class=\"alignnone size-large wp-image-3521\" src=\"https:\/\/www.predsjednikfbih.gov.ba\/wp-content\/uploads\/2026\/03\/Predsjednica-Bradara-izabrana-za-potpredsjednicu-Doma-regija-Vijeca-Europe12-576x1024.jpg\" alt=\"\" width=\"576\" height=\"1024\" srcset=\"https:\/\/www.predsjednikfbih.gov.ba\/wp-content\/uploads\/2026\/03\/Predsjednica-Bradara-izabrana-za-potpredsjednicu-Doma-regija-Vijeca-Europe12-576x1024.jpg 576w, https:\/\/www.predsjednikfbih.gov.ba\/wp-content\/uploads\/2026\/03\/Predsjednica-Bradara-izabrana-za-potpredsjednicu-Doma-regija-Vijeca-Europe12-169x300.jpg 169w, https:\/\/www.predsjednikfbih.gov.ba\/wp-content\/uploads\/2026\/03\/Predsjednica-Bradara-izabrana-za-potpredsjednicu-Doma-regija-Vijeca-Europe12-768x1365.jpg 768w, https:\/\/www.predsjednikfbih.gov.ba\/wp-content\/uploads\/2026\/03\/Predsjednica-Bradara-izabrana-za-potpredsjednicu-Doma-regija-Vijeca-Europe12-864x1536.jpg 864w, https:\/\/www.predsjednikfbih.gov.ba\/wp-content\/uploads\/2026\/03\/Predsjednica-Bradara-izabrana-za-potpredsjednicu-Doma-regija-Vijeca-Europe12.jpg 1080w\" sizes=\"(max-width: 576px) 100vw, 576px\" \/><\/p>\n<p><img decoding=\"async\" class=\"alignnone size-large wp-image-3520\" src=\"https:\/\/www.predsjednikfbih.gov.ba\/wp-content\/uploads\/2026\/03\/Predsjednica-Bradara-izabrana-za-potpredsjednicu-Doma-regija-Vijeca-Europe16-1024x683.jpg\" alt=\"\" width=\"1024\" height=\"683\" srcset=\"https:\/\/www.predsjednikfbih.gov.ba\/wp-content\/uploads\/2026\/03\/Predsjednica-Bradara-izabrana-za-potpredsjednicu-Doma-regija-Vijeca-Europe16-1024x683.jpg 1024w, https:\/\/www.predsjednikfbih.gov.ba\/wp-content\/uploads\/2026\/03\/Predsjednica-Bradara-izabrana-za-potpredsjednicu-Doma-regija-Vijeca-Europe16-300x200.jpg 300w, https:\/\/www.predsjednikfbih.gov.ba\/wp-content\/uploads\/2026\/03\/Predsjednica-Bradara-izabrana-za-potpredsjednicu-Doma-regija-Vijeca-Europe16-768x512.jpg 768w, https:\/\/www.predsjednikfbih.gov.ba\/wp-content\/uploads\/2026\/03\/Predsjednica-Bradara-izabrana-za-potpredsjednicu-Doma-regija-Vijeca-Europe16-1536x1024.jpg 1536w, https:\/\/www.predsjednikfbih.gov.ba\/wp-content\/uploads\/2026\/03\/Predsjednica-Bradara-izabrana-za-potpredsjednicu-Doma-regija-Vijeca-Europe16.jpg 1920w\" sizes=\"(max-width: 1024px) 100vw, 1024px\" \/><\/p>\n","protected":false},"excerpt":{"rendered":"<p>Na jubilarnom, 50. zasjedanju Kongresa lokalnih i regionalnih vlasti Vije\u0107a Europe u Strasbourgu, predsjednica Federacije [&hellip;]<\/p>\n","protected":false},"author":1,"featured_media":3519,"comment_status":"open","ping_status":"open","sticky":false,"template":"","format":"standard","meta":{"inline_featured_image":false,"footnotes":""},"categories":[3,4,7],"tags":[],"class_list":["post-3518","post","type-post","status-publish","format-standard","has-post-thumbnail","hentry","category-novosti","category-objave","category-priopcenja"],"acf":[],"_links":{"self":[{"href":"https:\/\/www.predsjednikfbih.gov.ba\/index.php\/wp-json\/wp\/v2\/posts\/3518","targetHints":{"allow":["GET"]}}],"collection":[{"href":"https:\/\/www.predsjednikfbih.gov.ba\/index.php\/wp-json\/wp\/v2\/posts"}],"about":[{"href":"https:\/\/www.predsjednikfbih.gov.ba\/index.php\/wp-json\/wp\/v2\/types\/post"}],"author":[{"embeddable":true,"href":"https:\/\/www.predsjednikfbih.gov.ba\/index.php\/wp-json\/wp\/v2\/users\/1"}],"replies":[{"embeddable":true,"href":"https:\/\/www.predsjednikfbih.gov.ba\/index.php\/wp-json\/wp\/v2\/comments?post=3518"}],"version-history":[{"count":2,"href":"https:\/\/www.predsjednikfbih.gov.ba\/index.php\/wp-json\/wp\/v2\/posts\/3518\/revisions"}],"predecessor-version":[{"id":3523,"href":"https:\/\/www.predsjednikfbih.gov.ba\/index.php\/wp-json\/wp\/v2\/posts\/3518\/revisions\/3523"}],"wp:featuredmedia":[{"embeddable":true,"href":"https:\/\/www.predsjednikfbih.gov.ba\/index.php\/wp-json\/wp\/v2\/media\/3519"}],"wp:attachment":[{"href":"https:\/\/www.predsjednikfbih.gov.ba\/index.php\/wp-json\/wp\/v2\/media?parent=3518"}],"wp:term":[{"taxonomy":"category","embeddable":true,"href":"https:\/\/www.predsjednikfbih.gov.ba\/index.php\/wp-json\/wp\/v2\/categories?post=3518"},{"taxonomy":"post_tag","embeddable":true,"href":"https:\/\/www.predsjednikfbih.gov.ba\/index.php\/wp-json\/wp\/v2\/tags?post=3518"}],"curies":[{"name":"wp","href":"https:\/\/api.w.org\/{rel}","templated":true}]}}