{"id":3466,"date":"2026-03-19T15:30:14","date_gmt":"2026-03-19T15:30:14","guid":{"rendered":"https:\/\/www.predsjednikfbih.gov.ba\/?p=3466"},"modified":"2026-03-19T16:13:12","modified_gmt":"2026-03-19T16:13:12","slug":"bradara-i-lakic-s-upravom-otf-a-energetska-sigurnost-i-stabilna-opskrba-gorivom-strateski-su-prioriteti-federacije-bih","status":"publish","type":"post","link":"https:\/\/www.predsjednikfbih.gov.ba\/index.php\/2026\/03\/19\/bradara-i-lakic-s-upravom-otf-a-energetska-sigurnost-i-stabilna-opskrba-gorivom-strateski-su-prioriteti-federacije-bih\/","title":{"rendered":"Bradara i Laki\u0107 s upravom OTF-a: Energetska sigurnost i stabilna opskrba gorivom strate\u0161ki su prioriteti Federacije BiH"},"content":{"rendered":"<h4>Predsjednica Federacije BiH Lidija Bradara i federalni ministar energije, rudarstva i industrije Vedran Laki\u0107 posjetili su danas Operator - Terminali Federacije BiH, gdje su s Upravom razgovarali o stanju naftnih terminala, planovima daljnjeg razvoja, obveznim rezervama nafte i sigurnosti opskrbe gorivom u Federaciji BiH.<\/h4>\n<p>U fokusu sastanka bila je aktualna situacija na tr\u017ei\u0161tu energenata i va\u017enost pravodobnog institucionalnog odgovora u okolnostima poja\u010dane neizvjesnosti i poreme\u0107aja u opskrbnim lancima. Istaknuto je kako su naftni terminali jedan od klju\u010dnih stupova energetske sigurnosti Federacije BiH te da njihovo ja\u010danje ostaje strate\u0161ki prioritet.<\/p>\n<p>Nagla\u0161eno je da je terminal u Bla\u017euju zavr\u0161en i u funkciji, dok su na ostalim terminalima u tijeku aktivnosti usmjerene na rekonstrukciju, razvoj i rje\u0161avanje otvorenih pitanja, s ciljem ja\u010danja ukupnih skladi\u0161nih i logisti\u010dkih kapaciteta Federacije BiH.<\/p>\n<p>Posebna pozornost posve\u0107ena je terminalu u Plo\u010dama, koji ima izniman zna\u010daj za opskrbu naftnim derivatima i ukupnu stabilnost sustava, pri \u010demu je istaknuto da je rije\u010d o pitanju od strate\u0161kog interesa za Federaciju BiH i dugoro\u010dnu sigurnost opskrbe.<\/p>\n<p>Tema sastanka bile su i obvezne rezerve nafte, uz ocjenu da postoje\u0107i model financiranja nije dostatan za sna\u017enije ja\u010danje sustava. Razgovarano je i o odluci Vlade Federacije BiH o pokretanju javnog poziva za zakup skladi\u0161nog prostora uz subvencioniranje tro\u0161kova najma na tri mjeseca, s ciljem dodatnog ja\u010danja zaliha i stabilnosti tr\u017ei\u0161ta goriva.<\/p>\n<p>Istaknuto je i kako su trenutne koli\u010dine nafte dovoljne za interventne i hitne potrebe te da je stanje stabilno, zbog \u010dega nema razloga za paniku.<\/p>\n<p><em>\u201cEnergetska sigurnost nema alternativu. U vremenu tr\u017ei\u0161nih poreme\u0107aja va\u017eno je imati vlastite kapacitete, stabilan sustav i institucije koje mogu djelovati pravodobno i odgovorno\u201d<\/em>, poru\u010dila je predsjednica Bradara.<\/p>\n<p>Damir Kreso, predsjednik Uprave i Adrijana Zarinkovi\u0107, \u010dlanica Uprave, istaknuli su kako ovo poduze\u0107e ima klju\u010dnu ulogu u o\u010duvanju stabilnosti opskrbe te da \u0107e, po zavr\u0161etku planiranih investicija, ukupni kapaciteti dosegnuti oko 200.000 kubnih metara. Naglasili su i da je stanje u Bla\u017euju stabilno te da gra\u0111ani nemaju razloga za zabrinutost.<\/p>\n<p><em>\u201cRazvoj terminala, ja\u010danje rezervi i stabilnost opskrbe ostaju me\u0111u prioritetima resornog ministarstva i Vlade Federacije BiH\u201d,<\/em> istaknuo je ministar Laki\u0107.<\/p>\n<p>Zaklju\u010deno je kako su ulaganja u terminale, ja\u010danje kapaciteta i rje\u0161avanje otvorenih pitanja va\u017eni preduvjeti za dugoro\u010dnu energetsku sigurnost Federacije BiH te za\u0161titu gra\u0111ana i gospodarstva od budu\u0107ih poreme\u0107aja.<\/p>\n<p><img decoding=\"async\" class=\"alignnone size-large wp-image-3477\" src=\"https:\/\/www.predsjednikfbih.gov.ba\/wp-content\/uploads\/2026\/03\/Bradara-i-Lakic-s-upravom-OTF-a-Energetska-sigurnost-i-stabilna-opskrba-gorivom-strateski-su-prioriteti-Federacije-BiH4-1024x683.jpg\" alt=\"\" width=\"1024\" height=\"683\" srcset=\"https:\/\/www.predsjednikfbih.gov.ba\/wp-content\/uploads\/2026\/03\/Bradara-i-Lakic-s-upravom-OTF-a-Energetska-sigurnost-i-stabilna-opskrba-gorivom-strateski-su-prioriteti-Federacije-BiH4-1024x683.jpg 1024w, https:\/\/www.predsjednikfbih.gov.ba\/wp-content\/uploads\/2026\/03\/Bradara-i-Lakic-s-upravom-OTF-a-Energetska-sigurnost-i-stabilna-opskrba-gorivom-strateski-su-prioriteti-Federacije-BiH4-300x200.jpg 300w, https:\/\/www.predsjednikfbih.gov.ba\/wp-content\/uploads\/2026\/03\/Bradara-i-Lakic-s-upravom-OTF-a-Energetska-sigurnost-i-stabilna-opskrba-gorivom-strateski-su-prioriteti-Federacije-BiH4-768x512.jpg 768w, https:\/\/www.predsjednikfbih.gov.ba\/wp-content\/uploads\/2026\/03\/Bradara-i-Lakic-s-upravom-OTF-a-Energetska-sigurnost-i-stabilna-opskrba-gorivom-strateski-su-prioriteti-Federacije-BiH4-1536x1024.jpg 1536w, https:\/\/www.predsjednikfbih.gov.ba\/wp-content\/uploads\/2026\/03\/Bradara-i-Lakic-s-upravom-OTF-a-Energetska-sigurnost-i-stabilna-opskrba-gorivom-strateski-su-prioriteti-Federacije-BiH4.jpg 1920w\" sizes=\"(max-width: 1024px) 100vw, 1024px\" \/> <img decoding=\"async\" class=\"alignnone size-large wp-image-3476\" src=\"https:\/\/www.predsjednikfbih.gov.ba\/wp-content\/uploads\/2026\/03\/Bradara-i-Lakic-s-upravom-OTF-a-Energetska-sigurnost-i-stabilna-opskrba-gorivom-strateski-su-prioriteti-Federacije-BiH5-1024x683.jpg\" alt=\"\" width=\"1024\" height=\"683\" srcset=\"https:\/\/www.predsjednikfbih.gov.ba\/wp-content\/uploads\/2026\/03\/Bradara-i-Lakic-s-upravom-OTF-a-Energetska-sigurnost-i-stabilna-opskrba-gorivom-strateski-su-prioriteti-Federacije-BiH5-1024x683.jpg 1024w, https:\/\/www.predsjednikfbih.gov.ba\/wp-content\/uploads\/2026\/03\/Bradara-i-Lakic-s-upravom-OTF-a-Energetska-sigurnost-i-stabilna-opskrba-gorivom-strateski-su-prioriteti-Federacije-BiH5-300x200.jpg 300w, https:\/\/www.predsjednikfbih.gov.ba\/wp-content\/uploads\/2026\/03\/Bradara-i-Lakic-s-upravom-OTF-a-Energetska-sigurnost-i-stabilna-opskrba-gorivom-strateski-su-prioriteti-Federacije-BiH5-768x512.jpg 768w, https:\/\/www.predsjednikfbih.gov.ba\/wp-content\/uploads\/2026\/03\/Bradara-i-Lakic-s-upravom-OTF-a-Energetska-sigurnost-i-stabilna-opskrba-gorivom-strateski-su-prioriteti-Federacije-BiH5-1536x1024.jpg 1536w, https:\/\/www.predsjednikfbih.gov.ba\/wp-content\/uploads\/2026\/03\/Bradara-i-Lakic-s-upravom-OTF-a-Energetska-sigurnost-i-stabilna-opskrba-gorivom-strateski-su-prioriteti-Federacije-BiH5.jpg 1920w\" sizes=\"(max-width: 1024px) 100vw, 1024px\" \/> <img decoding=\"async\" class=\"alignnone size-large wp-image-3478\" src=\"https:\/\/www.predsjednikfbih.gov.ba\/wp-content\/uploads\/2026\/03\/Bradara-i-Lakic-s-upravom-OTF-a-Energetska-sigurnost-i-stabilna-opskrba-gorivom-strateski-su-prioriteti-Federacije-BiH2-1024x683.jpg\" alt=\"\" width=\"1024\" height=\"683\" srcset=\"https:\/\/www.predsjednikfbih.gov.ba\/wp-content\/uploads\/2026\/03\/Bradara-i-Lakic-s-upravom-OTF-a-Energetska-sigurnost-i-stabilna-opskrba-gorivom-strateski-su-prioriteti-Federacije-BiH2-1024x683.jpg 1024w, https:\/\/www.predsjednikfbih.gov.ba\/wp-content\/uploads\/2026\/03\/Bradara-i-Lakic-s-upravom-OTF-a-Energetska-sigurnost-i-stabilna-opskrba-gorivom-strateski-su-prioriteti-Federacije-BiH2-300x200.jpg 300w, https:\/\/www.predsjednikfbih.gov.ba\/wp-content\/uploads\/2026\/03\/Bradara-i-Lakic-s-upravom-OTF-a-Energetska-sigurnost-i-stabilna-opskrba-gorivom-strateski-su-prioriteti-Federacije-BiH2-768x512.jpg 768w, https:\/\/www.predsjednikfbih.gov.ba\/wp-content\/uploads\/2026\/03\/Bradara-i-Lakic-s-upravom-OTF-a-Energetska-sigurnost-i-stabilna-opskrba-gorivom-strateski-su-prioriteti-Federacije-BiH2-1536x1024.jpg 1536w, https:\/\/www.predsjednikfbih.gov.ba\/wp-content\/uploads\/2026\/03\/Bradara-i-Lakic-s-upravom-OTF-a-Energetska-sigurnost-i-stabilna-opskrba-gorivom-strateski-su-prioriteti-Federacije-BiH2.jpg 1920w\" sizes=\"(max-width: 1024px) 100vw, 1024px\" \/> <img decoding=\"async\" class=\"alignnone size-large wp-image-3479\" src=\"https:\/\/www.predsjednikfbih.gov.ba\/wp-content\/uploads\/2026\/03\/Bradara-i-Lakic-s-upravom-OTF-a-Energetska-sigurnost-i-stabilna-opskrba-gorivom-strateski-su-prioriteti-Federacije-BiH3-1024x683.jpg\" alt=\"\" width=\"1024\" height=\"683\" srcset=\"https:\/\/www.predsjednikfbih.gov.ba\/wp-content\/uploads\/2026\/03\/Bradara-i-Lakic-s-upravom-OTF-a-Energetska-sigurnost-i-stabilna-opskrba-gorivom-strateski-su-prioriteti-Federacije-BiH3-1024x683.jpg 1024w, https:\/\/www.predsjednikfbih.gov.ba\/wp-content\/uploads\/2026\/03\/Bradara-i-Lakic-s-upravom-OTF-a-Energetska-sigurnost-i-stabilna-opskrba-gorivom-strateski-su-prioriteti-Federacije-BiH3-300x200.jpg 300w, https:\/\/www.predsjednikfbih.gov.ba\/wp-content\/uploads\/2026\/03\/Bradara-i-Lakic-s-upravom-OTF-a-Energetska-sigurnost-i-stabilna-opskrba-gorivom-strateski-su-prioriteti-Federacije-BiH3-768x512.jpg 768w, https:\/\/www.predsjednikfbih.gov.ba\/wp-content\/uploads\/2026\/03\/Bradara-i-Lakic-s-upravom-OTF-a-Energetska-sigurnost-i-stabilna-opskrba-gorivom-strateski-su-prioriteti-Federacije-BiH3-1536x1024.jpg 1536w, https:\/\/www.predsjednikfbih.gov.ba\/wp-content\/uploads\/2026\/03\/Bradara-i-Lakic-s-upravom-OTF-a-Energetska-sigurnost-i-stabilna-opskrba-gorivom-strateski-su-prioriteti-Federacije-BiH3.jpg 1920w\" sizes=\"(max-width: 1024px) 100vw, 1024px\" \/> <img decoding=\"async\" class=\"alignnone size-large wp-image-3474\" src=\"https:\/\/www.predsjednikfbih.gov.ba\/wp-content\/uploads\/2026\/03\/Bradara-i-Lakic-s-upravom-OTF-a-Energetska-sigurnost-i-stabilna-opskrba-gorivom-strateski-su-prioriteti-Federacije-BiH7-1024x683.jpg\" alt=\"\" width=\"1024\" height=\"683\" srcset=\"https:\/\/www.predsjednikfbih.gov.ba\/wp-content\/uploads\/2026\/03\/Bradara-i-Lakic-s-upravom-OTF-a-Energetska-sigurnost-i-stabilna-opskrba-gorivom-strateski-su-prioriteti-Federacije-BiH7-1024x683.jpg 1024w, https:\/\/www.predsjednikfbih.gov.ba\/wp-content\/uploads\/2026\/03\/Bradara-i-Lakic-s-upravom-OTF-a-Energetska-sigurnost-i-stabilna-opskrba-gorivom-strateski-su-prioriteti-Federacije-BiH7-300x200.jpg 300w, https:\/\/www.predsjednikfbih.gov.ba\/wp-content\/uploads\/2026\/03\/Bradara-i-Lakic-s-upravom-OTF-a-Energetska-sigurnost-i-stabilna-opskrba-gorivom-strateski-su-prioriteti-Federacije-BiH7-768x512.jpg 768w, https:\/\/www.predsjednikfbih.gov.ba\/wp-content\/uploads\/2026\/03\/Bradara-i-Lakic-s-upravom-OTF-a-Energetska-sigurnost-i-stabilna-opskrba-gorivom-strateski-su-prioriteti-Federacije-BiH7-1536x1024.jpg 1536w, https:\/\/www.predsjednikfbih.gov.ba\/wp-content\/uploads\/2026\/03\/Bradara-i-Lakic-s-upravom-OTF-a-Energetska-sigurnost-i-stabilna-opskrba-gorivom-strateski-su-prioriteti-Federacije-BiH7.jpg 1920w\" sizes=\"(max-width: 1024px) 100vw, 1024px\" \/> <img decoding=\"async\" class=\"alignnone size-large wp-image-3470\" src=\"https:\/\/www.predsjednikfbih.gov.ba\/wp-content\/uploads\/2026\/03\/Bradara-i-Lakic-s-upravom-OTF-a-Energetska-sigurnost-i-stabilna-opskrba-gorivom-strateski-su-prioriteti-Federacije-BiH9-1024x683.jpg\" alt=\"\" width=\"1024\" height=\"683\" srcset=\"https:\/\/www.predsjednikfbih.gov.ba\/wp-content\/uploads\/2026\/03\/Bradara-i-Lakic-s-upravom-OTF-a-Energetska-sigurnost-i-stabilna-opskrba-gorivom-strateski-su-prioriteti-Federacije-BiH9-1024x683.jpg 1024w, https:\/\/www.predsjednikfbih.gov.ba\/wp-content\/uploads\/2026\/03\/Bradara-i-Lakic-s-upravom-OTF-a-Energetska-sigurnost-i-stabilna-opskrba-gorivom-strateski-su-prioriteti-Federacije-BiH9-300x200.jpg 300w, https:\/\/www.predsjednikfbih.gov.ba\/wp-content\/uploads\/2026\/03\/Bradara-i-Lakic-s-upravom-OTF-a-Energetska-sigurnost-i-stabilna-opskrba-gorivom-strateski-su-prioriteti-Federacije-BiH9-768x512.jpg 768w, https:\/\/www.predsjednikfbih.gov.ba\/wp-content\/uploads\/2026\/03\/Bradara-i-Lakic-s-upravom-OTF-a-Energetska-sigurnost-i-stabilna-opskrba-gorivom-strateski-su-prioriteti-Federacije-BiH9-1536x1024.jpg 1536w, https:\/\/www.predsjednikfbih.gov.ba\/wp-content\/uploads\/2026\/03\/Bradara-i-Lakic-s-upravom-OTF-a-Energetska-sigurnost-i-stabilna-opskrba-gorivom-strateski-su-prioriteti-Federacije-BiH9.jpg 1920w\" sizes=\"(max-width: 1024px) 100vw, 1024px\" \/> <img decoding=\"async\" class=\"alignnone size-large wp-image-3473\" src=\"https:\/\/www.predsjednikfbih.gov.ba\/wp-content\/uploads\/2026\/03\/Bradara-i-Lakic-s-upravom-OTF-a-Energetska-sigurnost-i-stabilna-opskrba-gorivom-strateski-su-prioriteti-Federacije-BiH8-1024x683.jpg\" alt=\"\" width=\"1024\" height=\"683\" srcset=\"https:\/\/www.predsjednikfbih.gov.ba\/wp-content\/uploads\/2026\/03\/Bradara-i-Lakic-s-upravom-OTF-a-Energetska-sigurnost-i-stabilna-opskrba-gorivom-strateski-su-prioriteti-Federacije-BiH8-1024x683.jpg 1024w, https:\/\/www.predsjednikfbih.gov.ba\/wp-content\/uploads\/2026\/03\/Bradara-i-Lakic-s-upravom-OTF-a-Energetska-sigurnost-i-stabilna-opskrba-gorivom-strateski-su-prioriteti-Federacije-BiH8-300x200.jpg 300w, https:\/\/www.predsjednikfbih.gov.ba\/wp-content\/uploads\/2026\/03\/Bradara-i-Lakic-s-upravom-OTF-a-Energetska-sigurnost-i-stabilna-opskrba-gorivom-strateski-su-prioriteti-Federacije-BiH8-768x512.jpg 768w, https:\/\/www.predsjednikfbih.gov.ba\/wp-content\/uploads\/2026\/03\/Bradara-i-Lakic-s-upravom-OTF-a-Energetska-sigurnost-i-stabilna-opskrba-gorivom-strateski-su-prioriteti-Federacije-BiH8-1536x1024.jpg 1536w, https:\/\/www.predsjednikfbih.gov.ba\/wp-content\/uploads\/2026\/03\/Bradara-i-Lakic-s-upravom-OTF-a-Energetska-sigurnost-i-stabilna-opskrba-gorivom-strateski-su-prioriteti-Federacije-BiH8.jpg 1920w\" sizes=\"(max-width: 1024px) 100vw, 1024px\" \/><\/p>\n","protected":false},"excerpt":{"rendered":"<p>Predsjednica Federacije BiH Lidija Bradara i federalni ministar energije, rudarstva i industrije Vedran Laki\u0107 posjetili [&hellip;]<\/p>\n","protected":false},"author":1,"featured_media":3473,"comment_status":"open","ping_status":"open","sticky":false,"template":"","format":"standard","meta":{"inline_featured_image":false,"footnotes":""},"categories":[3,4,7],"tags":[],"class_list":["post-3466","post","type-post","status-publish","format-standard","has-post-thumbnail","hentry","category-novosti","category-objave","category-priopcenja"],"acf":[],"_links":{"self":[{"href":"https:\/\/www.predsjednikfbih.gov.ba\/index.php\/wp-json\/wp\/v2\/posts\/3466","targetHints":{"allow":["GET"]}}],"collection":[{"href":"https:\/\/www.predsjednikfbih.gov.ba\/index.php\/wp-json\/wp\/v2\/posts"}],"about":[{"href":"https:\/\/www.predsjednikfbih.gov.ba\/index.php\/wp-json\/wp\/v2\/types\/post"}],"author":[{"embeddable":true,"href":"https:\/\/www.predsjednikfbih.gov.ba\/index.php\/wp-json\/wp\/v2\/users\/1"}],"replies":[{"embeddable":true,"href":"https:\/\/www.predsjednikfbih.gov.ba\/index.php\/wp-json\/wp\/v2\/comments?post=3466"}],"version-history":[{"count":3,"href":"https:\/\/www.predsjednikfbih.gov.ba\/index.php\/wp-json\/wp\/v2\/posts\/3466\/revisions"}],"predecessor-version":[{"id":3481,"href":"https:\/\/www.predsjednikfbih.gov.ba\/index.php\/wp-json\/wp\/v2\/posts\/3466\/revisions\/3481"}],"wp:featuredmedia":[{"embeddable":true,"href":"https:\/\/www.predsjednikfbih.gov.ba\/index.php\/wp-json\/wp\/v2\/media\/3473"}],"wp:attachment":[{"href":"https:\/\/www.predsjednikfbih.gov.ba\/index.php\/wp-json\/wp\/v2\/media?parent=3466"}],"wp:term":[{"taxonomy":"category","embeddable":true,"href":"https:\/\/www.predsjednikfbih.gov.ba\/index.php\/wp-json\/wp\/v2\/categories?post=3466"},{"taxonomy":"post_tag","embeddable":true,"href":"https:\/\/www.predsjednikfbih.gov.ba\/index.php\/wp-json\/wp\/v2\/tags?post=3466"}],"curies":[{"name":"wp","href":"https:\/\/api.w.org\/{rel}","templated":true}]}}