{"id":345,"date":"2023-10-12T08:20:39","date_gmt":"2023-10-12T08:20:39","guid":{"rendered":"https:\/\/www.predsjednikfbih.gov.ba\/?p=345"},"modified":"2023-10-12T08:20:40","modified_gmt":"2023-10-12T08:20:40","slug":"predsjednica-bradara-sa-clanovima-udruge-policajaca-hrvatskih-branitelja","status":"publish","type":"post","link":"https:\/\/www.predsjednikfbih.gov.ba\/index.php\/2023\/10\/12\/predsjednica-bradara-sa-clanovima-udruge-policajaca-hrvatskih-branitelja\/","title":{"rendered":"Predsjednica Bradara sa \u010dlanovima Udruge policajaca hrvatskih branitelja"},"content":{"rendered":"\n<p>Predsjednica Federacije BiH Lidija Bradara danas je na sastanak primila \u010dlanove Udruge policajaca hrvatskih branitelja u Bosni i Hercegovini.<\/p>\n\n\n\n<p>Ova udruga osnovana je prije tri godine, prema rije\u010dima \u010dlanova, kako bi promovirala i \u0161titila prava ljudi koji su se me\u0111u prvima uklju\u010dili u obranu BiH. Kroz policijsku postrojbu pro\u0161lo je oko 2.500 \u010dlanova, tijekom rata poginulo ih je 150, a ranjeno 450.<\/p>\n\n\n\n<p>Govore\u0107i o svom ratnom putu, pojasnili su kako je njihova ratna postrojba djelovala na podru\u010dju Bosne i Hercegovine, ali je dala svoj doprinos&nbsp; vojno-redarstvenoj operaciji \u201eOluja\u201c.<\/p>\n\n\n\n<p>Udruga okuplja umirovljene hrvatske policajce iz sredi\u0161nje Bosne, Neuma, Mostara, Posavine, a priklju\u010duju joj se i umirovljeni policajci iz drugih dijelova BiH.<\/p>\n\n\n\n<p>Predsjednici Bradara, koja je ve\u0107 od prije upoznata s njihovim djelovanjem, predstavili su dosada\u0161nje aktivnosti te tijek borbe za, kako su kazali, istinu i priznanje svog statusa ali i iskoristili priliku uputiti poziv za nazo\u010dnost na 31. obljetnici utemeljenja policije Hrvatske zajednice-Herceg Bosne.<\/p>\n","protected":false},"excerpt":{"rendered":"<p>Predsjednica Federacije BiH Lidija Bradara danas je na sastanak primila \u010dlanove Udruge policajaca hrvatskih branitelja [&hellip;]<\/p>\n","protected":false},"author":1,"featured_media":346,"comment_status":"open","ping_status":"open","sticky":false,"template":"","format":"standard","meta":{"inline_featured_image":false,"footnotes":""},"categories":[3],"tags":[],"class_list":["post-345","post","type-post","status-publish","format-standard","has-post-thumbnail","hentry","category-novosti"],"acf":[],"_links":{"self":[{"href":"https:\/\/www.predsjednikfbih.gov.ba\/index.php\/wp-json\/wp\/v2\/posts\/345","targetHints":{"allow":["GET"]}}],"collection":[{"href":"https:\/\/www.predsjednikfbih.gov.ba\/index.php\/wp-json\/wp\/v2\/posts"}],"about":[{"href":"https:\/\/www.predsjednikfbih.gov.ba\/index.php\/wp-json\/wp\/v2\/types\/post"}],"author":[{"embeddable":true,"href":"https:\/\/www.predsjednikfbih.gov.ba\/index.php\/wp-json\/wp\/v2\/users\/1"}],"replies":[{"embeddable":true,"href":"https:\/\/www.predsjednikfbih.gov.ba\/index.php\/wp-json\/wp\/v2\/comments?post=345"}],"version-history":[{"count":1,"href":"https:\/\/www.predsjednikfbih.gov.ba\/index.php\/wp-json\/wp\/v2\/posts\/345\/revisions"}],"predecessor-version":[{"id":347,"href":"https:\/\/www.predsjednikfbih.gov.ba\/index.php\/wp-json\/wp\/v2\/posts\/345\/revisions\/347"}],"wp:featuredmedia":[{"embeddable":true,"href":"https:\/\/www.predsjednikfbih.gov.ba\/index.php\/wp-json\/wp\/v2\/media\/346"}],"wp:attachment":[{"href":"https:\/\/www.predsjednikfbih.gov.ba\/index.php\/wp-json\/wp\/v2\/media?parent=345"}],"wp:term":[{"taxonomy":"category","embeddable":true,"href":"https:\/\/www.predsjednikfbih.gov.ba\/index.php\/wp-json\/wp\/v2\/categories?post=345"},{"taxonomy":"post_tag","embeddable":true,"href":"https:\/\/www.predsjednikfbih.gov.ba\/index.php\/wp-json\/wp\/v2\/tags?post=345"}],"curies":[{"name":"wp","href":"https:\/\/api.w.org\/{rel}","templated":true}]}}