{"id":3437,"date":"2026-03-09T15:44:30","date_gmt":"2026-03-09T15:44:30","guid":{"rendered":"https:\/\/www.predsjednikfbih.gov.ba\/?p=3437"},"modified":"2026-03-09T15:44:30","modified_gmt":"2026-03-09T15:44:30","slug":"predsjednica-fbih-lidija-bradara-u-medici-zenica-zastita-zena-i-djece-ne-smije-ostati-samo-zakonska-obveza-nego-stvarna-odgovornost-sustava","status":"publish","type":"post","link":"https:\/\/www.predsjednikfbih.gov.ba\/index.php\/2026\/03\/09\/predsjednica-fbih-lidija-bradara-u-medici-zenica-zastita-zena-i-djece-ne-smije-ostati-samo-zakonska-obveza-nego-stvarna-odgovornost-sustava\/","title":{"rendered":"Predsjednica FBiH Lidija Bradara u Medici Zenica: Za\u0161tita \u017eena i djece ne smije ostati samo zakonska obveza, nego stvarna odgovornost sustava"},"content":{"rendered":"<h4>Predsjednica Federacije Bosne i Hercegovine Lidija Bradara posjetila je danas Sigurnu ku\u0107u Medica Zenica, gdje je razgovarala s direktoricom dr. sci. Sabihom Husi\u0107 i njezinim suradnicama o radu ove ustanove, iskustvima izravno s terena te klju\u010dnim izazovima u za\u0161titi \u017eena i djece \u017ertava nasilja.<\/h4>\n<p>Tijekom sastanka poseban naglasak stavljen je na va\u017enost u\u010dinkovitog i koordiniranog djelovanja svih nadle\u017enih institucija, dosljednu primjenu zakonskih rje\u0161enja te potrebu sna\u017enije i stabilnije potpore sigurnim ku\u0107ama koje ve\u0107 godinama nose velik teret za\u0161tite najranjivijih.<\/p>\n<p>Sugovornice su otvoreno razgovarale o konkretnim iskustvima iz prakse, izazovima u financiranju, neujedna\u010denoj provedbi propisa te potrebi da zakoni ne ostanu tek formalni okvir, nego stvarni alat za\u0161tite \u017eena i djece koja su pre\u017eivjela nasilje. Istaknuto je i kako sigurnost \u017ertava ne mo\u017ee ovisiti o povremenim rje\u0161enjima, nego o sustavu koji je jasan, odgovoran i funkcionalan na svim razinama.<\/p>\n<p>Predsjednica Bradara naglasila je kako borba protiv nasilja nad \u017eenama i djecom tra\u017ei trajnu posve\u0107enost institucija, ali i cijelog dru\u0161tva.<\/p>\n<p><em>\"Za\u0161tita \u017ertava nasilja ne smije biti samo deklarativna. Obveza je svih institucija da djeluju pravodobno, koordinirano i odgovorno, kako bi svaka \u017eena i svako dijete imali stvarnu za\u0161titu, sigurnost i podr\u0161ku kada im je najpotrebnija\u201d<\/em>, poru\u010dila je predsjednica Bradara.<\/p>\n<p>Na sastanku je bilo rije\u010di i o va\u017enosti ekonomskog osna\u017eivanja \u017eena koje izlaze iz sigurnih ku\u0107a, jer upravo financijska samostalnost \u010desto predstavlja klju\u010dan korak prema trajnom izlasku iz kruga nasilja i stvaranju uvjeta za dostojanstven i siguran \u017eivot.<\/p>\n<p>Direktorica Medice Zenica dr. sci. Sabiha Husi\u0107 zahvalila je predsjednici Federacije BiH na posjeti i podr\u0161ci, istaknuv\u0161i kako je od iznimne va\u017enosti da institucije prepoznaju glas i iskustva onih koji svakodnevno rade sa \u017ertvama nasilja.<\/p>\n<p>Sudionice sastanka suglasne su kako je nu\u017eno nastaviti ja\u010dati institucionalnu suradnju, unapre\u0111ivati provedbu postoje\u0107ih zakona i razvijati konkretne mjere koje \u0107e \u017eenama i djeci osigurati ne samo za\u0161titu u trenutku nasilja, nego i stvarnu priliku za novi po\u010detak. Posjet je uprili\u010den povodom Me\u0111unarodnog dana \u017eena, a predsjednica Bradara tom je prigodom korisnicama Sigurne ku\u0107e, kao i zaposlenicama i suradnicama Medice Zenica, uru\u010dila prigodne poklone kao znak po\u0161tovanja, podr\u0161ke i solidarnosti.<\/p>\n<p><img decoding=\"async\" class=\"alignnone size-large wp-image-3445\" src=\"https:\/\/www.predsjednikfbih.gov.ba\/wp-content\/uploads\/2026\/03\/Predsjednica-FBiH-Lidija-Bradara-u-Medici-Zenica-Zastita-zena-i-djece-ne-smije-ostati-samo-zakonska-obveza-nego-stvarna-odgovornost-sustava1-1024x683.jpg\" alt=\"\" width=\"1024\" height=\"683\" srcset=\"https:\/\/www.predsjednikfbih.gov.ba\/wp-content\/uploads\/2026\/03\/Predsjednica-FBiH-Lidija-Bradara-u-Medici-Zenica-Zastita-zena-i-djece-ne-smije-ostati-samo-zakonska-obveza-nego-stvarna-odgovornost-sustava1-1024x683.jpg 1024w, https:\/\/www.predsjednikfbih.gov.ba\/wp-content\/uploads\/2026\/03\/Predsjednica-FBiH-Lidija-Bradara-u-Medici-Zenica-Zastita-zena-i-djece-ne-smije-ostati-samo-zakonska-obveza-nego-stvarna-odgovornost-sustava1-300x200.jpg 300w, https:\/\/www.predsjednikfbih.gov.ba\/wp-content\/uploads\/2026\/03\/Predsjednica-FBiH-Lidija-Bradara-u-Medici-Zenica-Zastita-zena-i-djece-ne-smije-ostati-samo-zakonska-obveza-nego-stvarna-odgovornost-sustava1-768x512.jpg 768w, https:\/\/www.predsjednikfbih.gov.ba\/wp-content\/uploads\/2026\/03\/Predsjednica-FBiH-Lidija-Bradara-u-Medici-Zenica-Zastita-zena-i-djece-ne-smije-ostati-samo-zakonska-obveza-nego-stvarna-odgovornost-sustava1-1536x1024.jpg 1536w, https:\/\/www.predsjednikfbih.gov.ba\/wp-content\/uploads\/2026\/03\/Predsjednica-FBiH-Lidija-Bradara-u-Medici-Zenica-Zastita-zena-i-djece-ne-smije-ostati-samo-zakonska-obveza-nego-stvarna-odgovornost-sustava1.jpg 1920w\" sizes=\"(max-width: 1024px) 100vw, 1024px\" \/> <img decoding=\"async\" class=\"alignnone size-large wp-image-3444\" src=\"https:\/\/www.predsjednikfbih.gov.ba\/wp-content\/uploads\/2026\/03\/Predsjednica-FBiH-Lidija-Bradara-u-Medici-Zenica-Zastita-zena-i-djece-ne-smije-ostati-samo-zakonska-obveza-nego-stvarna-odgovornost-sustava3-1024x683.jpg\" alt=\"\" width=\"1024\" height=\"683\" srcset=\"https:\/\/www.predsjednikfbih.gov.ba\/wp-content\/uploads\/2026\/03\/Predsjednica-FBiH-Lidija-Bradara-u-Medici-Zenica-Zastita-zena-i-djece-ne-smije-ostati-samo-zakonska-obveza-nego-stvarna-odgovornost-sustava3-1024x683.jpg 1024w, https:\/\/www.predsjednikfbih.gov.ba\/wp-content\/uploads\/2026\/03\/Predsjednica-FBiH-Lidija-Bradara-u-Medici-Zenica-Zastita-zena-i-djece-ne-smije-ostati-samo-zakonska-obveza-nego-stvarna-odgovornost-sustava3-300x200.jpg 300w, https:\/\/www.predsjednikfbih.gov.ba\/wp-content\/uploads\/2026\/03\/Predsjednica-FBiH-Lidija-Bradara-u-Medici-Zenica-Zastita-zena-i-djece-ne-smije-ostati-samo-zakonska-obveza-nego-stvarna-odgovornost-sustava3-768x512.jpg 768w, https:\/\/www.predsjednikfbih.gov.ba\/wp-content\/uploads\/2026\/03\/Predsjednica-FBiH-Lidija-Bradara-u-Medici-Zenica-Zastita-zena-i-djece-ne-smije-ostati-samo-zakonska-obveza-nego-stvarna-odgovornost-sustava3-1536x1024.jpg 1536w, https:\/\/www.predsjednikfbih.gov.ba\/wp-content\/uploads\/2026\/03\/Predsjednica-FBiH-Lidija-Bradara-u-Medici-Zenica-Zastita-zena-i-djece-ne-smije-ostati-samo-zakonska-obveza-nego-stvarna-odgovornost-sustava3.jpg 1920w\" sizes=\"(max-width: 1024px) 100vw, 1024px\" \/> <img decoding=\"async\" class=\"alignnone size-large wp-image-3446\" src=\"https:\/\/www.predsjednikfbih.gov.ba\/wp-content\/uploads\/2026\/03\/Predsjednica-FBiH-Lidija-Bradara-u-Medici-Zenica-Zastita-zena-i-djece-ne-smije-ostati-samo-zakonska-obveza-nego-stvarna-odgovornost-sustava10-1024x683.jpg\" alt=\"\" width=\"1024\" height=\"683\" srcset=\"https:\/\/www.predsjednikfbih.gov.ba\/wp-content\/uploads\/2026\/03\/Predsjednica-FBiH-Lidija-Bradara-u-Medici-Zenica-Zastita-zena-i-djece-ne-smije-ostati-samo-zakonska-obveza-nego-stvarna-odgovornost-sustava10-1024x683.jpg 1024w, https:\/\/www.predsjednikfbih.gov.ba\/wp-content\/uploads\/2026\/03\/Predsjednica-FBiH-Lidija-Bradara-u-Medici-Zenica-Zastita-zena-i-djece-ne-smije-ostati-samo-zakonska-obveza-nego-stvarna-odgovornost-sustava10-300x200.jpg 300w, https:\/\/www.predsjednikfbih.gov.ba\/wp-content\/uploads\/2026\/03\/Predsjednica-FBiH-Lidija-Bradara-u-Medici-Zenica-Zastita-zena-i-djece-ne-smije-ostati-samo-zakonska-obveza-nego-stvarna-odgovornost-sustava10-768x512.jpg 768w, https:\/\/www.predsjednikfbih.gov.ba\/wp-content\/uploads\/2026\/03\/Predsjednica-FBiH-Lidija-Bradara-u-Medici-Zenica-Zastita-zena-i-djece-ne-smije-ostati-samo-zakonska-obveza-nego-stvarna-odgovornost-sustava10-1536x1025.jpg 1536w, https:\/\/www.predsjednikfbih.gov.ba\/wp-content\/uploads\/2026\/03\/Predsjednica-FBiH-Lidija-Bradara-u-Medici-Zenica-Zastita-zena-i-djece-ne-smije-ostati-samo-zakonska-obveza-nego-stvarna-odgovornost-sustava10.jpg 1920w\" sizes=\"(max-width: 1024px) 100vw, 1024px\" \/> <img decoding=\"async\" class=\"alignnone size-large wp-image-3440\" src=\"https:\/\/www.predsjednikfbih.gov.ba\/wp-content\/uploads\/2026\/03\/Predsjednica-FBiH-Lidija-Bradara-u-Medici-Zenica-Zastita-zena-i-djece-ne-smije-ostati-samo-zakonska-obveza-nego-stvarna-odgovornost-sustava7-1024x683.jpg\" alt=\"\" width=\"1024\" height=\"683\" srcset=\"https:\/\/www.predsjednikfbih.gov.ba\/wp-content\/uploads\/2026\/03\/Predsjednica-FBiH-Lidija-Bradara-u-Medici-Zenica-Zastita-zena-i-djece-ne-smije-ostati-samo-zakonska-obveza-nego-stvarna-odgovornost-sustava7-1024x683.jpg 1024w, https:\/\/www.predsjednikfbih.gov.ba\/wp-content\/uploads\/2026\/03\/Predsjednica-FBiH-Lidija-Bradara-u-Medici-Zenica-Zastita-zena-i-djece-ne-smije-ostati-samo-zakonska-obveza-nego-stvarna-odgovornost-sustava7-300x200.jpg 300w, https:\/\/www.predsjednikfbih.gov.ba\/wp-content\/uploads\/2026\/03\/Predsjednica-FBiH-Lidija-Bradara-u-Medici-Zenica-Zastita-zena-i-djece-ne-smije-ostati-samo-zakonska-obveza-nego-stvarna-odgovornost-sustava7-768x512.jpg 768w, https:\/\/www.predsjednikfbih.gov.ba\/wp-content\/uploads\/2026\/03\/Predsjednica-FBiH-Lidija-Bradara-u-Medici-Zenica-Zastita-zena-i-djece-ne-smije-ostati-samo-zakonska-obveza-nego-stvarna-odgovornost-sustava7-1536x1024.jpg 1536w, https:\/\/www.predsjednikfbih.gov.ba\/wp-content\/uploads\/2026\/03\/Predsjednica-FBiH-Lidija-Bradara-u-Medici-Zenica-Zastita-zena-i-djece-ne-smije-ostati-samo-zakonska-obveza-nego-stvarna-odgovornost-sustava7.jpg 1920w\" sizes=\"(max-width: 1024px) 100vw, 1024px\" \/> <img decoding=\"async\" class=\"alignnone size-large wp-image-3438\" src=\"https:\/\/www.predsjednikfbih.gov.ba\/wp-content\/uploads\/2026\/03\/Predsjednica-FBiH-Lidija-Bradara-u-Medici-Zenica-Zastita-zena-i-djece-ne-smije-ostati-samo-zakonska-obveza-nego-stvarna-odgovornost-sustava9-1024x683.jpg\" alt=\"\" width=\"1024\" height=\"683\" srcset=\"https:\/\/www.predsjednikfbih.gov.ba\/wp-content\/uploads\/2026\/03\/Predsjednica-FBiH-Lidija-Bradara-u-Medici-Zenica-Zastita-zena-i-djece-ne-smije-ostati-samo-zakonska-obveza-nego-stvarna-odgovornost-sustava9-1024x683.jpg 1024w, https:\/\/www.predsjednikfbih.gov.ba\/wp-content\/uploads\/2026\/03\/Predsjednica-FBiH-Lidija-Bradara-u-Medici-Zenica-Zastita-zena-i-djece-ne-smije-ostati-samo-zakonska-obveza-nego-stvarna-odgovornost-sustava9-300x200.jpg 300w, https:\/\/www.predsjednikfbih.gov.ba\/wp-content\/uploads\/2026\/03\/Predsjednica-FBiH-Lidija-Bradara-u-Medici-Zenica-Zastita-zena-i-djece-ne-smije-ostati-samo-zakonska-obveza-nego-stvarna-odgovornost-sustava9-768x512.jpg 768w, https:\/\/www.predsjednikfbih.gov.ba\/wp-content\/uploads\/2026\/03\/Predsjednica-FBiH-Lidija-Bradara-u-Medici-Zenica-Zastita-zena-i-djece-ne-smije-ostati-samo-zakonska-obveza-nego-stvarna-odgovornost-sustava9-1536x1024.jpg 1536w, https:\/\/www.predsjednikfbih.gov.ba\/wp-content\/uploads\/2026\/03\/Predsjednica-FBiH-Lidija-Bradara-u-Medici-Zenica-Zastita-zena-i-djece-ne-smije-ostati-samo-zakonska-obveza-nego-stvarna-odgovornost-sustava9.jpg 1920w\" sizes=\"(max-width: 1024px) 100vw, 1024px\" \/> <img decoding=\"async\" class=\"alignnone size-large wp-image-3439\" src=\"https:\/\/www.predsjednikfbih.gov.ba\/wp-content\/uploads\/2026\/03\/Predsjednica-FBiH-Lidija-Bradara-u-Medici-Zenica-Zastita-zena-i-djece-ne-smije-ostati-samo-zakonska-obveza-nego-stvarna-odgovornost-sustava8-1024x683.jpg\" alt=\"\" width=\"1024\" height=\"683\" srcset=\"https:\/\/www.predsjednikfbih.gov.ba\/wp-content\/uploads\/2026\/03\/Predsjednica-FBiH-Lidija-Bradara-u-Medici-Zenica-Zastita-zena-i-djece-ne-smije-ostati-samo-zakonska-obveza-nego-stvarna-odgovornost-sustava8-1024x683.jpg 1024w, https:\/\/www.predsjednikfbih.gov.ba\/wp-content\/uploads\/2026\/03\/Predsjednica-FBiH-Lidija-Bradara-u-Medici-Zenica-Zastita-zena-i-djece-ne-smije-ostati-samo-zakonska-obveza-nego-stvarna-odgovornost-sustava8-300x200.jpg 300w, https:\/\/www.predsjednikfbih.gov.ba\/wp-content\/uploads\/2026\/03\/Predsjednica-FBiH-Lidija-Bradara-u-Medici-Zenica-Zastita-zena-i-djece-ne-smije-ostati-samo-zakonska-obveza-nego-stvarna-odgovornost-sustava8-768x512.jpg 768w, https:\/\/www.predsjednikfbih.gov.ba\/wp-content\/uploads\/2026\/03\/Predsjednica-FBiH-Lidija-Bradara-u-Medici-Zenica-Zastita-zena-i-djece-ne-smije-ostati-samo-zakonska-obveza-nego-stvarna-odgovornost-sustava8-1536x1024.jpg 1536w, https:\/\/www.predsjednikfbih.gov.ba\/wp-content\/uploads\/2026\/03\/Predsjednica-FBiH-Lidija-Bradara-u-Medici-Zenica-Zastita-zena-i-djece-ne-smije-ostati-samo-zakonska-obveza-nego-stvarna-odgovornost-sustava8.jpg 1920w\" sizes=\"(max-width: 1024px) 100vw, 1024px\" \/> <img decoding=\"async\" class=\"alignnone size-large wp-image-3443\" src=\"https:\/\/www.predsjednikfbih.gov.ba\/wp-content\/uploads\/2026\/03\/Predsjednica-FBiH-Lidija-Bradara-u-Medici-Zenica-Zastita-zena-i-djece-ne-smije-ostati-samo-zakonska-obveza-nego-stvarna-odgovornost-sustava4-1024x683.jpg\" alt=\"\" width=\"1024\" height=\"683\" srcset=\"https:\/\/www.predsjednikfbih.gov.ba\/wp-content\/uploads\/2026\/03\/Predsjednica-FBiH-Lidija-Bradara-u-Medici-Zenica-Zastita-zena-i-djece-ne-smije-ostati-samo-zakonska-obveza-nego-stvarna-odgovornost-sustava4-1024x683.jpg 1024w, https:\/\/www.predsjednikfbih.gov.ba\/wp-content\/uploads\/2026\/03\/Predsjednica-FBiH-Lidija-Bradara-u-Medici-Zenica-Zastita-zena-i-djece-ne-smije-ostati-samo-zakonska-obveza-nego-stvarna-odgovornost-sustava4-300x200.jpg 300w, https:\/\/www.predsjednikfbih.gov.ba\/wp-content\/uploads\/2026\/03\/Predsjednica-FBiH-Lidija-Bradara-u-Medici-Zenica-Zastita-zena-i-djece-ne-smije-ostati-samo-zakonska-obveza-nego-stvarna-odgovornost-sustava4-768x512.jpg 768w, https:\/\/www.predsjednikfbih.gov.ba\/wp-content\/uploads\/2026\/03\/Predsjednica-FBiH-Lidija-Bradara-u-Medici-Zenica-Zastita-zena-i-djece-ne-smije-ostati-samo-zakonska-obveza-nego-stvarna-odgovornost-sustava4-1536x1024.jpg 1536w, https:\/\/www.predsjednikfbih.gov.ba\/wp-content\/uploads\/2026\/03\/Predsjednica-FBiH-Lidija-Bradara-u-Medici-Zenica-Zastita-zena-i-djece-ne-smije-ostati-samo-zakonska-obveza-nego-stvarna-odgovornost-sustava4.jpg 1920w\" sizes=\"(max-width: 1024px) 100vw, 1024px\" \/> <img decoding=\"async\" class=\"alignnone size-large wp-image-3447\" src=\"https:\/\/www.predsjednikfbih.gov.ba\/wp-content\/uploads\/2026\/03\/Predsjednica-FBiH-Lidija-Bradara-u-Medici-Zenica-Zastita-zena-i-djece-ne-smije-ostati-samo-zakonska-obveza-nego-stvarna-odgovornost-sustava11-1024x683.jpg\" alt=\"\" width=\"1024\" height=\"683\" srcset=\"https:\/\/www.predsjednikfbih.gov.ba\/wp-content\/uploads\/2026\/03\/Predsjednica-FBiH-Lidija-Bradara-u-Medici-Zenica-Zastita-zena-i-djece-ne-smije-ostati-samo-zakonska-obveza-nego-stvarna-odgovornost-sustava11-1024x683.jpg 1024w, https:\/\/www.predsjednikfbih.gov.ba\/wp-content\/uploads\/2026\/03\/Predsjednica-FBiH-Lidija-Bradara-u-Medici-Zenica-Zastita-zena-i-djece-ne-smije-ostati-samo-zakonska-obveza-nego-stvarna-odgovornost-sustava11-300x200.jpg 300w, https:\/\/www.predsjednikfbih.gov.ba\/wp-content\/uploads\/2026\/03\/Predsjednica-FBiH-Lidija-Bradara-u-Medici-Zenica-Zastita-zena-i-djece-ne-smije-ostati-samo-zakonska-obveza-nego-stvarna-odgovornost-sustava11-768x512.jpg 768w, https:\/\/www.predsjednikfbih.gov.ba\/wp-content\/uploads\/2026\/03\/Predsjednica-FBiH-Lidija-Bradara-u-Medici-Zenica-Zastita-zena-i-djece-ne-smije-ostati-samo-zakonska-obveza-nego-stvarna-odgovornost-sustava11-1536x1025.jpg 1536w, https:\/\/www.predsjednikfbih.gov.ba\/wp-content\/uploads\/2026\/03\/Predsjednica-FBiH-Lidija-Bradara-u-Medici-Zenica-Zastita-zena-i-djece-ne-smije-ostati-samo-zakonska-obveza-nego-stvarna-odgovornost-sustava11.jpg 1920w\" sizes=\"(max-width: 1024px) 100vw, 1024px\" \/><\/p>\n","protected":false},"excerpt":{"rendered":"<p>Predsjednica Federacije Bosne i Hercegovine Lidija Bradara posjetila je danas Sigurnu ku\u0107u Medica Zenica, gdje [&hellip;]<\/p>\n","protected":false},"author":1,"featured_media":3440,"comment_status":"open","ping_status":"open","sticky":false,"template":"","format":"standard","meta":{"inline_featured_image":false,"footnotes":""},"categories":[3,4,7],"tags":[],"class_list":["post-3437","post","type-post","status-publish","format-standard","has-post-thumbnail","hentry","category-novosti","category-objave","category-priopcenja"],"acf":[],"_links":{"self":[{"href":"https:\/\/www.predsjednikfbih.gov.ba\/index.php\/wp-json\/wp\/v2\/posts\/3437","targetHints":{"allow":["GET"]}}],"collection":[{"href":"https:\/\/www.predsjednikfbih.gov.ba\/index.php\/wp-json\/wp\/v2\/posts"}],"about":[{"href":"https:\/\/www.predsjednikfbih.gov.ba\/index.php\/wp-json\/wp\/v2\/types\/post"}],"author":[{"embeddable":true,"href":"https:\/\/www.predsjednikfbih.gov.ba\/index.php\/wp-json\/wp\/v2\/users\/1"}],"replies":[{"embeddable":true,"href":"https:\/\/www.predsjednikfbih.gov.ba\/index.php\/wp-json\/wp\/v2\/comments?post=3437"}],"version-history":[{"count":1,"href":"https:\/\/www.predsjednikfbih.gov.ba\/index.php\/wp-json\/wp\/v2\/posts\/3437\/revisions"}],"predecessor-version":[{"id":3448,"href":"https:\/\/www.predsjednikfbih.gov.ba\/index.php\/wp-json\/wp\/v2\/posts\/3437\/revisions\/3448"}],"wp:featuredmedia":[{"embeddable":true,"href":"https:\/\/www.predsjednikfbih.gov.ba\/index.php\/wp-json\/wp\/v2\/media\/3440"}],"wp:attachment":[{"href":"https:\/\/www.predsjednikfbih.gov.ba\/index.php\/wp-json\/wp\/v2\/media?parent=3437"}],"wp:term":[{"taxonomy":"category","embeddable":true,"href":"https:\/\/www.predsjednikfbih.gov.ba\/index.php\/wp-json\/wp\/v2\/categories?post=3437"},{"taxonomy":"post_tag","embeddable":true,"href":"https:\/\/www.predsjednikfbih.gov.ba\/index.php\/wp-json\/wp\/v2\/tags?post=3437"}],"curies":[{"name":"wp","href":"https:\/\/api.w.org\/{rel}","templated":true}]}}