{"id":3429,"date":"2026-03-01T14:46:03","date_gmt":"2026-03-01T14:46:03","guid":{"rendered":"https:\/\/www.predsjednikfbih.gov.ba\/?p=3429"},"modified":"2026-03-01T14:46:31","modified_gmt":"2026-03-01T14:46:31","slug":"sretan-dan-neovisnosti-3","status":"publish","type":"post","link":"https:\/\/www.predsjednikfbih.gov.ba\/index.php\/2026\/03\/01\/sretan-dan-neovisnosti-3\/","title":{"rendered":"Sretan Dan neovisnosti"},"content":{"rendered":"<p>\"Dan neovisnosti Bosne i Hercegovine podsjetnik je da se dr\u017eava ne podrazumijeva - ona se gradi.<\/p>\n<p>Gradi se odgovorno\u0161\u0107u, me\u0111usobnim uva\u017eavanjem i sposobno\u0161\u0107u da i u razlikama prona\u0111emo minimum zajedni\u010dkog interesa. Stabilnost, funkcionalne institucije i jednakopravnost svih moraju biti temelj na\u0161eg djelovanja.<\/p>\n<p>Bosna i Hercegovina ima potencijal, ima ljude i ima snagu za napredak. Na nama je da poka\u017eemo politi\u010dku zrelost i usmjerimo energiju prema razvoju, sigurnosti i budu\u0107nosti generacija koje dolaze.\"<\/p>\n","protected":false},"excerpt":{"rendered":"<p>\"Dan neovisnosti Bosne i Hercegovine podsjetnik je da se dr\u017eava ne podrazumijeva - ona se [&hellip;]<\/p>\n","protected":false},"author":1,"featured_media":3430,"comment_status":"open","ping_status":"open","sticky":false,"template":"","format":"standard","meta":{"inline_featured_image":false,"footnotes":""},"categories":[3,4,7],"tags":[],"class_list":["post-3429","post","type-post","status-publish","format-standard","has-post-thumbnail","hentry","category-novosti","category-objave","category-priopcenja"],"acf":[],"_links":{"self":[{"href":"https:\/\/www.predsjednikfbih.gov.ba\/index.php\/wp-json\/wp\/v2\/posts\/3429","targetHints":{"allow":["GET"]}}],"collection":[{"href":"https:\/\/www.predsjednikfbih.gov.ba\/index.php\/wp-json\/wp\/v2\/posts"}],"about":[{"href":"https:\/\/www.predsjednikfbih.gov.ba\/index.php\/wp-json\/wp\/v2\/types\/post"}],"author":[{"embeddable":true,"href":"https:\/\/www.predsjednikfbih.gov.ba\/index.php\/wp-json\/wp\/v2\/users\/1"}],"replies":[{"embeddable":true,"href":"https:\/\/www.predsjednikfbih.gov.ba\/index.php\/wp-json\/wp\/v2\/comments?post=3429"}],"version-history":[{"count":1,"href":"https:\/\/www.predsjednikfbih.gov.ba\/index.php\/wp-json\/wp\/v2\/posts\/3429\/revisions"}],"predecessor-version":[{"id":3431,"href":"https:\/\/www.predsjednikfbih.gov.ba\/index.php\/wp-json\/wp\/v2\/posts\/3429\/revisions\/3431"}],"wp:featuredmedia":[{"embeddable":true,"href":"https:\/\/www.predsjednikfbih.gov.ba\/index.php\/wp-json\/wp\/v2\/media\/3430"}],"wp:attachment":[{"href":"https:\/\/www.predsjednikfbih.gov.ba\/index.php\/wp-json\/wp\/v2\/media?parent=3429"}],"wp:term":[{"taxonomy":"category","embeddable":true,"href":"https:\/\/www.predsjednikfbih.gov.ba\/index.php\/wp-json\/wp\/v2\/categories?post=3429"},{"taxonomy":"post_tag","embeddable":true,"href":"https:\/\/www.predsjednikfbih.gov.ba\/index.php\/wp-json\/wp\/v2\/tags?post=3429"}],"curies":[{"name":"wp","href":"https:\/\/api.w.org\/{rel}","templated":true}]}}