{"id":3417,"date":"2026-02-27T12:25:30","date_gmt":"2026-02-27T12:25:30","guid":{"rendered":"https:\/\/www.predsjednikfbih.gov.ba\/?p=3417"},"modified":"2026-02-27T12:25:30","modified_gmt":"2026-02-27T12:25:30","slug":"u-vitezu-obiljezena-34-obljetnica-utemeljenja-zbornog-podrucja-vitez-hvo-a","status":"publish","type":"post","link":"https:\/\/www.predsjednikfbih.gov.ba\/index.php\/2026\/02\/27\/u-vitezu-obiljezena-34-obljetnica-utemeljenja-zbornog-podrucja-vitez-hvo-a\/","title":{"rendered":"U Vitezu obilje\u017eena 34. obljetnica utemeljenja Zbornog podru\u010dja Vitez HVO-a"},"content":{"rendered":"<p><span style=\"-webkit-text-size-adjust: 100%;\">U \u017eupnoj crkvi sv. Juraja u Vitezu danas je misom zadu\u0161nicom, a potom polaganjem vijenaca i paljenjem svije\u0107a pred Spomen-obilje\u017ejem ispred zgrade Op\u0107ine Vitez, obilje\u017eena 34. obljetnica utemeljenja Zbornog podru\u010dja Vitez Hrvatskog vije\u0107a obrane (HVO).<\/span><\/p>\n<p>Obilje\u017eavanju su nazo\u010dili brojni branitelji, obitelji poginulih i nestalih te predstavnici udruga proisteklih iz Domovinskog rata, kao i du\u017enosnici sa svih razina vlasti. Me\u0111u njima je bilo i izaslanstvo Hrvatskog narodnog sabora (HNS) i HDZ-a BiH, predvo\u0111eno predsjednicom Federacije BiH Lidijom Bradara. Nazo\u010dili su i izaslanica u Domu naroda Parlamentarne skup\u0161tine BiH Marina Pende\u0161, izaslanik u Domu naroda Parlamenta FBiH Ilija Naki\u0107, zastupnici u Parlamentu FBiH Marijan Marjanovi\u0107 i Dajana Frlji\u0107, predstavnici \u017dupanije Sredi\u0161nja Bosna, ministri Anto Mati\u0107 i Mirjana Plav\u010di\u0107, krovne braniteljske udruge na \u010delu s Nikicom Tomi\u0107em, Miroslavom Zeli\u0107em, Lazarom Martinovi\u0107em i drugi du\u017enosnici te predstavnici Republike Hrvatske.<\/p>\n<p>Vijence je polo\u017eilo i izaslanstvo Oru\u017eanih snaga BiH, predvo\u0111eno zamjenikom na\u010delnika Zajedni\u010dkog sto\u017eera OS BiH general-bojnikom Tomom Kolendom, kao i nekada\u0161nji zapovjednik Zbornog podru\u010dja Vitez HVO-a Tihomir Bla\u0161ki\u0107.<\/p>\n<p>Misu zadu\u0161nicu predvodio je \u017eupnik fra Zoran Mandi\u0107, istaknuv\u0161i va\u017enost sje\u0107anja na hrabrost i \u017ertvu hrvatskih branitelja, ali i na doprinos brojnih \u201cnevidljivih\u201d sudionika ratnih dana - logistike, tehni\u010dkog osoblja i dobrovoljaca - bez kojih obrambeni sustav ne bi mogao funkcionirati. U poruci je nagla\u0161eno kako se istina i sje\u0107anje \u010duvaju dostojanstveno, bez produbljivanja podjela i me\u0111usobnih optu\u017eivanja, uz poziv na zajedni\u0161tvo i trajno dru\u0161tveno priznanje svima koji su nosili teret obrane, na prvoj crti i u pozadini.<\/p>\n<p>Zborno podru\u010dje Vitez utemeljeno je 27. velja\u010de 1992. godine u Busova\u010di, s ciljem organizacije obrane hrvatskog naroda u Sredi\u0161njoj Bosni. Postrojbe koje su djelovale u njegovu sastavu imale su va\u017enu ulogu u obrani hrvatskih enklava u la\u0161vanskoj, lepeni\u010dkoj, \u017eepa\u010dkoj, vrbaskoj, vare\u0161koj i usorskoj regiji, a brojni branitelji iz ovih krajeva sudjelovali su i u zavr\u0161nim vojnim operacijama hrvatskih snaga.<\/p>\n<p>Organizacijski odbor obilje\u017eavanja predvodila je Udruga nositelja ratnih odli\u010dja HVO HB Srednjobosanske \u017eupanije na \u010delu s Jozom Stojakom Mungosom. Obilje\u017eavanje je zavr\u0161eno porukom o va\u017enosti o\u010duvanja istine i kulture sje\u0107anja na branitelje Sredi\u0161nje Bosne, uz naglasak da zajednica ostaje sna\u017ena onda kada prepoznaje i pamti doprinos svih - i onih koji su \u017eivot polo\u017eili za slobodu, i onih koji su, \u010desto daleko od javnosti, nosili svakodnevni teret obrane.<\/p>\n<p><img decoding=\"async\" class=\"alignnone size-large wp-image-3420\" src=\"https:\/\/www.predsjednikfbih.gov.ba\/wp-content\/uploads\/2026\/02\/8a2b99b0-363f-453a-bb75-c76a13a5d388-1024x683.jpeg\" alt=\"\" width=\"1024\" height=\"683\" srcset=\"https:\/\/www.predsjednikfbih.gov.ba\/wp-content\/uploads\/2026\/02\/8a2b99b0-363f-453a-bb75-c76a13a5d388-1024x683.jpeg 1024w, https:\/\/www.predsjednikfbih.gov.ba\/wp-content\/uploads\/2026\/02\/8a2b99b0-363f-453a-bb75-c76a13a5d388-300x200.jpeg 300w, https:\/\/www.predsjednikfbih.gov.ba\/wp-content\/uploads\/2026\/02\/8a2b99b0-363f-453a-bb75-c76a13a5d388-768x512.jpeg 768w, https:\/\/www.predsjednikfbih.gov.ba\/wp-content\/uploads\/2026\/02\/8a2b99b0-363f-453a-bb75-c76a13a5d388-1536x1024.jpeg 1536w, https:\/\/www.predsjednikfbih.gov.ba\/wp-content\/uploads\/2026\/02\/8a2b99b0-363f-453a-bb75-c76a13a5d388.jpeg 1599w\" sizes=\"(max-width: 1024px) 100vw, 1024px\" \/> <img decoding=\"async\" class=\"alignnone size-large wp-image-3419\" src=\"https:\/\/www.predsjednikfbih.gov.ba\/wp-content\/uploads\/2026\/02\/DSC01611-1024x683.jpeg\" alt=\"\" width=\"1024\" height=\"683\" srcset=\"https:\/\/www.predsjednikfbih.gov.ba\/wp-content\/uploads\/2026\/02\/DSC01611-1024x683.jpeg 1024w, https:\/\/www.predsjednikfbih.gov.ba\/wp-content\/uploads\/2026\/02\/DSC01611-300x200.jpeg 300w, https:\/\/www.predsjednikfbih.gov.ba\/wp-content\/uploads\/2026\/02\/DSC01611-768x512.jpeg 768w, https:\/\/www.predsjednikfbih.gov.ba\/wp-content\/uploads\/2026\/02\/DSC01611-1536x1024.jpeg 1536w, https:\/\/www.predsjednikfbih.gov.ba\/wp-content\/uploads\/2026\/02\/DSC01611.jpeg 1920w\" sizes=\"(max-width: 1024px) 100vw, 1024px\" \/> <img decoding=\"async\" class=\"alignnone size-large wp-image-3421\" src=\"https:\/\/www.predsjednikfbih.gov.ba\/wp-content\/uploads\/2026\/02\/IMG_3804-1024x768.jpeg\" alt=\"\" width=\"1024\" height=\"768\" srcset=\"https:\/\/www.predsjednikfbih.gov.ba\/wp-content\/uploads\/2026\/02\/IMG_3804-1024x768.jpeg 1024w, https:\/\/www.predsjednikfbih.gov.ba\/wp-content\/uploads\/2026\/02\/IMG_3804-300x225.jpeg 300w, https:\/\/www.predsjednikfbih.gov.ba\/wp-content\/uploads\/2026\/02\/IMG_3804-768x576.jpeg 768w, https:\/\/www.predsjednikfbih.gov.ba\/wp-content\/uploads\/2026\/02\/IMG_3804-1536x1152.jpeg 1536w, https:\/\/www.predsjednikfbih.gov.ba\/wp-content\/uploads\/2026\/02\/IMG_3804.jpeg 1920w\" sizes=\"(max-width: 1024px) 100vw, 1024px\" \/> <img decoding=\"async\" class=\"alignnone size-large wp-image-3422\" src=\"https:\/\/www.predsjednikfbih.gov.ba\/wp-content\/uploads\/2026\/02\/DSC01621-1024x683.jpeg\" alt=\"\" width=\"1024\" height=\"683\" srcset=\"https:\/\/www.predsjednikfbih.gov.ba\/wp-content\/uploads\/2026\/02\/DSC01621-1024x683.jpeg 1024w, https:\/\/www.predsjednikfbih.gov.ba\/wp-content\/uploads\/2026\/02\/DSC01621-300x200.jpeg 300w, https:\/\/www.predsjednikfbih.gov.ba\/wp-content\/uploads\/2026\/02\/DSC01621-768x512.jpeg 768w, https:\/\/www.predsjednikfbih.gov.ba\/wp-content\/uploads\/2026\/02\/DSC01621-1536x1024.jpeg 1536w, https:\/\/www.predsjednikfbih.gov.ba\/wp-content\/uploads\/2026\/02\/DSC01621.jpeg 1920w\" sizes=\"(max-width: 1024px) 100vw, 1024px\" \/> <img decoding=\"async\" class=\"alignnone size-large wp-image-3423\" src=\"https:\/\/www.predsjednikfbih.gov.ba\/wp-content\/uploads\/2026\/02\/DSC01666-576x1024.jpeg\" alt=\"\" width=\"576\" height=\"1024\" srcset=\"https:\/\/www.predsjednikfbih.gov.ba\/wp-content\/uploads\/2026\/02\/DSC01666-576x1024.jpeg 576w, https:\/\/www.predsjednikfbih.gov.ba\/wp-content\/uploads\/2026\/02\/DSC01666-169x300.jpeg 169w, https:\/\/www.predsjednikfbih.gov.ba\/wp-content\/uploads\/2026\/02\/DSC01666-768x1365.jpeg 768w, https:\/\/www.predsjednikfbih.gov.ba\/wp-content\/uploads\/2026\/02\/DSC01666-864x1536.jpeg 864w, https:\/\/www.predsjednikfbih.gov.ba\/wp-content\/uploads\/2026\/02\/DSC01666.jpeg 1080w\" sizes=\"(max-width: 576px) 100vw, 576px\" \/> <img decoding=\"async\" class=\"alignnone size-large wp-image-3424\" src=\"https:\/\/www.predsjednikfbih.gov.ba\/wp-content\/uploads\/2026\/02\/DSC01661-1024x683.jpeg\" alt=\"\" width=\"1024\" height=\"683\" srcset=\"https:\/\/www.predsjednikfbih.gov.ba\/wp-content\/uploads\/2026\/02\/DSC01661-1024x683.jpeg 1024w, https:\/\/www.predsjednikfbih.gov.ba\/wp-content\/uploads\/2026\/02\/DSC01661-300x200.jpeg 300w, https:\/\/www.predsjednikfbih.gov.ba\/wp-content\/uploads\/2026\/02\/DSC01661-768x512.jpeg 768w, https:\/\/www.predsjednikfbih.gov.ba\/wp-content\/uploads\/2026\/02\/DSC01661-1536x1024.jpeg 1536w, https:\/\/www.predsjednikfbih.gov.ba\/wp-content\/uploads\/2026\/02\/DSC01661.jpeg 1920w\" sizes=\"(max-width: 1024px) 100vw, 1024px\" \/> <img decoding=\"async\" class=\"alignnone size-large wp-image-3425\" src=\"https:\/\/www.predsjednikfbih.gov.ba\/wp-content\/uploads\/2026\/02\/DSC01717-1024x683.jpeg\" alt=\"\" width=\"1024\" height=\"683\" srcset=\"https:\/\/www.predsjednikfbih.gov.ba\/wp-content\/uploads\/2026\/02\/DSC01717-1024x683.jpeg 1024w, https:\/\/www.predsjednikfbih.gov.ba\/wp-content\/uploads\/2026\/02\/DSC01717-300x200.jpeg 300w, https:\/\/www.predsjednikfbih.gov.ba\/wp-content\/uploads\/2026\/02\/DSC01717-768x512.jpeg 768w, https:\/\/www.predsjednikfbih.gov.ba\/wp-content\/uploads\/2026\/02\/DSC01717-1536x1024.jpeg 1536w, https:\/\/www.predsjednikfbih.gov.ba\/wp-content\/uploads\/2026\/02\/DSC01717.jpeg 1920w\" sizes=\"(max-width: 1024px) 100vw, 1024px\" \/> <img decoding=\"async\" class=\"alignnone size-large wp-image-3426\" src=\"https:\/\/www.predsjednikfbih.gov.ba\/wp-content\/uploads\/2026\/02\/DSC01734-683x1024.jpeg\" alt=\"\" width=\"683\" height=\"1024\" srcset=\"https:\/\/www.predsjednikfbih.gov.ba\/wp-content\/uploads\/2026\/02\/DSC01734-683x1024.jpeg 683w, https:\/\/www.predsjednikfbih.gov.ba\/wp-content\/uploads\/2026\/02\/DSC01734-200x300.jpeg 200w, https:\/\/www.predsjednikfbih.gov.ba\/wp-content\/uploads\/2026\/02\/DSC01734-768x1152.jpeg 768w, https:\/\/www.predsjednikfbih.gov.ba\/wp-content\/uploads\/2026\/02\/DSC01734-1024x1536.jpeg 1024w, https:\/\/www.predsjednikfbih.gov.ba\/wp-content\/uploads\/2026\/02\/DSC01734.jpeg 1280w\" sizes=\"(max-width: 683px) 100vw, 683px\" \/> <img decoding=\"async\" class=\"alignnone size-large wp-image-3427\" src=\"https:\/\/www.predsjednikfbih.gov.ba\/wp-content\/uploads\/2026\/02\/DSC01728-1024x683.jpeg\" alt=\"\" width=\"1024\" height=\"683\" srcset=\"https:\/\/www.predsjednikfbih.gov.ba\/wp-content\/uploads\/2026\/02\/DSC01728-1024x683.jpeg 1024w, https:\/\/www.predsjednikfbih.gov.ba\/wp-content\/uploads\/2026\/02\/DSC01728-300x200.jpeg 300w, https:\/\/www.predsjednikfbih.gov.ba\/wp-content\/uploads\/2026\/02\/DSC01728-768x512.jpeg 768w, https:\/\/www.predsjednikfbih.gov.ba\/wp-content\/uploads\/2026\/02\/DSC01728-1536x1024.jpeg 1536w, https:\/\/www.predsjednikfbih.gov.ba\/wp-content\/uploads\/2026\/02\/DSC01728.jpeg 1920w\" sizes=\"(max-width: 1024px) 100vw, 1024px\" \/><\/p>\n","protected":false},"excerpt":{"rendered":"<p>U \u017eupnoj crkvi sv. Juraja u Vitezu danas je misom zadu\u0161nicom, a potom polaganjem vijenaca [&hellip;]<\/p>\n","protected":false},"author":1,"featured_media":3424,"comment_status":"open","ping_status":"open","sticky":false,"template":"","format":"standard","meta":{"inline_featured_image":false,"footnotes":""},"categories":[3,4,7],"tags":[],"class_list":["post-3417","post","type-post","status-publish","format-standard","has-post-thumbnail","hentry","category-novosti","category-objave","category-priopcenja"],"acf":[],"_links":{"self":[{"href":"https:\/\/www.predsjednikfbih.gov.ba\/index.php\/wp-json\/wp\/v2\/posts\/3417","targetHints":{"allow":["GET"]}}],"collection":[{"href":"https:\/\/www.predsjednikfbih.gov.ba\/index.php\/wp-json\/wp\/v2\/posts"}],"about":[{"href":"https:\/\/www.predsjednikfbih.gov.ba\/index.php\/wp-json\/wp\/v2\/types\/post"}],"author":[{"embeddable":true,"href":"https:\/\/www.predsjednikfbih.gov.ba\/index.php\/wp-json\/wp\/v2\/users\/1"}],"replies":[{"embeddable":true,"href":"https:\/\/www.predsjednikfbih.gov.ba\/index.php\/wp-json\/wp\/v2\/comments?post=3417"}],"version-history":[{"count":1,"href":"https:\/\/www.predsjednikfbih.gov.ba\/index.php\/wp-json\/wp\/v2\/posts\/3417\/revisions"}],"predecessor-version":[{"id":3428,"href":"https:\/\/www.predsjednikfbih.gov.ba\/index.php\/wp-json\/wp\/v2\/posts\/3417\/revisions\/3428"}],"wp:featuredmedia":[{"embeddable":true,"href":"https:\/\/www.predsjednikfbih.gov.ba\/index.php\/wp-json\/wp\/v2\/media\/3424"}],"wp:attachment":[{"href":"https:\/\/www.predsjednikfbih.gov.ba\/index.php\/wp-json\/wp\/v2\/media?parent=3417"}],"wp:term":[{"taxonomy":"category","embeddable":true,"href":"https:\/\/www.predsjednikfbih.gov.ba\/index.php\/wp-json\/wp\/v2\/categories?post=3417"},{"taxonomy":"post_tag","embeddable":true,"href":"https:\/\/www.predsjednikfbih.gov.ba\/index.php\/wp-json\/wp\/v2\/tags?post=3417"}],"curies":[{"name":"wp","href":"https:\/\/api.w.org\/{rel}","templated":true}]}}