{"id":3410,"date":"2026-02-26T15:14:50","date_gmt":"2026-02-26T15:14:50","guid":{"rendered":"https:\/\/www.predsjednikfbih.gov.ba\/?p=3410"},"modified":"2026-02-26T15:14:50","modified_gmt":"2026-02-26T15:14:50","slug":"bradara-i-milas-u-sarajevu-hrvatska-nastavlja-stratesku-potporu-hrvatima-u-bih","status":"publish","type":"post","link":"https:\/\/www.predsjednikfbih.gov.ba\/index.php\/2026\/02\/26\/bradara-i-milas-u-sarajevu-hrvatska-nastavlja-stratesku-potporu-hrvatima-u-bih\/","title":{"rendered":"Bradara i Milas u Sarajevu: Hrvatska nastavlja strate\u0161ku potporu Hrvatima u BiH"},"content":{"rendered":"<h4>Predsjednica Federacije Bosne i Hercegovine Lidija Bradara odr\u017eala je danas u Sarajevu radni sastanak s dr\u017eavnim tajnikom Sredi\u0161njeg dr\u017eavnog ureda za Hrvate izvan Republike Hrvatske Zvonkom Milasom, posve\u0107en nastavku sna\u017ene i strate\u0161ke potpore Republike Hrvatske Hrvatima u Bosni i Hercegovini.<\/h4>\n<p>Istaknuto je kako Vlada Republike Hrvatske, predvo\u0111ena predsjednikom Vlade Andrejem Plenkovi\u0107em, putem Sredi\u0161njeg dr\u017eavnog ureda i drugih ministarstava godi\u0161nje ula\u017ee gotovo 200 milijuna eura u Bosnu i Hercegovinu, kroz projekte u podru\u010dju obrazovanja, zdravstva, kulture, socijalne skrbi, infrastrukture i razvoja lokalnih zajednica.<\/p>\n<p>Nakon sastanka, Bradara i Milas posjetili su Franjeva\u010dki provincijalat Bosne Srebrene u Sarajevu, gdje se provodi projekt pro\u0161irenja Franjeva\u010dkog studentskog centra. Rije\u010d je o prostoru koji je desetlje\u0107ima mnogo vi\u0161e od zgrade - mjestu susreta, u\u010denja i zajedni\u0161tva, u kojem djeluju brojne institucije i inicijative, me\u0111u njima Franjeva\u010dki studentski dom, Franjeva\u010dki svjetovni red (FSR), Franjeva\u010dka mlade\u017e (FRAMA), FMC Svjetlo rije\u010di i HKO Kruh sv. Ante, kao i druge aktivnosti va\u017ene za \u017eivot zajednice.<\/p>\n<p>Predsjednica Bradara istaknula je va\u017enost ovog projekta. \"Franjeva\u010dki studentski centar nije samo objekt, nego prostor u kojem su odrastale generacije, gdje su se stvarala prijateljstva i gradila vjera u znanje i budu\u0107nost. Sigurna sam da \u0107e va\u017enost njegova pro\u0161irenja biti prepoznata, jer rije\u010d je o ulaganju u mlade, u obrazovanje i u dugoro\u010dnu stabilnost\", poru\u010dila je Bradara.<\/p>\n<p>Dr\u017eavni tajnik Milas naglasio je kako Republika Hrvatska ostaje trajni oslonac Hrvatima u Bosni i Hercegovini.<\/p>\n<p>\"Hrvati u Bosni i Hercegovini nisu sami. Republika Hrvatska, zajedno sa svim institucijama Vlade i predsjednikom Vlade Andrejem Plenkovi\u0107em, nastavlja pru\u017eati sna\u017enu i konkretnu potporu. Na\u0161 cilj je kroz strate\u0161ke projekte stvarati uvjete za ostanak, razvoj i sigurnu budu\u0107nost ljudi u Bosni i Hercegovini\", rekao je Milas.<\/p>\n<p>Provincijal fra Zdravko Dadi\u0107 zahvalio je na podr\u0161ci istaknuv\u0161i kako bez pomo\u0107i Republike Hrvatske realizacija ovoga projekta ne bi bila mogu\u0107a.<\/p>\n<p>\"Zahvaljujemo institucijama Republike Hrvatske na kontinuiranoj i konkretnoj potpori. Bez te pomo\u0107i zavr\u0161etak ovog projekta ne bi bio mogu\u0107. Zahvaljujemo i institucijama u Bosni i Hercegovini te me\u0111unarodnim donatorima koji su prepoznali njegov zna\u010daj. Predvi\u0111eni zavr\u0161etak radova je tijekom ljeta ove godine, kako bismo u novu \u0161kolsku i akademsku godinu krenuli s novim prostorijama i dodatnim smje\u0161tajnim kapacitetima za studente\", istaknuo je fra Dadi\u0107.<\/p>\n<p>U posjetu predsjednici Federacije BiH Milas je stigao zajedno sa savjetnicom s posebnim polo\u017eajem za pitanja Hrvata u Bosni i Hercegovini \u017danom \u0106ori\u0107 te predstavnicom Veleposlanstva Republike Hrvatske u Sarajevu Ljubicom Kardum Mijatovi\u0107.<\/p>\n<p>Sudionici su se slo\u017eili kako \u0107e se zapo\u010deti i planirani projekti nastaviti i dodatno unaprijediti, uz jo\u0161 sna\u017eniju koordinaciju i strate\u0161ko planiranje, s posebnim naglaskom na demografsku stabilnost, razvoj lokalnih zajednica i ja\u010danje institucionalne ravnopravnosti Hrvata u Bosni i Hercegovini. Potvr\u0111eno je kako suradnja Republike Hrvatske i institucija u Bosni i Hercegovini ostaje jedan od klju\u010dnih stupova stabilnosti, ravnopravnosti i europske budu\u0107nosti Bosne i Hercegovine.<\/p>\n<p><img decoding=\"async\" class=\"alignnone size-large wp-image-3415\" src=\"https:\/\/www.predsjednikfbih.gov.ba\/wp-content\/uploads\/2026\/02\/Predsjednica-Bradara-i-drzavni-tajnik-Milas-u-Sarajevu5-1024x683.jpg\" alt=\"\" width=\"1024\" height=\"683\" srcset=\"https:\/\/www.predsjednikfbih.gov.ba\/wp-content\/uploads\/2026\/02\/Predsjednica-Bradara-i-drzavni-tajnik-Milas-u-Sarajevu5-1024x683.jpg 1024w, https:\/\/www.predsjednikfbih.gov.ba\/wp-content\/uploads\/2026\/02\/Predsjednica-Bradara-i-drzavni-tajnik-Milas-u-Sarajevu5-300x200.jpg 300w, https:\/\/www.predsjednikfbih.gov.ba\/wp-content\/uploads\/2026\/02\/Predsjednica-Bradara-i-drzavni-tajnik-Milas-u-Sarajevu5-768x512.jpg 768w, https:\/\/www.predsjednikfbih.gov.ba\/wp-content\/uploads\/2026\/02\/Predsjednica-Bradara-i-drzavni-tajnik-Milas-u-Sarajevu5-1536x1024.jpg 1536w, https:\/\/www.predsjednikfbih.gov.ba\/wp-content\/uploads\/2026\/02\/Predsjednica-Bradara-i-drzavni-tajnik-Milas-u-Sarajevu5.jpg 1920w\" sizes=\"(max-width: 1024px) 100vw, 1024px\" \/> <img decoding=\"async\" class=\"alignnone size-large wp-image-3414\" src=\"https:\/\/www.predsjednikfbih.gov.ba\/wp-content\/uploads\/2026\/02\/Predsjednica-Bradara-i-drzavni-tajnik-Milas-u-Sarajevu1-1024x683.jpg\" alt=\"\" width=\"1024\" height=\"683\" srcset=\"https:\/\/www.predsjednikfbih.gov.ba\/wp-content\/uploads\/2026\/02\/Predsjednica-Bradara-i-drzavni-tajnik-Milas-u-Sarajevu1-1024x683.jpg 1024w, https:\/\/www.predsjednikfbih.gov.ba\/wp-content\/uploads\/2026\/02\/Predsjednica-Bradara-i-drzavni-tajnik-Milas-u-Sarajevu1-300x200.jpg 300w, https:\/\/www.predsjednikfbih.gov.ba\/wp-content\/uploads\/2026\/02\/Predsjednica-Bradara-i-drzavni-tajnik-Milas-u-Sarajevu1-768x512.jpg 768w, https:\/\/www.predsjednikfbih.gov.ba\/wp-content\/uploads\/2026\/02\/Predsjednica-Bradara-i-drzavni-tajnik-Milas-u-Sarajevu1-1536x1024.jpg 1536w, https:\/\/www.predsjednikfbih.gov.ba\/wp-content\/uploads\/2026\/02\/Predsjednica-Bradara-i-drzavni-tajnik-Milas-u-Sarajevu1.jpg 1920w\" sizes=\"(max-width: 1024px) 100vw, 1024px\" \/> <img decoding=\"async\" class=\"alignnone size-large wp-image-3412\" src=\"https:\/\/www.predsjednikfbih.gov.ba\/wp-content\/uploads\/2026\/02\/Predsjednica-Bradara-i-drzavni-tajnik-Milas-u-Sarajevu3-768x1024.jpg\" alt=\"\" width=\"768\" height=\"1024\" srcset=\"https:\/\/www.predsjednikfbih.gov.ba\/wp-content\/uploads\/2026\/02\/Predsjednica-Bradara-i-drzavni-tajnik-Milas-u-Sarajevu3-768x1024.jpg 768w, https:\/\/www.predsjednikfbih.gov.ba\/wp-content\/uploads\/2026\/02\/Predsjednica-Bradara-i-drzavni-tajnik-Milas-u-Sarajevu3-225x300.jpg 225w, https:\/\/www.predsjednikfbih.gov.ba\/wp-content\/uploads\/2026\/02\/Predsjednica-Bradara-i-drzavni-tajnik-Milas-u-Sarajevu3-1152x1536.jpg 1152w, https:\/\/www.predsjednikfbih.gov.ba\/wp-content\/uploads\/2026\/02\/Predsjednica-Bradara-i-drzavni-tajnik-Milas-u-Sarajevu3.jpg 1440w\" sizes=\"(max-width: 768px) 100vw, 768px\" \/> <img decoding=\"async\" class=\"alignnone size-large wp-image-3413\" src=\"https:\/\/www.predsjednikfbih.gov.ba\/wp-content\/uploads\/2026\/02\/Predsjednica-Bradara-i-drzavni-tajnik-Milas-u-Sarajevu2-1024x768.jpg\" alt=\"\" width=\"1024\" height=\"768\" srcset=\"https:\/\/www.predsjednikfbih.gov.ba\/wp-content\/uploads\/2026\/02\/Predsjednica-Bradara-i-drzavni-tajnik-Milas-u-Sarajevu2-1024x768.jpg 1024w, https:\/\/www.predsjednikfbih.gov.ba\/wp-content\/uploads\/2026\/02\/Predsjednica-Bradara-i-drzavni-tajnik-Milas-u-Sarajevu2-300x225.jpg 300w, https:\/\/www.predsjednikfbih.gov.ba\/wp-content\/uploads\/2026\/02\/Predsjednica-Bradara-i-drzavni-tajnik-Milas-u-Sarajevu2-768x576.jpg 768w, https:\/\/www.predsjednikfbih.gov.ba\/wp-content\/uploads\/2026\/02\/Predsjednica-Bradara-i-drzavni-tajnik-Milas-u-Sarajevu2-1536x1152.jpg 1536w, https:\/\/www.predsjednikfbih.gov.ba\/wp-content\/uploads\/2026\/02\/Predsjednica-Bradara-i-drzavni-tajnik-Milas-u-Sarajevu2.jpg 1920w\" sizes=\"(max-width: 1024px) 100vw, 1024px\" \/> <img decoding=\"async\" class=\"alignnone size-large wp-image-3411\" src=\"https:\/\/www.predsjednikfbih.gov.ba\/wp-content\/uploads\/2026\/02\/Predsjednica-Bradara-i-drzavni-tajnik-Milas-u-Sarajevu4-1024x768.jpg\" alt=\"\" width=\"1024\" height=\"768\" srcset=\"https:\/\/www.predsjednikfbih.gov.ba\/wp-content\/uploads\/2026\/02\/Predsjednica-Bradara-i-drzavni-tajnik-Milas-u-Sarajevu4-1024x768.jpg 1024w, https:\/\/www.predsjednikfbih.gov.ba\/wp-content\/uploads\/2026\/02\/Predsjednica-Bradara-i-drzavni-tajnik-Milas-u-Sarajevu4-300x225.jpg 300w, https:\/\/www.predsjednikfbih.gov.ba\/wp-content\/uploads\/2026\/02\/Predsjednica-Bradara-i-drzavni-tajnik-Milas-u-Sarajevu4-768x576.jpg 768w, https:\/\/www.predsjednikfbih.gov.ba\/wp-content\/uploads\/2026\/02\/Predsjednica-Bradara-i-drzavni-tajnik-Milas-u-Sarajevu4-1536x1152.jpg 1536w, https:\/\/www.predsjednikfbih.gov.ba\/wp-content\/uploads\/2026\/02\/Predsjednica-Bradara-i-drzavni-tajnik-Milas-u-Sarajevu4.jpg 1920w\" sizes=\"(max-width: 1024px) 100vw, 1024px\" \/><\/p>\n","protected":false},"excerpt":{"rendered":"<p>Predsjednica Federacije Bosne i Hercegovine Lidija Bradara odr\u017eala je danas u Sarajevu radni sastanak s [&hellip;]<\/p>\n","protected":false},"author":1,"featured_media":3414,"comment_status":"open","ping_status":"open","sticky":false,"template":"","format":"standard","meta":{"inline_featured_image":false,"footnotes":""},"categories":[3,4,7],"tags":[],"class_list":["post-3410","post","type-post","status-publish","format-standard","has-post-thumbnail","hentry","category-novosti","category-objave","category-priopcenja"],"acf":[],"_links":{"self":[{"href":"https:\/\/www.predsjednikfbih.gov.ba\/index.php\/wp-json\/wp\/v2\/posts\/3410","targetHints":{"allow":["GET"]}}],"collection":[{"href":"https:\/\/www.predsjednikfbih.gov.ba\/index.php\/wp-json\/wp\/v2\/posts"}],"about":[{"href":"https:\/\/www.predsjednikfbih.gov.ba\/index.php\/wp-json\/wp\/v2\/types\/post"}],"author":[{"embeddable":true,"href":"https:\/\/www.predsjednikfbih.gov.ba\/index.php\/wp-json\/wp\/v2\/users\/1"}],"replies":[{"embeddable":true,"href":"https:\/\/www.predsjednikfbih.gov.ba\/index.php\/wp-json\/wp\/v2\/comments?post=3410"}],"version-history":[{"count":1,"href":"https:\/\/www.predsjednikfbih.gov.ba\/index.php\/wp-json\/wp\/v2\/posts\/3410\/revisions"}],"predecessor-version":[{"id":3416,"href":"https:\/\/www.predsjednikfbih.gov.ba\/index.php\/wp-json\/wp\/v2\/posts\/3410\/revisions\/3416"}],"wp:featuredmedia":[{"embeddable":true,"href":"https:\/\/www.predsjednikfbih.gov.ba\/index.php\/wp-json\/wp\/v2\/media\/3414"}],"wp:attachment":[{"href":"https:\/\/www.predsjednikfbih.gov.ba\/index.php\/wp-json\/wp\/v2\/media?parent=3410"}],"wp:term":[{"taxonomy":"category","embeddable":true,"href":"https:\/\/www.predsjednikfbih.gov.ba\/index.php\/wp-json\/wp\/v2\/categories?post=3410"},{"taxonomy":"post_tag","embeddable":true,"href":"https:\/\/www.predsjednikfbih.gov.ba\/index.php\/wp-json\/wp\/v2\/tags?post=3410"}],"curies":[{"name":"wp","href":"https:\/\/api.w.org\/{rel}","templated":true}]}}