{"id":337,"date":"2023-10-12T08:17:54","date_gmt":"2023-10-12T08:17:54","guid":{"rendered":"https:\/\/www.predsjednikfbih.gov.ba\/?p=337"},"modified":"2023-10-12T08:17:55","modified_gmt":"2023-10-12T08:17:55","slug":"svecano-otvoreni-28-dani-hrvatskog-filma-ivo-gregurevic","status":"publish","type":"post","link":"https:\/\/www.predsjednikfbih.gov.ba\/index.php\/2023\/10\/12\/svecano-otvoreni-28-dani-hrvatskog-filma-ivo-gregurevic\/","title":{"rendered":"Sve\u010dano otvoreni 28. Dani hrvatskog filma Ivo Gregurevi\u0107"},"content":{"rendered":"\n<p>U Ora\u0161ju su protekloga vikenda otvoreni 28. Dani hrvatskog filma Ivo Gregurevi\u0107, najve\u0107i kulturni doga\u0111aj na ovome prostoru. Ve\u010der je bila u znaku sve\u010dane akademije posve\u0107ene ocu festivala Ivi Gregurevi\u0107u, koji je ostavio neizbrisivi trag na polju filma i kulture op\u0107enito.<br>Brojni visoki du\u017enosnici iz BiH, svih razina vlasti kao i Republike Hrvatske, uz neizostavnu gluma\u010dku i redateljsku ekipu, stigli su i ove godine na ora\u0161ki festival.<\/p>\n\n\n\n<p>Ovogodi\u0161nji dobitnik priznanja za doprinos u stvaranju hrvatskog filma je glumac i redatelj Darko Milas, kojemu je uru\u010dena skulptura Ive Gregurevi\u0107a u aluminiju, rad akademskog kipara Ante Jurki\u0107a. &nbsp;<br>&nbsp;<br>Festival traje do nedjelje 3. rujna.&nbsp;<\/p>\n","protected":false},"excerpt":{"rendered":"<p>U Ora\u0161ju su protekloga vikenda otvoreni 28. Dani hrvatskog filma Ivo Gregurevi\u0107, najve\u0107i kulturni doga\u0111aj [&hellip;]<\/p>\n","protected":false},"author":1,"featured_media":338,"comment_status":"open","ping_status":"open","sticky":false,"template":"","format":"standard","meta":{"inline_featured_image":false,"footnotes":""},"categories":[2,3],"tags":[],"class_list":["post-337","post","type-post","status-publish","format-standard","has-post-thumbnail","hentry","category-najave","category-novosti"],"acf":[],"_links":{"self":[{"href":"https:\/\/www.predsjednikfbih.gov.ba\/index.php\/wp-json\/wp\/v2\/posts\/337","targetHints":{"allow":["GET"]}}],"collection":[{"href":"https:\/\/www.predsjednikfbih.gov.ba\/index.php\/wp-json\/wp\/v2\/posts"}],"about":[{"href":"https:\/\/www.predsjednikfbih.gov.ba\/index.php\/wp-json\/wp\/v2\/types\/post"}],"author":[{"embeddable":true,"href":"https:\/\/www.predsjednikfbih.gov.ba\/index.php\/wp-json\/wp\/v2\/users\/1"}],"replies":[{"embeddable":true,"href":"https:\/\/www.predsjednikfbih.gov.ba\/index.php\/wp-json\/wp\/v2\/comments?post=337"}],"version-history":[{"count":2,"href":"https:\/\/www.predsjednikfbih.gov.ba\/index.php\/wp-json\/wp\/v2\/posts\/337\/revisions"}],"predecessor-version":[{"id":340,"href":"https:\/\/www.predsjednikfbih.gov.ba\/index.php\/wp-json\/wp\/v2\/posts\/337\/revisions\/340"}],"wp:featuredmedia":[{"embeddable":true,"href":"https:\/\/www.predsjednikfbih.gov.ba\/index.php\/wp-json\/wp\/v2\/media\/338"}],"wp:attachment":[{"href":"https:\/\/www.predsjednikfbih.gov.ba\/index.php\/wp-json\/wp\/v2\/media?parent=337"}],"wp:term":[{"taxonomy":"category","embeddable":true,"href":"https:\/\/www.predsjednikfbih.gov.ba\/index.php\/wp-json\/wp\/v2\/categories?post=337"},{"taxonomy":"post_tag","embeddable":true,"href":"https:\/\/www.predsjednikfbih.gov.ba\/index.php\/wp-json\/wp\/v2\/tags?post=337"}],"curies":[{"name":"wp","href":"https:\/\/api.w.org\/{rel}","templated":true}]}}