{"id":322,"date":"2023-10-12T07:50:43","date_gmt":"2023-10-12T07:50:43","guid":{"rendered":"https:\/\/www.predsjednikfbih.gov.ba\/?p=322"},"modified":"2023-10-12T07:50:44","modified_gmt":"2023-10-12T07:50:44","slug":"predsjednica-bradara-sa-clanovima-geodetskog-drustva-herceg-bosne","status":"publish","type":"post","link":"https:\/\/www.predsjednikfbih.gov.ba\/index.php\/2023\/10\/12\/predsjednica-bradara-sa-clanovima-geodetskog-drustva-herceg-bosne\/","title":{"rendered":"Predsjednica Bradara sa \u010dlanovima Geodetskog Dru\u0161tva Herceg Bosne"},"content":{"rendered":"\n<p>U tijeku su pripreme za odr\u017eavanje Kongresa o katastru u organizaciji Geodetskog Dru\u0161tva Herceg Bosne (GDHB). Rije\u010d je o doga\u0111aju s me\u0111unarodnim sudjelovanjem koji se odr\u017eava svako \u010detiri godine. Ove godine bit \u0107e organizirano u Neumu krajem rujna a temeljna odrednica ovogodi\u0161njeg Kongresa je \u201eZemlji\u0161na administracija podloga za ekonomski razvitak\u201d.<br>Tim povodom, predsjednik Dru\u0161tva Ivan Lesko, predsjednik Skup\u0161tine Dru\u0161tva An\u0111elko Krmek te direktor Federalnog zavoda za geodetske poslove \u017deljko Obradovi\u0107 posjetili su predsjednicu Federacije BiH Lidiju Bradara te predstavili projekt odr\u017eavanja Kongresa ali i ostale probleme i izazove s kojima se \"oblast geodezije\" suo\u010dava u BiH.<\/p>\n\n\n\n<p>Kako je kazano, na Kongresu \u0107e sudjelovati stru\u010dnjaci iz Bosne i Hercegovine ali i Hrvatske, Slovenije, Austrije, Makedonije i drugih dr\u017eava a predsjednica Bradara je prihvatila pokroviteljstvo ovog doga\u0111aja.<\/p>\n\n\n\n<p>Na sastanku je razgovarano o problemima katastra i zemlji\u0161nih knjiga, njihove uskla\u0111enosti, kao i funkcioniranja Zavoda i Uprave, o registru cijena nekretnina, elektronskom potpisu koji bi ubrzao procese i u ovoj oblasti te drugim temama.<\/p>\n","protected":false},"excerpt":{"rendered":"<p>U tijeku su pripreme za odr\u017eavanje Kongresa o katastru u organizaciji Geodetskog Dru\u0161tva Herceg Bosne [&hellip;]<\/p>\n","protected":false},"author":1,"featured_media":323,"comment_status":"open","ping_status":"open","sticky":false,"template":"","format":"standard","meta":{"inline_featured_image":false,"footnotes":""},"categories":[3,7],"tags":[],"class_list":["post-322","post","type-post","status-publish","format-standard","has-post-thumbnail","hentry","category-novosti","category-priopcenja"],"acf":[],"_links":{"self":[{"href":"https:\/\/www.predsjednikfbih.gov.ba\/index.php\/wp-json\/wp\/v2\/posts\/322","targetHints":{"allow":["GET"]}}],"collection":[{"href":"https:\/\/www.predsjednikfbih.gov.ba\/index.php\/wp-json\/wp\/v2\/posts"}],"about":[{"href":"https:\/\/www.predsjednikfbih.gov.ba\/index.php\/wp-json\/wp\/v2\/types\/post"}],"author":[{"embeddable":true,"href":"https:\/\/www.predsjednikfbih.gov.ba\/index.php\/wp-json\/wp\/v2\/users\/1"}],"replies":[{"embeddable":true,"href":"https:\/\/www.predsjednikfbih.gov.ba\/index.php\/wp-json\/wp\/v2\/comments?post=322"}],"version-history":[{"count":2,"href":"https:\/\/www.predsjednikfbih.gov.ba\/index.php\/wp-json\/wp\/v2\/posts\/322\/revisions"}],"predecessor-version":[{"id":325,"href":"https:\/\/www.predsjednikfbih.gov.ba\/index.php\/wp-json\/wp\/v2\/posts\/322\/revisions\/325"}],"wp:featuredmedia":[{"embeddable":true,"href":"https:\/\/www.predsjednikfbih.gov.ba\/index.php\/wp-json\/wp\/v2\/media\/323"}],"wp:attachment":[{"href":"https:\/\/www.predsjednikfbih.gov.ba\/index.php\/wp-json\/wp\/v2\/media?parent=322"}],"wp:term":[{"taxonomy":"category","embeddable":true,"href":"https:\/\/www.predsjednikfbih.gov.ba\/index.php\/wp-json\/wp\/v2\/categories?post=322"},{"taxonomy":"post_tag","embeddable":true,"href":"https:\/\/www.predsjednikfbih.gov.ba\/index.php\/wp-json\/wp\/v2\/tags?post=322"}],"curies":[{"name":"wp","href":"https:\/\/api.w.org\/{rel}","templated":true}]}}