{"id":3151,"date":"2025-11-05T12:54:56","date_gmt":"2025-11-05T12:54:56","guid":{"rendered":"https:\/\/www.predsjednikfbih.gov.ba\/?p=3151"},"modified":"2025-11-05T12:54:56","modified_gmt":"2025-11-05T12:54:56","slug":"mir-i-stabilnost-prioritet-predsjednica-bradara-sa-sefom-misije-oess-a-u-bih-rickom-holtzappleom","status":"publish","type":"post","link":"https:\/\/www.predsjednikfbih.gov.ba\/index.php\/2025\/11\/05\/mir-i-stabilnost-prioritet-predsjednica-bradara-sa-sefom-misije-oess-a-u-bih-rickom-holtzappleom\/","title":{"rendered":"Mir i stabilnost prioritet: Predsjednica Bradara sa \u0161efom Misije OESS-a u BiH Rickom Holtzappleom"},"content":{"rendered":"<h4>Predsjednica Federacije Bosne i Hercegovine Lidija Bradara sastala se danas s Rickom Holtzappleom, \u0161efom Misije Organizacije za sigurnost i suradnju u Europi (OESS) u BiH. Razgovarano je o politi\u010dkim i sigurnosnim izazovima, ja\u010danju povjerenja u institucije, te nastavku suradnje Federacije BiH i OESS-a u reformskim i izbornim procesima.<\/h4>\n<p>Predsjednica Bradara \u010destitala je gospodinu Holtzappleu na imenovanju i po\u017eeljela mu uspje\u0161an mandat, istaknuv\u0161i va\u017enost kontinuiranog dijaloga i suradnje s me\u0111unarodnim partnerima. Naglasila je kako su mir, stabilnost i odgovoran pristup javnim politikama trajni prioriteti aktualne vlasti. Dodala je da Federacija, unato\u010d slo\u017eenom ustavnom ure\u0111enju i tijesnoj ve\u0107ini, uspje\u0161no odr\u017eava socijalnu, gospodarsku i financijsku stabilnost, te da se klju\u010dne odluke donose kroz razumijevanje i kompromis.<\/p>\n<p>Govore\u0107i o europskom putu Bosne i Hercegovine, predsjednica je poru\u010dila da je to proces koji treba ujediniti dru\u0161tvo, a ne biti predmet politi\u010dkih podjela. \u201eMir i stabilnost ostaju okosnica svake reformske odluke i svakog poteza koji vodi napretku\u201c, poru\u010dila je Bradara.<\/p>\n<p>\u0160ef Misije OESS-a Rick Holtzapple zahvalio je predsjednici Bradari na srda\u010dnom prijemu i konstruktivnoj razmjeni mi\u0161ljenja, istaknuv\u0161i spremnost OESS-a da nastavi podupirati reforme, ja\u010danje povjerenja te vladavinu prava i borbu protiv korupcije.<\/p>\n<p>Na kraju susreta zajedni\u010dki je nagla\u0161eno da je suradnja svih razina vlasti klju\u010dna za demokratski razvoj i europsku perspektivu BiH, te da je mir temelj svakog napretka.<\/p>\n<p><img decoding=\"async\" class=\"alignnone size-large wp-image-3155\" src=\"https:\/\/www.predsjednikfbih.gov.ba\/wp-content\/uploads\/2025\/11\/Predsjednica-Bradara-sa-sefom-Misije-OSCE-a-u-BiH-Rickom-Holtzappleom4-1024x683.jpg\" alt=\"\" width=\"1024\" height=\"683\" srcset=\"https:\/\/www.predsjednikfbih.gov.ba\/wp-content\/uploads\/2025\/11\/Predsjednica-Bradara-sa-sefom-Misije-OSCE-a-u-BiH-Rickom-Holtzappleom4-1024x683.jpg 1024w, https:\/\/www.predsjednikfbih.gov.ba\/wp-content\/uploads\/2025\/11\/Predsjednica-Bradara-sa-sefom-Misije-OSCE-a-u-BiH-Rickom-Holtzappleom4-300x200.jpg 300w, https:\/\/www.predsjednikfbih.gov.ba\/wp-content\/uploads\/2025\/11\/Predsjednica-Bradara-sa-sefom-Misije-OSCE-a-u-BiH-Rickom-Holtzappleom4-768x512.jpg 768w, https:\/\/www.predsjednikfbih.gov.ba\/wp-content\/uploads\/2025\/11\/Predsjednica-Bradara-sa-sefom-Misije-OSCE-a-u-BiH-Rickom-Holtzappleom4-1536x1024.jpg 1536w, https:\/\/www.predsjednikfbih.gov.ba\/wp-content\/uploads\/2025\/11\/Predsjednica-Bradara-sa-sefom-Misije-OSCE-a-u-BiH-Rickom-Holtzappleom4.jpg 1920w\" sizes=\"(max-width: 1024px) 100vw, 1024px\" \/> <img decoding=\"async\" class=\"alignnone size-large wp-image-3152\" src=\"https:\/\/www.predsjednikfbih.gov.ba\/wp-content\/uploads\/2025\/11\/Predsjednica-Bradara-sa-sefom-Misije-OSCE-a-u-BiH-Rickom-Holtzappleom2-1024x776.jpg\" alt=\"\" width=\"1024\" height=\"776\" srcset=\"https:\/\/www.predsjednikfbih.gov.ba\/wp-content\/uploads\/2025\/11\/Predsjednica-Bradara-sa-sefom-Misije-OSCE-a-u-BiH-Rickom-Holtzappleom2-1024x776.jpg 1024w, https:\/\/www.predsjednikfbih.gov.ba\/wp-content\/uploads\/2025\/11\/Predsjednica-Bradara-sa-sefom-Misije-OSCE-a-u-BiH-Rickom-Holtzappleom2-300x227.jpg 300w, https:\/\/www.predsjednikfbih.gov.ba\/wp-content\/uploads\/2025\/11\/Predsjednica-Bradara-sa-sefom-Misije-OSCE-a-u-BiH-Rickom-Holtzappleom2-768x582.jpg 768w, https:\/\/www.predsjednikfbih.gov.ba\/wp-content\/uploads\/2025\/11\/Predsjednica-Bradara-sa-sefom-Misije-OSCE-a-u-BiH-Rickom-Holtzappleom2-1536x1164.jpg 1536w, https:\/\/www.predsjednikfbih.gov.ba\/wp-content\/uploads\/2025\/11\/Predsjednica-Bradara-sa-sefom-Misije-OSCE-a-u-BiH-Rickom-Holtzappleom2.jpg 1920w\" sizes=\"(max-width: 1024px) 100vw, 1024px\" \/><\/p>\n","protected":false},"excerpt":{"rendered":"<p>Predsjednica Federacije Bosne i Hercegovine Lidija Bradara sastala se danas s Rickom Holtzappleom, \u0161efom Misije [&hellip;]<\/p>\n","protected":false},"author":1,"featured_media":3153,"comment_status":"open","ping_status":"open","sticky":false,"template":"","format":"standard","meta":{"inline_featured_image":false,"footnotes":""},"categories":[3,4,7],"tags":[],"class_list":["post-3151","post","type-post","status-publish","format-standard","has-post-thumbnail","hentry","category-novosti","category-objave","category-priopcenja"],"acf":[],"_links":{"self":[{"href":"https:\/\/www.predsjednikfbih.gov.ba\/index.php\/wp-json\/wp\/v2\/posts\/3151","targetHints":{"allow":["GET"]}}],"collection":[{"href":"https:\/\/www.predsjednikfbih.gov.ba\/index.php\/wp-json\/wp\/v2\/posts"}],"about":[{"href":"https:\/\/www.predsjednikfbih.gov.ba\/index.php\/wp-json\/wp\/v2\/types\/post"}],"author":[{"embeddable":true,"href":"https:\/\/www.predsjednikfbih.gov.ba\/index.php\/wp-json\/wp\/v2\/users\/1"}],"replies":[{"embeddable":true,"href":"https:\/\/www.predsjednikfbih.gov.ba\/index.php\/wp-json\/wp\/v2\/comments?post=3151"}],"version-history":[{"count":1,"href":"https:\/\/www.predsjednikfbih.gov.ba\/index.php\/wp-json\/wp\/v2\/posts\/3151\/revisions"}],"predecessor-version":[{"id":3156,"href":"https:\/\/www.predsjednikfbih.gov.ba\/index.php\/wp-json\/wp\/v2\/posts\/3151\/revisions\/3156"}],"wp:featuredmedia":[{"embeddable":true,"href":"https:\/\/www.predsjednikfbih.gov.ba\/index.php\/wp-json\/wp\/v2\/media\/3153"}],"wp:attachment":[{"href":"https:\/\/www.predsjednikfbih.gov.ba\/index.php\/wp-json\/wp\/v2\/media?parent=3151"}],"wp:term":[{"taxonomy":"category","embeddable":true,"href":"https:\/\/www.predsjednikfbih.gov.ba\/index.php\/wp-json\/wp\/v2\/categories?post=3151"},{"taxonomy":"post_tag","embeddable":true,"href":"https:\/\/www.predsjednikfbih.gov.ba\/index.php\/wp-json\/wp\/v2\/tags?post=3151"}],"curies":[{"name":"wp","href":"https:\/\/api.w.org\/{rel}","templated":true}]}}