{"id":3145,"date":"2025-11-05T08:30:12","date_gmt":"2025-11-05T08:30:12","guid":{"rendered":"https:\/\/www.predsjednikfbih.gov.ba\/?p=3145"},"modified":"2025-11-05T08:52:23","modified_gmt":"2025-11-05T08:52:23","slug":"pismo-sucuti-povodom-tragicnog-pozara-u-domu-umirovljenika-tuzla","status":"publish","type":"post","link":"https:\/\/www.predsjednikfbih.gov.ba\/index.php\/2025\/11\/05\/pismo-sucuti-povodom-tragicnog-pozara-u-domu-umirovljenika-tuzla\/","title":{"rendered":"Pismo su\u0107uti povodom tragi\u010dnog po\u017eara u Domu umirovljenika Tuzla"},"content":{"rendered":"<p>Nakon stra\u0161ne tragedije koja je pogodila Tuzlu, u kojoj je \u017eivot izgubilo najmanje jedanaest \u0161ti\u0107enika Doma umirovljenika, a vi\u0161e od trideset osoba je ozlije\u0111eno, predsjednica Federacije BiH Lidija Bradara uputila je Gradu Tuzli, gradona\u010delniku Zijadu Lugavi\u0107u i predsjedateljici Gradskog vije\u0107a Ani Peji\u0107 pismo su\u0107uti i podr\u0161ke.<\/p>\n<p><img decoding=\"async\" class=\"alignnone size-large wp-image-3146\" src=\"https:\/\/www.predsjednikfbih.gov.ba\/wp-content\/uploads\/2025\/11\/Pismo-podrske-702x1024.jpg\" alt=\"\" width=\"702\" height=\"1024\" srcset=\"https:\/\/www.predsjednikfbih.gov.ba\/wp-content\/uploads\/2025\/11\/Pismo-podrske-702x1024.jpg 702w, https:\/\/www.predsjednikfbih.gov.ba\/wp-content\/uploads\/2025\/11\/Pismo-podrske-206x300.jpg 206w, https:\/\/www.predsjednikfbih.gov.ba\/wp-content\/uploads\/2025\/11\/Pismo-podrske-768x1120.jpg 768w, https:\/\/www.predsjednikfbih.gov.ba\/wp-content\/uploads\/2025\/11\/Pismo-podrske.jpg 1008w\" sizes=\"(max-width: 702px) 100vw, 702px\" \/><\/p>\n","protected":false},"excerpt":{"rendered":"<p>Nakon stra\u0161ne tragedije koja je pogodila Tuzlu, u kojoj je \u017eivot izgubilo najmanje jedanaest \u0161ti\u0107enika [&hellip;]<\/p>\n","protected":false},"author":1,"featured_media":3147,"comment_status":"open","ping_status":"open","sticky":false,"template":"","format":"standard","meta":{"inline_featured_image":false,"footnotes":""},"categories":[3,4,7],"tags":[],"class_list":["post-3145","post","type-post","status-publish","format-standard","has-post-thumbnail","hentry","category-novosti","category-objave","category-priopcenja"],"acf":[],"_links":{"self":[{"href":"https:\/\/www.predsjednikfbih.gov.ba\/index.php\/wp-json\/wp\/v2\/posts\/3145","targetHints":{"allow":["GET"]}}],"collection":[{"href":"https:\/\/www.predsjednikfbih.gov.ba\/index.php\/wp-json\/wp\/v2\/posts"}],"about":[{"href":"https:\/\/www.predsjednikfbih.gov.ba\/index.php\/wp-json\/wp\/v2\/types\/post"}],"author":[{"embeddable":true,"href":"https:\/\/www.predsjednikfbih.gov.ba\/index.php\/wp-json\/wp\/v2\/users\/1"}],"replies":[{"embeddable":true,"href":"https:\/\/www.predsjednikfbih.gov.ba\/index.php\/wp-json\/wp\/v2\/comments?post=3145"}],"version-history":[{"count":3,"href":"https:\/\/www.predsjednikfbih.gov.ba\/index.php\/wp-json\/wp\/v2\/posts\/3145\/revisions"}],"predecessor-version":[{"id":3150,"href":"https:\/\/www.predsjednikfbih.gov.ba\/index.php\/wp-json\/wp\/v2\/posts\/3145\/revisions\/3150"}],"wp:featuredmedia":[{"embeddable":true,"href":"https:\/\/www.predsjednikfbih.gov.ba\/index.php\/wp-json\/wp\/v2\/media\/3147"}],"wp:attachment":[{"href":"https:\/\/www.predsjednikfbih.gov.ba\/index.php\/wp-json\/wp\/v2\/media?parent=3145"}],"wp:term":[{"taxonomy":"category","embeddable":true,"href":"https:\/\/www.predsjednikfbih.gov.ba\/index.php\/wp-json\/wp\/v2\/categories?post=3145"},{"taxonomy":"post_tag","embeddable":true,"href":"https:\/\/www.predsjednikfbih.gov.ba\/index.php\/wp-json\/wp\/v2\/tags?post=3145"}],"curies":[{"name":"wp","href":"https:\/\/api.w.org\/{rel}","templated":true}]}}