{"id":3139,"date":"2025-11-04T08:20:37","date_gmt":"2025-11-04T08:20:37","guid":{"rendered":"https:\/\/www.predsjednikfbih.gov.ba\/?p=3139"},"modified":"2025-11-05T08:22:55","modified_gmt":"2025-11-05T08:22:55","slug":"bradara-i-sztaray-reforme-i-projekti-su-najbrzi-put-bih-prema-eu","status":"publish","type":"post","link":"https:\/\/www.predsjednikfbih.gov.ba\/index.php\/2025\/11\/04\/bradara-i-sztaray-reforme-i-projekti-su-najbrzi-put-bih-prema-eu\/","title":{"rendered":"Bradara i Szt\u00e1ray: Reforme i projekti su najbr\u017ei put BiH prema EU"},"content":{"rendered":"<h4>Predsjednica Federacije BiH Lidija Bradara primila je danas u Sarajevu dr\u017eavnog tajnika za sigurnosnu politiku i energetiku Ministarstva vanjskih poslova Ma\u0111arske, P\u00e9tera Szt\u00e1raya. Sastanku su nazo\u010dili i veleposlanik Ma\u0111arske u BiH Kriszti\u00e1n P\u00f3sa te zamjenica veleposlanika Anik\u00f3 Gyenge.<\/h4>\n<p>Razgovarano je o aktualnoj politi\u010dkoj i gospodarskoj situaciji u BiH, europskom putu zemlje te bilateralnim odnosima dvije dr\u017eave.<\/p>\n<p>Predsjednica Bradara naglasila je kako je o\u010duvanje politi\u010dke, gospodarske i socijalne stabilnosti jedan od klju\u010dnih prioriteta ovoga mandata.<br \/>\n\"Na\u0161 strate\u0161ki cilj je jasan - europski i euroatlantski put Bosne i Hercegovine. Postoje razdoblja kada napredujemo vi\u0161e, a ponekad manje, no taj cilj nema alternativu\", istaknula je Bradara.\u00a0Dodala je kako su ravnomjeran razvoj Federacije BiH i pravedno predstavljanje konstitutivnih naroda temeljne smjernice rada.<\/p>\n<p>Govore\u0107i o aktualnim izazovima, predsjednica je upozorila na nerije\u0161eno pitanje dr\u017eavne imovine, koje blokira brojne infrastrukturne i gospodarske projekte. \"Samo kroz dogovor doma\u0107ih politi\u010dkih aktera i stabilno okru\u017eenje mogu\u0107e je osloboditi investicijski potencijal Federacije\", kazala je Bradara.<\/p>\n<p>Dr\u017eavni tajnik P\u00e9ter Szt\u00e1ray zahvalio je predsjednici Bradari na otvorenom razgovoru te istaknuo da Ma\u0111arska ostaje sna\u017ean zagovornik europske perspektive BiH.<\/p>\n<p>\"Europska unija mora imati \u0161iri, racionalniji i geopoliti\u010dki svjestan pristup prema Zapadnom Balkanu. Mi \u0107emo i dalje podupirati korake koji ja\u010daju stabilnost i funkcionalnost institucija u BiH\", rekao je Szt\u00e1ray, naglasiv\u0161i da Ma\u0111arska nudi konkretnu stru\u010dnu i razvojnu pomo\u0107 u eurointegracijskom procesu.<\/p>\n<p>Sugovornici su se slo\u017eili da su infrastrukturni i razvojni projekti, osobito oni koji donose korist svim gra\u0111anima, najbolji put za ja\u010danje povjerenja i ubrzanje europskih integracija.<\/p>\n<p>Predsjednica Bradara pohvalila je izvrsnu suradnju dviju zemalja, uklju\u010duju\u0107i partnerstva lokalnih zajednica, te poru\u010dila da \"Bosna i Hercegovina treba vi\u0161e prijatelja poput Ma\u0111arske - iskrenih i konkretnih\". Na kraju susreta istaknuta je zajedni\u010dka poruka: \"Europska budu\u0107nost Bosne i Hercegovine nema alternativu, a Ma\u0111arska \u0107e i dalje podupirati korake koji vode stabilnosti i napretku.\"<\/p>\n<p><img decoding=\"async\" class=\"alignnone size-large wp-image-3140\" src=\"https:\/\/www.predsjednikfbih.gov.ba\/wp-content\/uploads\/2025\/11\/Bradara-i-Sztaray1-1024x683.jpg\" alt=\"\" width=\"1024\" height=\"683\" srcset=\"https:\/\/www.predsjednikfbih.gov.ba\/wp-content\/uploads\/2025\/11\/Bradara-i-Sztaray1-1024x683.jpg 1024w, https:\/\/www.predsjednikfbih.gov.ba\/wp-content\/uploads\/2025\/11\/Bradara-i-Sztaray1-300x200.jpg 300w, https:\/\/www.predsjednikfbih.gov.ba\/wp-content\/uploads\/2025\/11\/Bradara-i-Sztaray1-768x512.jpg 768w, https:\/\/www.predsjednikfbih.gov.ba\/wp-content\/uploads\/2025\/11\/Bradara-i-Sztaray1-1536x1024.jpg 1536w, https:\/\/www.predsjednikfbih.gov.ba\/wp-content\/uploads\/2025\/11\/Bradara-i-Sztaray1.jpg 1920w\" sizes=\"(max-width: 1024px) 100vw, 1024px\" \/> <img decoding=\"async\" class=\"alignnone size-large wp-image-3143\" src=\"https:\/\/www.predsjednikfbih.gov.ba\/wp-content\/uploads\/2025\/11\/Bradara-i-Sztaray7-1024x683.jpg\" alt=\"\" width=\"1024\" height=\"683\" srcset=\"https:\/\/www.predsjednikfbih.gov.ba\/wp-content\/uploads\/2025\/11\/Bradara-i-Sztaray7-1024x683.jpg 1024w, https:\/\/www.predsjednikfbih.gov.ba\/wp-content\/uploads\/2025\/11\/Bradara-i-Sztaray7-300x200.jpg 300w, https:\/\/www.predsjednikfbih.gov.ba\/wp-content\/uploads\/2025\/11\/Bradara-i-Sztaray7-768x512.jpg 768w, https:\/\/www.predsjednikfbih.gov.ba\/wp-content\/uploads\/2025\/11\/Bradara-i-Sztaray7-1536x1024.jpg 1536w, https:\/\/www.predsjednikfbih.gov.ba\/wp-content\/uploads\/2025\/11\/Bradara-i-Sztaray7.jpg 1920w\" sizes=\"(max-width: 1024px) 100vw, 1024px\" \/> <img decoding=\"async\" class=\"alignnone size-large wp-image-3142\" src=\"https:\/\/www.predsjednikfbih.gov.ba\/wp-content\/uploads\/2025\/11\/Bradara-i-Sztaray6-1024x683.jpg\" alt=\"\" width=\"1024\" height=\"683\" srcset=\"https:\/\/www.predsjednikfbih.gov.ba\/wp-content\/uploads\/2025\/11\/Bradara-i-Sztaray6-1024x683.jpg 1024w, https:\/\/www.predsjednikfbih.gov.ba\/wp-content\/uploads\/2025\/11\/Bradara-i-Sztaray6-300x200.jpg 300w, https:\/\/www.predsjednikfbih.gov.ba\/wp-content\/uploads\/2025\/11\/Bradara-i-Sztaray6-768x512.jpg 768w, https:\/\/www.predsjednikfbih.gov.ba\/wp-content\/uploads\/2025\/11\/Bradara-i-Sztaray6-1536x1024.jpg 1536w, https:\/\/www.predsjednikfbih.gov.ba\/wp-content\/uploads\/2025\/11\/Bradara-i-Sztaray6.jpg 1920w\" sizes=\"(max-width: 1024px) 100vw, 1024px\" \/><\/p>\n","protected":false},"excerpt":{"rendered":"<p>Predsjednica Federacije BiH Lidija Bradara primila je danas u Sarajevu dr\u017eavnog tajnika za sigurnosnu politiku [&hellip;]<\/p>\n","protected":false},"author":1,"featured_media":3141,"comment_status":"open","ping_status":"open","sticky":false,"template":"","format":"standard","meta":{"inline_featured_image":false,"footnotes":""},"categories":[3,4,7],"tags":[],"class_list":["post-3139","post","type-post","status-publish","format-standard","has-post-thumbnail","hentry","category-novosti","category-objave","category-priopcenja"],"acf":[],"_links":{"self":[{"href":"https:\/\/www.predsjednikfbih.gov.ba\/index.php\/wp-json\/wp\/v2\/posts\/3139","targetHints":{"allow":["GET"]}}],"collection":[{"href":"https:\/\/www.predsjednikfbih.gov.ba\/index.php\/wp-json\/wp\/v2\/posts"}],"about":[{"href":"https:\/\/www.predsjednikfbih.gov.ba\/index.php\/wp-json\/wp\/v2\/types\/post"}],"author":[{"embeddable":true,"href":"https:\/\/www.predsjednikfbih.gov.ba\/index.php\/wp-json\/wp\/v2\/users\/1"}],"replies":[{"embeddable":true,"href":"https:\/\/www.predsjednikfbih.gov.ba\/index.php\/wp-json\/wp\/v2\/comments?post=3139"}],"version-history":[{"count":1,"href":"https:\/\/www.predsjednikfbih.gov.ba\/index.php\/wp-json\/wp\/v2\/posts\/3139\/revisions"}],"predecessor-version":[{"id":3144,"href":"https:\/\/www.predsjednikfbih.gov.ba\/index.php\/wp-json\/wp\/v2\/posts\/3139\/revisions\/3144"}],"wp:featuredmedia":[{"embeddable":true,"href":"https:\/\/www.predsjednikfbih.gov.ba\/index.php\/wp-json\/wp\/v2\/media\/3141"}],"wp:attachment":[{"href":"https:\/\/www.predsjednikfbih.gov.ba\/index.php\/wp-json\/wp\/v2\/media?parent=3139"}],"wp:term":[{"taxonomy":"category","embeddable":true,"href":"https:\/\/www.predsjednikfbih.gov.ba\/index.php\/wp-json\/wp\/v2\/categories?post=3139"},{"taxonomy":"post_tag","embeddable":true,"href":"https:\/\/www.predsjednikfbih.gov.ba\/index.php\/wp-json\/wp\/v2\/tags?post=3139"}],"curies":[{"name":"wp","href":"https:\/\/api.w.org\/{rel}","templated":true}]}}