{"id":3133,"date":"2025-10-29T13:57:07","date_gmt":"2025-10-29T13:57:07","guid":{"rendered":"https:\/\/www.predsjednikfbih.gov.ba\/?p=3133"},"modified":"2025-10-29T14:01:48","modified_gmt":"2025-10-29T14:01:48","slug":"obiljezavanje-svih-svetih-sarajevo","status":"publish","type":"post","link":"https:\/\/www.predsjednikfbih.gov.ba\/index.php\/2025\/10\/29\/obiljezavanje-svih-svetih-sarajevo\/","title":{"rendered":"Obilje\u017eav\u0430nje Svih svetih i Du\u0161nog dana na groblju Sveti Josip u Sarajevu"},"content":{"rendered":"<h4>Na groblju Sveti Josip u Sarajevu, u ozra\u010dju pijeteta i zajedni\u0161tva, danas je obilje\u017een blagdan Svih svetih i Du\u0161ni dan uz polaganje vijenaca poginulim i nestalim braniteljima te svim \u017ertvama HVO-a.<\/h4>\n<p>Izaslanstvo Hrvatskog narodnog sabora BiH, predvo\u0111eno predsjednicom Federacije BiH Lidijom Bradara, te izaslanstvo Ministarstva obrane i Oru\u017eanih snaga BiH, na \u010delu sa zamjenikom na\u010delnika Zajedni\u010dkog sto\u017eera OS BiH general-bojnikom Tomom Kolendom, polo\u017eili su vijence i upalili svije\u0107e u znak sje\u0107anja i zahvalnosti. Po\u010dast su odali i veleposlanik Republike Hrvatske u BiH Ivan Saboli\u0107, predstavnici Koordinacije braniteljskih udruga HVO-a te brojni drugi du\u017enosnici i predstavnici dru\u0161tveno-politi\u010dkog \u017eivota. Generalni vikar Vojnog ordinarijata u BiH mons. \u017deljko \u010cuturi\u0107 i vojni kapelan vl\u010d. Fabijan Stanu\u0161i\u0107, \u017eupnik na Palama, izmolili su opijelo za du\u0161e pokojnih branitelja. Nakon polaganja vijenaca i molitve za umrle, izaslanstva su bila i na misi zadu\u017enici u katedrali Srca Isusova u Sarajevu, koju je predvodio mons. \u010cuturi\u0107 u koncelebraciji kancelara Vojnog ordinarijata vl\u010d. Josipa Tadi\u0107a.<\/p>\n<p><img decoding=\"async\" class=\"alignnone size-large wp-image-3113\" src=\"https:\/\/www.predsjednikfbih.gov.ba\/wp-content\/uploads\/2025\/10\/Svi-sveti-i-dusni-dan-na-groblju-sv.-Josip-Sarajevo9-1024x684.jpg\" alt=\"\" width=\"1024\" height=\"684\" srcset=\"https:\/\/www.predsjednikfbih.gov.ba\/wp-content\/uploads\/2025\/10\/Svi-sveti-i-dusni-dan-na-groblju-sv.-Josip-Sarajevo9-1024x684.jpg 1024w, https:\/\/www.predsjednikfbih.gov.ba\/wp-content\/uploads\/2025\/10\/Svi-sveti-i-dusni-dan-na-groblju-sv.-Josip-Sarajevo9-300x200.jpg 300w, https:\/\/www.predsjednikfbih.gov.ba\/wp-content\/uploads\/2025\/10\/Svi-sveti-i-dusni-dan-na-groblju-sv.-Josip-Sarajevo9-768x513.jpg 768w, https:\/\/www.predsjednikfbih.gov.ba\/wp-content\/uploads\/2025\/10\/Svi-sveti-i-dusni-dan-na-groblju-sv.-Josip-Sarajevo9-1536x1026.jpg 1536w, https:\/\/www.predsjednikfbih.gov.ba\/wp-content\/uploads\/2025\/10\/Svi-sveti-i-dusni-dan-na-groblju-sv.-Josip-Sarajevo9.jpg 1920w\" sizes=\"(max-width: 1024px) 100vw, 1024px\" \/><img decoding=\"async\" class=\"alignnone size-large wp-image-3112\" src=\"https:\/\/www.predsjednikfbih.gov.ba\/wp-content\/uploads\/2025\/10\/Svi-sveti-i-dusni-dan-na-groblju-sv.-Josip-Sarajevo10-1024x768.jpg\" alt=\"\" width=\"1024\" height=\"768\" srcset=\"https:\/\/www.predsjednikfbih.gov.ba\/wp-content\/uploads\/2025\/10\/Svi-sveti-i-dusni-dan-na-groblju-sv.-Josip-Sarajevo10-1024x768.jpg 1024w, https:\/\/www.predsjednikfbih.gov.ba\/wp-content\/uploads\/2025\/10\/Svi-sveti-i-dusni-dan-na-groblju-sv.-Josip-Sarajevo10-300x225.jpg 300w, https:\/\/www.predsjednikfbih.gov.ba\/wp-content\/uploads\/2025\/10\/Svi-sveti-i-dusni-dan-na-groblju-sv.-Josip-Sarajevo10-768x576.jpg 768w, https:\/\/www.predsjednikfbih.gov.ba\/wp-content\/uploads\/2025\/10\/Svi-sveti-i-dusni-dan-na-groblju-sv.-Josip-Sarajevo10-1536x1152.jpg 1536w, https:\/\/www.predsjednikfbih.gov.ba\/wp-content\/uploads\/2025\/10\/Svi-sveti-i-dusni-dan-na-groblju-sv.-Josip-Sarajevo10.jpg 1920w\" sizes=\"(max-width: 1024px) 100vw, 1024px\" \/><img decoding=\"async\" class=\"alignnone size-large wp-image-3111\" src=\"https:\/\/www.predsjednikfbih.gov.ba\/wp-content\/uploads\/2025\/10\/Svi-sveti-i-dusni-dan-na-groblju-sv.-Josip-Sarajevo19-1024x768.jpg\" alt=\"\" width=\"1024\" height=\"768\" srcset=\"https:\/\/www.predsjednikfbih.gov.ba\/wp-content\/uploads\/2025\/10\/Svi-sveti-i-dusni-dan-na-groblju-sv.-Josip-Sarajevo19-1024x768.jpg 1024w, https:\/\/www.predsjednikfbih.gov.ba\/wp-content\/uploads\/2025\/10\/Svi-sveti-i-dusni-dan-na-groblju-sv.-Josip-Sarajevo19-300x225.jpg 300w, https:\/\/www.predsjednikfbih.gov.ba\/wp-content\/uploads\/2025\/10\/Svi-sveti-i-dusni-dan-na-groblju-sv.-Josip-Sarajevo19-768x576.jpg 768w, https:\/\/www.predsjednikfbih.gov.ba\/wp-content\/uploads\/2025\/10\/Svi-sveti-i-dusni-dan-na-groblju-sv.-Josip-Sarajevo19-1536x1152.jpg 1536w, https:\/\/www.predsjednikfbih.gov.ba\/wp-content\/uploads\/2025\/10\/Svi-sveti-i-dusni-dan-na-groblju-sv.-Josip-Sarajevo19.jpg 1920w\" sizes=\"(max-width: 1024px) 100vw, 1024px\" \/><img decoding=\"async\" class=\"alignnone size-large wp-image-3110\" src=\"https:\/\/www.predsjednikfbih.gov.ba\/wp-content\/uploads\/2025\/10\/Svi-sveti-i-dusni-dan-na-groblju-sv.-Josip-Sarajevo20-1024x768.jpg\" alt=\"\" width=\"1024\" height=\"768\" srcset=\"https:\/\/www.predsjednikfbih.gov.ba\/wp-content\/uploads\/2025\/10\/Svi-sveti-i-dusni-dan-na-groblju-sv.-Josip-Sarajevo20-1024x768.jpg 1024w, https:\/\/www.predsjednikfbih.gov.ba\/wp-content\/uploads\/2025\/10\/Svi-sveti-i-dusni-dan-na-groblju-sv.-Josip-Sarajevo20-300x225.jpg 300w, https:\/\/www.predsjednikfbih.gov.ba\/wp-content\/uploads\/2025\/10\/Svi-sveti-i-dusni-dan-na-groblju-sv.-Josip-Sarajevo20-768x576.jpg 768w, https:\/\/www.predsjednikfbih.gov.ba\/wp-content\/uploads\/2025\/10\/Svi-sveti-i-dusni-dan-na-groblju-sv.-Josip-Sarajevo20-1536x1152.jpg 1536w, https:\/\/www.predsjednikfbih.gov.ba\/wp-content\/uploads\/2025\/10\/Svi-sveti-i-dusni-dan-na-groblju-sv.-Josip-Sarajevo20.jpg 1920w\" sizes=\"(max-width: 1024px) 100vw, 1024px\" \/><img decoding=\"async\" class=\"alignnone size-large wp-image-3110\" src=\"https:\/\/www.predsjednikfbih.gov.ba\/wp-content\/uploads\/2025\/10\/Svi-sveti-i-dusni-dan-na-groblju-sv.-Josip-Sarajevo20-1024x768.jpg\" alt=\"\" width=\"1024\" height=\"768\" srcset=\"https:\/\/www.predsjednikfbih.gov.ba\/wp-content\/uploads\/2025\/10\/Svi-sveti-i-dusni-dan-na-groblju-sv.-Josip-Sarajevo20-1024x768.jpg 1024w, https:\/\/www.predsjednikfbih.gov.ba\/wp-content\/uploads\/2025\/10\/Svi-sveti-i-dusni-dan-na-groblju-sv.-Josip-Sarajevo20-300x225.jpg 300w, https:\/\/www.predsjednikfbih.gov.ba\/wp-content\/uploads\/2025\/10\/Svi-sveti-i-dusni-dan-na-groblju-sv.-Josip-Sarajevo20-768x576.jpg 768w, https:\/\/www.predsjednikfbih.gov.ba\/wp-content\/uploads\/2025\/10\/Svi-sveti-i-dusni-dan-na-groblju-sv.-Josip-Sarajevo20-1536x1152.jpg 1536w, https:\/\/www.predsjednikfbih.gov.ba\/wp-content\/uploads\/2025\/10\/Svi-sveti-i-dusni-dan-na-groblju-sv.-Josip-Sarajevo20.jpg 1920w\" sizes=\"(max-width: 1024px) 100vw, 1024px\" \/><img decoding=\"async\" class=\"alignnone size-large wp-image-3108\" src=\"https:\/\/www.predsjednikfbih.gov.ba\/wp-content\/uploads\/2025\/10\/Svi-sveti-i-dusni-dan-na-groblju-sv.-Josip-Sarajevo11-1024x768.jpg\" alt=\"\" width=\"1024\" height=\"768\" srcset=\"https:\/\/www.predsjednikfbih.gov.ba\/wp-content\/uploads\/2025\/10\/Svi-sveti-i-dusni-dan-na-groblju-sv.-Josip-Sarajevo11-1024x768.jpg 1024w, https:\/\/www.predsjednikfbih.gov.ba\/wp-content\/uploads\/2025\/10\/Svi-sveti-i-dusni-dan-na-groblju-sv.-Josip-Sarajevo11-300x225.jpg 300w, https:\/\/www.predsjednikfbih.gov.ba\/wp-content\/uploads\/2025\/10\/Svi-sveti-i-dusni-dan-na-groblju-sv.-Josip-Sarajevo11-768x576.jpg 768w, https:\/\/www.predsjednikfbih.gov.ba\/wp-content\/uploads\/2025\/10\/Svi-sveti-i-dusni-dan-na-groblju-sv.-Josip-Sarajevo11-1536x1152.jpg 1536w, https:\/\/www.predsjednikfbih.gov.ba\/wp-content\/uploads\/2025\/10\/Svi-sveti-i-dusni-dan-na-groblju-sv.-Josip-Sarajevo11.jpg 1920w\" sizes=\"(max-width: 1024px) 100vw, 1024px\" \/><img decoding=\"async\" class=\"alignnone size-large wp-image-3107\" src=\"https:\/\/www.predsjednikfbih.gov.ba\/wp-content\/uploads\/2025\/10\/Svi-sveti-i-dusni-dan-na-groblju-sv.-Josip-Sarajevo2-1024x768.jpg\" alt=\"\" width=\"1024\" height=\"768\" srcset=\"https:\/\/www.predsjednikfbih.gov.ba\/wp-content\/uploads\/2025\/10\/Svi-sveti-i-dusni-dan-na-groblju-sv.-Josip-Sarajevo2-1024x768.jpg 1024w, https:\/\/www.predsjednikfbih.gov.ba\/wp-content\/uploads\/2025\/10\/Svi-sveti-i-dusni-dan-na-groblju-sv.-Josip-Sarajevo2-300x225.jpg 300w, https:\/\/www.predsjednikfbih.gov.ba\/wp-content\/uploads\/2025\/10\/Svi-sveti-i-dusni-dan-na-groblju-sv.-Josip-Sarajevo2-768x576.jpg 768w, https:\/\/www.predsjednikfbih.gov.ba\/wp-content\/uploads\/2025\/10\/Svi-sveti-i-dusni-dan-na-groblju-sv.-Josip-Sarajevo2-1536x1152.jpg 1536w, https:\/\/www.predsjednikfbih.gov.ba\/wp-content\/uploads\/2025\/10\/Svi-sveti-i-dusni-dan-na-groblju-sv.-Josip-Sarajevo2.jpg 1920w\" sizes=\"(max-width: 1024px) 100vw, 1024px\" \/><img decoding=\"async\" class=\"alignnone size-full wp-image-3106\" src=\"https:\/\/www.predsjednikfbih.gov.ba\/wp-content\/uploads\/2025\/10\/SAMOiOSsvisveti-10.jpeg\" alt=\"\" width=\"1024\" height=\"760\" srcset=\"https:\/\/www.predsjednikfbih.gov.ba\/wp-content\/uploads\/2025\/10\/SAMOiOSsvisveti-10.jpeg 1024w, https:\/\/www.predsjednikfbih.gov.ba\/wp-content\/uploads\/2025\/10\/SAMOiOSsvisveti-10-300x223.jpeg 300w, https:\/\/www.predsjednikfbih.gov.ba\/wp-content\/uploads\/2025\/10\/SAMOiOSsvisveti-10-768x570.jpeg 768w\" sizes=\"(max-width: 1024px) 100vw, 1024px\" \/><\/p>\n","protected":false},"excerpt":{"rendered":"<p>Na groblju Sveti Josip u Sarajevu, u ozra\u010dju pijeteta i zajedni\u0161tva, danas je obilje\u017een blagdan [&hellip;]<\/p>\n","protected":false},"author":1,"featured_media":3114,"comment_status":"open","ping_status":"open","sticky":false,"template":"","format":"standard","meta":{"inline_featured_image":false,"footnotes":""},"categories":[3],"tags":[],"class_list":["post-3133","post","type-post","status-publish","format-standard","has-post-thumbnail","hentry","category-novosti"],"acf":[],"_links":{"self":[{"href":"https:\/\/www.predsjednikfbih.gov.ba\/index.php\/wp-json\/wp\/v2\/posts\/3133","targetHints":{"allow":["GET"]}}],"collection":[{"href":"https:\/\/www.predsjednikfbih.gov.ba\/index.php\/wp-json\/wp\/v2\/posts"}],"about":[{"href":"https:\/\/www.predsjednikfbih.gov.ba\/index.php\/wp-json\/wp\/v2\/types\/post"}],"author":[{"embeddable":true,"href":"https:\/\/www.predsjednikfbih.gov.ba\/index.php\/wp-json\/wp\/v2\/users\/1"}],"replies":[{"embeddable":true,"href":"https:\/\/www.predsjednikfbih.gov.ba\/index.php\/wp-json\/wp\/v2\/comments?post=3133"}],"version-history":[{"count":5,"href":"https:\/\/www.predsjednikfbih.gov.ba\/index.php\/wp-json\/wp\/v2\/posts\/3133\/revisions"}],"predecessor-version":[{"id":3138,"href":"https:\/\/www.predsjednikfbih.gov.ba\/index.php\/wp-json\/wp\/v2\/posts\/3133\/revisions\/3138"}],"wp:featuredmedia":[{"embeddable":true,"href":"https:\/\/www.predsjednikfbih.gov.ba\/index.php\/wp-json\/wp\/v2\/media\/3114"}],"wp:attachment":[{"href":"https:\/\/www.predsjednikfbih.gov.ba\/index.php\/wp-json\/wp\/v2\/media?parent=3133"}],"wp:term":[{"taxonomy":"category","embeddable":true,"href":"https:\/\/www.predsjednikfbih.gov.ba\/index.php\/wp-json\/wp\/v2\/categories?post=3133"},{"taxonomy":"post_tag","embeddable":true,"href":"https:\/\/www.predsjednikfbih.gov.ba\/index.php\/wp-json\/wp\/v2\/tags?post=3133"}],"curies":[{"name":"wp","href":"https:\/\/api.w.org\/{rel}","templated":true}]}}