{"id":3099,"date":"2025-10-28T15:01:11","date_gmt":"2025-10-28T15:01:11","guid":{"rendered":"https:\/\/www.predsjednikfbih.gov.ba\/?p=3099"},"modified":"2025-10-28T15:12:37","modified_gmt":"2025-10-28T15:12:37","slug":"predsjednica-bradara-razgovarala-s-veleposlanikom-grannasom-njemacka-ostaje-snazan-partner-europskog-puta-bih","status":"publish","type":"post","link":"https:\/\/www.predsjednikfbih.gov.ba\/index.php\/2025\/10\/28\/predsjednica-bradara-razgovarala-s-veleposlanikom-grannasom-njemacka-ostaje-snazan-partner-europskog-puta-bih\/","title":{"rendered":"Predsjednica Bradara razgovarala s veleposlanikom Grannasom: Njema\u010dka ostaje sna\u017ean partner europskog puta BiH"},"content":{"rendered":"<h4>Predsjednica Federacije BiH Lidija Bradara primila je danas u Sarajevu u nastupni posjet veleposlanika Savezne Republike Njema\u010dke u Bosni i Hercegovini, Alfreda Grannasa. Razgovarano je o europskom putu, politi\u010dkoj stabilnosti, gospodarskoj suradnji kao i drugim va\u017enim temama.<\/h4>\n<p>Veleposlanik Grannas istaknuo je da Njema\u010dka Bosnu i Hercegovinu vidi kao budu\u0107u \u010dlanicu Europske unije te da \u0107e i dalje biti sna\u017ean partner u procesu europskih integracija. Naglasio je va\u017enost Federacije BiH za funkcioniranje dr\u017eave, uz ocjenu da se \u201eu Federaciji odnosno entitetima odvija stvarni \u017eivot i svakodnevna politika\u201c te da je stabilnost institucija Federacije klju\u010dna i za gospodarstvo i za privla\u010denje investicija.<\/p>\n<p>Predsjednica Bradara upoznala je veleposlanika s prioritetima Federacije BiH - o\u010duvanjem ustavnog poretka, ravnomjernim razvojem i dijalogom me\u0111u partnerima u vlasti. \u201eFederacija BiH ostaje \u010dvrsto usmjerena prema stabilnosti, suradnji i europskom putu \u2013 to su na\u0161i zajedni\u010dki ciljevi\u201c, poru\u010dila je predsjednica Bradara. Dodala je da su mir i funkcionalnost Federacije odnosno cijele Bosne i Hercegovine temelj za daljnji gospodarski i dru\u0161tveni napredak.<\/p>\n<p>Posebno je razgovarano o izazovima vezanim uz dr\u017eavnu imovinu i stvaranju povoljnijih uvjeta za ulaganja. Predsjednica Bradara navela je primjere lokalnih zajednica u Federaciji BiH koje bilje\u017ee sna\u017ean razvoj i spremne su za nove investicije, dok je veleposlanik Grannas poru\u010dio da Njema\u010dka podupire reformske procese koji \u0107e donijeti ve\u0107u pravnu sigurnost i predvidivost poslovnog okru\u017eenja.<\/p>\n<p>U dijelu razgovora posve\u0107enom europskim integracijama, istaknuto je da je otvaranje pregovora s Europskom unijom va\u017eno za ja\u010danje doma\u0107ih institucija. Veleposlanik Grannas izrazio je uvjerenje da \u0107e ulazak u pregovara\u010dki proces donijeti novi zamah reformama i onemogu\u0107iti politi\u010dke blokade koje ko\u010de napredak BiH.<\/p>\n<p>Sastanak je zaklju\u010den porukom obostrane spremnosti za nastavak partnerske suradnje izme\u0111u dvije dr\u017eave u ja\u010danju stabilnosti, gospodarskog razvoja i europskog puta Bosne i Hercegovine.<\/p>\n<p><img decoding=\"async\" class=\"alignnone size-large wp-image-3100\" src=\"https:\/\/www.predsjednikfbih.gov.ba\/wp-content\/uploads\/2025\/10\/Predsjednica-Bradara-razgovarala-s-veleposlanikom-Grannasom-Njemacka-ostaje-snazan-partner-europskog-puta-BiH2-1024x683.jpg\" alt=\"\" width=\"1024\" height=\"683\" srcset=\"https:\/\/www.predsjednikfbih.gov.ba\/wp-content\/uploads\/2025\/10\/Predsjednica-Bradara-razgovarala-s-veleposlanikom-Grannasom-Njemacka-ostaje-snazan-partner-europskog-puta-BiH2-1024x683.jpg 1024w, https:\/\/www.predsjednikfbih.gov.ba\/wp-content\/uploads\/2025\/10\/Predsjednica-Bradara-razgovarala-s-veleposlanikom-Grannasom-Njemacka-ostaje-snazan-partner-europskog-puta-BiH2-300x200.jpg 300w, https:\/\/www.predsjednikfbih.gov.ba\/wp-content\/uploads\/2025\/10\/Predsjednica-Bradara-razgovarala-s-veleposlanikom-Grannasom-Njemacka-ostaje-snazan-partner-europskog-puta-BiH2-768x512.jpg 768w, https:\/\/www.predsjednikfbih.gov.ba\/wp-content\/uploads\/2025\/10\/Predsjednica-Bradara-razgovarala-s-veleposlanikom-Grannasom-Njemacka-ostaje-snazan-partner-europskog-puta-BiH2-1536x1024.jpg 1536w, https:\/\/www.predsjednikfbih.gov.ba\/wp-content\/uploads\/2025\/10\/Predsjednica-Bradara-razgovarala-s-veleposlanikom-Grannasom-Njemacka-ostaje-snazan-partner-europskog-puta-BiH2.jpg 1920w\" sizes=\"(max-width: 1024px) 100vw, 1024px\" \/><\/p>\n","protected":false},"excerpt":{"rendered":"<p>Predsjednica Federacije BiH Lidija Bradara primila je danas u Sarajevu u nastupni posjet veleposlanika Savezne [&hellip;]<\/p>\n","protected":false},"author":1,"featured_media":3101,"comment_status":"open","ping_status":"open","sticky":false,"template":"","format":"standard","meta":{"inline_featured_image":false,"footnotes":""},"categories":[3,4,7],"tags":[],"class_list":["post-3099","post","type-post","status-publish","format-standard","has-post-thumbnail","hentry","category-novosti","category-objave","category-priopcenja"],"acf":[],"_links":{"self":[{"href":"https:\/\/www.predsjednikfbih.gov.ba\/index.php\/wp-json\/wp\/v2\/posts\/3099","targetHints":{"allow":["GET"]}}],"collection":[{"href":"https:\/\/www.predsjednikfbih.gov.ba\/index.php\/wp-json\/wp\/v2\/posts"}],"about":[{"href":"https:\/\/www.predsjednikfbih.gov.ba\/index.php\/wp-json\/wp\/v2\/types\/post"}],"author":[{"embeddable":true,"href":"https:\/\/www.predsjednikfbih.gov.ba\/index.php\/wp-json\/wp\/v2\/users\/1"}],"replies":[{"embeddable":true,"href":"https:\/\/www.predsjednikfbih.gov.ba\/index.php\/wp-json\/wp\/v2\/comments?post=3099"}],"version-history":[{"count":2,"href":"https:\/\/www.predsjednikfbih.gov.ba\/index.php\/wp-json\/wp\/v2\/posts\/3099\/revisions"}],"predecessor-version":[{"id":3104,"href":"https:\/\/www.predsjednikfbih.gov.ba\/index.php\/wp-json\/wp\/v2\/posts\/3099\/revisions\/3104"}],"wp:featuredmedia":[{"embeddable":true,"href":"https:\/\/www.predsjednikfbih.gov.ba\/index.php\/wp-json\/wp\/v2\/media\/3101"}],"wp:attachment":[{"href":"https:\/\/www.predsjednikfbih.gov.ba\/index.php\/wp-json\/wp\/v2\/media?parent=3099"}],"wp:term":[{"taxonomy":"category","embeddable":true,"href":"https:\/\/www.predsjednikfbih.gov.ba\/index.php\/wp-json\/wp\/v2\/categories?post=3099"},{"taxonomy":"post_tag","embeddable":true,"href":"https:\/\/www.predsjednikfbih.gov.ba\/index.php\/wp-json\/wp\/v2\/tags?post=3099"}],"curies":[{"name":"wp","href":"https:\/\/api.w.org\/{rel}","templated":true}]}}