{"id":3081,"date":"2025-10-23T11:45:51","date_gmt":"2025-10-23T11:45:51","guid":{"rendered":"https:\/\/www.predsjednikfbih.gov.ba\/?p=3081"},"modified":"2025-10-23T11:47:09","modified_gmt":"2025-10-23T11:47:09","slug":"nova-zgrada-doma-zdravlja-kiseljak-svecano-otvorena","status":"publish","type":"post","link":"https:\/\/www.predsjednikfbih.gov.ba\/index.php\/2025\/10\/23\/nova-zgrada-doma-zdravlja-kiseljak-svecano-otvorena\/","title":{"rendered":"Nova zgrada Doma zdravlja Kiseljak sve\u010dano otvorena"},"content":{"rendered":"<h4>\u201eBit \u0107emo uz Hrvate u BiH i ubudu\u0107e\u201c, poru\u010dila je ministrica zdravstva RH Hrsti\u0107; \u201eOvo nije samo zgrada, nego zajedni\u0161tvo i fokus na \u010dovjeka\u201c, istaknula je predsjednica Bradara<\/h4>\n<p>Sve\u010danim presijecanjem vrpce danas je otvorena nova zgrada Doma zdravlja Kiseljak. Vrpcu su presjekli predsjednik dr. Dragan \u010covi\u0107, predsjednica FBiH Lidija Bradara, ministrica zdravstva RH dr. sc. Irena Hrsti\u0107 i dr\u017eavni tajnik Sredi\u0161njeg dr\u017eavnog ureda za Hrvate izvan RH Zvonko Milas, zajedno s doma\u0107inima sve\u010danosti - na\u010delnikom Op\u0107ine Kiseljak Mladenom Mi\u0161uri\u0107em Ramljakom i direktorom Doma zdravlja dr. Ninom Babanom. Nova zgrada Doma zdravlja Kiseljak vi\u0161emilijunski je projekt koji je rastao iz zajedni\u0161tva, ustrajnosti i partnerstva op\u0107inskih, \u017eupanijskih i federalnih razina, uz iznimnu pomo\u0107 Republike Hrvatske.<\/p>\n<p><img decoding=\"async\" class=\"alignnone size-large wp-image-3095\" src=\"https:\/\/www.predsjednikfbih.gov.ba\/wp-content\/uploads\/2025\/10\/dom-zdravlja-1024x683.jpeg\" alt=\"\" width=\"1024\" height=\"683\" srcset=\"https:\/\/www.predsjednikfbih.gov.ba\/wp-content\/uploads\/2025\/10\/dom-zdravlja-1024x683.jpeg 1024w, https:\/\/www.predsjednikfbih.gov.ba\/wp-content\/uploads\/2025\/10\/dom-zdravlja-300x200.jpeg 300w, https:\/\/www.predsjednikfbih.gov.ba\/wp-content\/uploads\/2025\/10\/dom-zdravlja-768x512.jpeg 768w, https:\/\/www.predsjednikfbih.gov.ba\/wp-content\/uploads\/2025\/10\/dom-zdravlja-1536x1024.jpeg 1536w, https:\/\/www.predsjednikfbih.gov.ba\/wp-content\/uploads\/2025\/10\/dom-zdravlja.jpeg 2048w\" sizes=\"(max-width: 1024px) 100vw, 1024px\" \/><\/p>\n<p>\u201eOvaj objekt nadilazi uobi\u010dajene standarde primarne zdravstvene za\u0161tite - po funkcionalnosti i opremi u mnogo\u010demu je na razini manje bolnice. Ono \u0161to me posebno raduje jest potpuna digitalizacija: bez papirnih kartona, s umre\u017eenim dijagnosti\u010dkim ure\u0111ajima i dostupno\u0161\u0107u nalaza lije\u010dnicima u realnom vremenu. Takav sustav ne ubrzava samo proceduru, nego podi\u017ee sigurnost i kvalitetu lije\u010denja. Zahvaljujem svima koji su \u0161est godina stvarali mre\u017eu ljudi i institucija oko ovog projekta - od ideje i projektiranja do nadzora i opremanja\u201c, istaknuo je predsjednik dr. Dragan \u010covi\u0107.<\/p>\n<p>Sli\u010dno je potvrdila i doc. dr. sc. Irena Hrsti\u0107, ministrica zdravstva RH: \u201eInstitucije Republike Hrvatske - s Vladom i predsjednikom Vlade Andrejem Plenkovi\u0107em - pru\u017eale su i pru\u017eat \u0107e sna\u017enu potporu zdravstvenim projektima va\u017enim za Hrvate u Bosni i Hercegovini. Ponosni smo \u0161to je upravo kontinuirana, vi\u0161egodi\u0161nja suradnja omogu\u0107ila zavr\u0161etak ove suvremene ustanove. Nastavljamo raditi na novim programima potpore, od stru\u010dnog usavr\u0161avanja do opremanja, kako bismo zajedno podizali standarde skrbi.\u201c<\/p>\n<p>Lidija Bradara, predsjednica Federacije BiH, govorila je o zna\u010daju novootvorene ustanove: \u201eOvo nije samo zgrada - iza nje stoje snovi, rad i zajedni\u0161tvo. Uklju\u010dene su sve razine vlasti u BiH, uz sna\u017eno partnerstvo Republike Hrvatske. Na\u0161 je zadatak ovaj prostor ispuniti kvalitetnim sadr\u017eajima: ja\u010dati preventivu, razvijati specijalisti\u010dke djelatnosti i odr\u017eati fokus na \u010dovjeku. Pozivam na\u0161e op\u0107ine i ustanove: planirajte, projektirajte, imajte viziju - potpora vi\u0161ih razina vlasti ne\u0107e izostati. U zdravstvu je povezanost sustava presudna: domovi zdravlja moraju biti \u010dvrsto povezani s bolnicama i klini\u010dkim centrima, jer ljudski \u017eivot nema cijenu.\u201c<\/p>\n<p>Vlada RH pru\u017eila je ponajve\u0107u pomo\u0107 kroz Sredi\u0161nji dr\u017eavni ured za Hrvate izvan RH. Zvonko Milas, dr\u017eavni tajnik Sredi\u0161njeg dr\u017eavnog ureda za Hrvate izvan RH, naglasio je va\u017enost ostanka i boljeg \u017eivota: \u201eSudjelovanje Republike Hrvatske u ovakvim projektima nije samo pomo\u0107 u gradnji - to je ulaganje u ostanak ljudi i kvalitetu \u017eivota. Nova ustanova donosi pouzdanu skrb, ali i radna mjesta te osje\u0107aj sigurnosti zajednice. \u010cestitam svima, od ideje do zavr\u0161nih radova - rezultat je moderan objekt koji \u0107e slu\u017eiti generacijama.\u201c<\/p>\n<p>Uz gore spomenute, na dana\u0161njoj sve\u010danosti nazo\u010dili su i brojni drugi du\u017enosnici: zastupnica u PS BiH Darijana Filipovi\u0107, ministar pravde BiH Davor Bunoza, federalni ministar financija Toni Kraljevi\u0107, federalna ministrica okoli\u0161a i turizma Nasiha Pozder te federalni ministar prostornog ure\u0111enja \u017deljko Nedi\u0107, potpredsjednik Republike Srpske Davor Pranji\u0107, du\u017enosnici \u017dupanije Sredi\u0161nja Bosna predvo\u0111eni Radojom Vidovi\u0107em, \u017eupanijski ministar zdravstva i socijalne politike Anto Mati\u0107 i ministrica financija \u017dSB Mirjana Plav\u010di\u0107, ravnatelji ve\u0107ih bolnica i domova zdravlja te predstavnici ministarstava i institucija iz Republike Hrvatske. Sve\u010danost su predvodili direktor DZ Kiseljak dr. Nino Baban i na\u010delnik Op\u0107ine Kiseljak Mladen Mi\u0161uri\u0107 Ramljak.<\/p>\n<p>\u201eOd prvog dana \u017eeljeli smo monumentalnu, ali toplu zgradu - da svaki \u010dovjek koji do\u0111e u brizi i bolesti osjeti da je na mjestu gdje \u0107e dobiti pomo\u0107. Ponosni smo \u0161to je najve\u0107i dio posla odra\u0111en doma\u0107im snagama kroz vi\u0161e od 30 izvo\u0111a\u010da. Nastavljamo odmah dalje: ve\u0107 sljede\u0107e godine kre\u0107emo u rekonstrukciju podru\u010dnih ambulanti, prvo Lepenice, kako bismo standarde sredi\u0161njeg objekta preslikali na \u010ditavu op\u0107inu\u201c, rekao je doma\u0107in sve\u010danosti, uz ravnatelja DZ Kiseljak dr. Ninu Babana, na\u010delnik Kiseljaka Mladen Mi\u0161uri\u0107 Ramljak. Sli\u010dno je potvrdio i ravnatelj dr. Baban: \u201ePacijent \u0107e u jednoj zgradi dobiti vi\u0161e usluga uz kra\u0107e vrijeme \u010dekanja i jasnu putanju kroz sustav. Digitalni kartoni, integrirana dijagnostika i bolja koordinacija s bolnicama olak\u0161at \u0107e rad timova obiteljske medicine i pove\u0107ati sigurnost skrbi. Na\u0161 je cilj sljede\u0107ih mjeseci dodatno opremiti pojedine slu\u017ebe i poja\u010dati kadrovske kapacitete.\u201c<\/p>\n<p>Zgrada je gra\u0111ena \u0161est godina, uz najve\u0107i financijski doprinos Vlade Republike Hrvatske kroz vi\u0161e ministarstava te potporu svih razina vlasti u BiH \u2013 op\u0107inske, \u017eupanijske i federalne. Projekt su izveli doma\u0107i izvo\u0111a\u010di prema arhitektonskom rje\u0161enju Nikole Grube\u0161i\u0107a. Novi objekt osmi\u0161ljen je kao u potpunosti digitaliziran sustav: e-kartoni, povezani dijagnosti\u010dki ure\u0111aji i razmjena nalaza u stvarnom vremenu skra\u0107uju postupke i rastere\u0107uju osoblje. Ure\u0111enje i oprema podi\u017eu standard primarne za\u0161tite, a funkcionalnost objekta u mnogim segmentima dosti\u017ee razinu manje bolnice. Posebna je pozornost posve\u0107ena pristupa\u010dnosti i proto\u010dnosti pacijenata.<\/p>\n<p>Otvorenje nove zgrade donosi konkretnu dobit pacijentima: vi\u0161e usluga na jednom mjestu, kra\u0107e liste \u010dekanja, bolju koordinaciju s bolnicama i klini\u010dkim centrima te ja\u010di naglasak na prevenciji i skrbi u zajednici. U idu\u0107oj fazi planirana je dodatna oprema pojedinih slu\u017ebi i ulaganja u kadrove, uz nastavak potpore partnera iz BiH i Republike Hrvatske.<\/p>\n<p><img decoding=\"async\" class=\"alignnone size-large wp-image-3090\" src=\"https:\/\/www.predsjednikfbih.gov.ba\/wp-content\/uploads\/2025\/10\/Svecano-otvorenje-novog-Doma-zdravlja-u-Kiseljaku-15-683x1024.jpg\" alt=\"\" width=\"683\" height=\"1024\" srcset=\"https:\/\/www.predsjednikfbih.gov.ba\/wp-content\/uploads\/2025\/10\/Svecano-otvorenje-novog-Doma-zdravlja-u-Kiseljaku-15-683x1024.jpg 683w, https:\/\/www.predsjednikfbih.gov.ba\/wp-content\/uploads\/2025\/10\/Svecano-otvorenje-novog-Doma-zdravlja-u-Kiseljaku-15-200x300.jpg 200w, https:\/\/www.predsjednikfbih.gov.ba\/wp-content\/uploads\/2025\/10\/Svecano-otvorenje-novog-Doma-zdravlja-u-Kiseljaku-15-768x1152.jpg 768w, https:\/\/www.predsjednikfbih.gov.ba\/wp-content\/uploads\/2025\/10\/Svecano-otvorenje-novog-Doma-zdravlja-u-Kiseljaku-15-1024x1536.jpg 1024w, https:\/\/www.predsjednikfbih.gov.ba\/wp-content\/uploads\/2025\/10\/Svecano-otvorenje-novog-Doma-zdravlja-u-Kiseljaku-15.jpg 1280w\" sizes=\"(max-width: 683px) 100vw, 683px\" \/> <img decoding=\"async\" class=\"alignnone size-large wp-image-3092\" src=\"https:\/\/www.predsjednikfbih.gov.ba\/wp-content\/uploads\/2025\/10\/Svecano-otvorenje-novog-Doma-zdravlja-u-Kiseljaku-6-1024x683.jpg\" alt=\"\" width=\"1024\" height=\"683\" srcset=\"https:\/\/www.predsjednikfbih.gov.ba\/wp-content\/uploads\/2025\/10\/Svecano-otvorenje-novog-Doma-zdravlja-u-Kiseljaku-6-1024x683.jpg 1024w, https:\/\/www.predsjednikfbih.gov.ba\/wp-content\/uploads\/2025\/10\/Svecano-otvorenje-novog-Doma-zdravlja-u-Kiseljaku-6-300x200.jpg 300w, https:\/\/www.predsjednikfbih.gov.ba\/wp-content\/uploads\/2025\/10\/Svecano-otvorenje-novog-Doma-zdravlja-u-Kiseljaku-6-768x512.jpg 768w, https:\/\/www.predsjednikfbih.gov.ba\/wp-content\/uploads\/2025\/10\/Svecano-otvorenje-novog-Doma-zdravlja-u-Kiseljaku-6-1536x1024.jpg 1536w, https:\/\/www.predsjednikfbih.gov.ba\/wp-content\/uploads\/2025\/10\/Svecano-otvorenje-novog-Doma-zdravlja-u-Kiseljaku-6.jpg 1920w\" sizes=\"(max-width: 1024px) 100vw, 1024px\" \/> <img decoding=\"async\" class=\"alignnone size-large wp-image-3093\" src=\"https:\/\/www.predsjednikfbih.gov.ba\/wp-content\/uploads\/2025\/10\/Svecano-otvorenje-novog-Doma-zdravlja-u-Kiseljaku-4-1024x569.jpg\" alt=\"\" width=\"1024\" height=\"569\" srcset=\"https:\/\/www.predsjednikfbih.gov.ba\/wp-content\/uploads\/2025\/10\/Svecano-otvorenje-novog-Doma-zdravlja-u-Kiseljaku-4-1024x569.jpg 1024w, https:\/\/www.predsjednikfbih.gov.ba\/wp-content\/uploads\/2025\/10\/Svecano-otvorenje-novog-Doma-zdravlja-u-Kiseljaku-4-300x167.jpg 300w, https:\/\/www.predsjednikfbih.gov.ba\/wp-content\/uploads\/2025\/10\/Svecano-otvorenje-novog-Doma-zdravlja-u-Kiseljaku-4-768x426.jpg 768w, https:\/\/www.predsjednikfbih.gov.ba\/wp-content\/uploads\/2025\/10\/Svecano-otvorenje-novog-Doma-zdravlja-u-Kiseljaku-4-1536x853.jpg 1536w, https:\/\/www.predsjednikfbih.gov.ba\/wp-content\/uploads\/2025\/10\/Svecano-otvorenje-novog-Doma-zdravlja-u-Kiseljaku-4.jpg 1920w\" sizes=\"(max-width: 1024px) 100vw, 1024px\" \/> <img decoding=\"async\" class=\"alignnone size-large wp-image-3083\" src=\"https:\/\/www.predsjednikfbih.gov.ba\/wp-content\/uploads\/2025\/10\/Svecano-otvorenje-novog-Doma-zdravlja-u-Kiseljaku-21-1024x683.jpg\" alt=\"\" width=\"1024\" height=\"683\" srcset=\"https:\/\/www.predsjednikfbih.gov.ba\/wp-content\/uploads\/2025\/10\/Svecano-otvorenje-novog-Doma-zdravlja-u-Kiseljaku-21-1024x683.jpg 1024w, https:\/\/www.predsjednikfbih.gov.ba\/wp-content\/uploads\/2025\/10\/Svecano-otvorenje-novog-Doma-zdravlja-u-Kiseljaku-21-300x200.jpg 300w, https:\/\/www.predsjednikfbih.gov.ba\/wp-content\/uploads\/2025\/10\/Svecano-otvorenje-novog-Doma-zdravlja-u-Kiseljaku-21-768x512.jpg 768w, https:\/\/www.predsjednikfbih.gov.ba\/wp-content\/uploads\/2025\/10\/Svecano-otvorenje-novog-Doma-zdravlja-u-Kiseljaku-21-1536x1024.jpg 1536w, https:\/\/www.predsjednikfbih.gov.ba\/wp-content\/uploads\/2025\/10\/Svecano-otvorenje-novog-Doma-zdravlja-u-Kiseljaku-21.jpg 1920w\" sizes=\"(max-width: 1024px) 100vw, 1024px\" \/> <img decoding=\"async\" class=\"alignnone size-large wp-image-3084\" src=\"https:\/\/www.predsjednikfbih.gov.ba\/wp-content\/uploads\/2025\/10\/Svecano-otvorenje-novog-Doma-zdravlja-u-Kiseljaku-30-1024x768.jpg\" alt=\"\" width=\"1024\" height=\"768\" srcset=\"https:\/\/www.predsjednikfbih.gov.ba\/wp-content\/uploads\/2025\/10\/Svecano-otvorenje-novog-Doma-zdravlja-u-Kiseljaku-30-1024x768.jpg 1024w, https:\/\/www.predsjednikfbih.gov.ba\/wp-content\/uploads\/2025\/10\/Svecano-otvorenje-novog-Doma-zdravlja-u-Kiseljaku-30-300x225.jpg 300w, https:\/\/www.predsjednikfbih.gov.ba\/wp-content\/uploads\/2025\/10\/Svecano-otvorenje-novog-Doma-zdravlja-u-Kiseljaku-30-768x576.jpg 768w, https:\/\/www.predsjednikfbih.gov.ba\/wp-content\/uploads\/2025\/10\/Svecano-otvorenje-novog-Doma-zdravlja-u-Kiseljaku-30-1536x1152.jpg 1536w, https:\/\/www.predsjednikfbih.gov.ba\/wp-content\/uploads\/2025\/10\/Svecano-otvorenje-novog-Doma-zdravlja-u-Kiseljaku-30.jpg 1920w\" sizes=\"(max-width: 1024px) 100vw, 1024px\" \/> <img decoding=\"async\" class=\"alignnone size-large wp-image-3087\" src=\"https:\/\/www.predsjednikfbih.gov.ba\/wp-content\/uploads\/2025\/10\/Svecano-otvorenje-novog-Doma-zdravlja-u-Kiseljaku-18-1024x683.jpg\" alt=\"\" width=\"1024\" height=\"683\" srcset=\"https:\/\/www.predsjednikfbih.gov.ba\/wp-content\/uploads\/2025\/10\/Svecano-otvorenje-novog-Doma-zdravlja-u-Kiseljaku-18-1024x683.jpg 1024w, https:\/\/www.predsjednikfbih.gov.ba\/wp-content\/uploads\/2025\/10\/Svecano-otvorenje-novog-Doma-zdravlja-u-Kiseljaku-18-300x200.jpg 300w, https:\/\/www.predsjednikfbih.gov.ba\/wp-content\/uploads\/2025\/10\/Svecano-otvorenje-novog-Doma-zdravlja-u-Kiseljaku-18-768x512.jpg 768w, https:\/\/www.predsjednikfbih.gov.ba\/wp-content\/uploads\/2025\/10\/Svecano-otvorenje-novog-Doma-zdravlja-u-Kiseljaku-18-1536x1024.jpg 1536w, https:\/\/www.predsjednikfbih.gov.ba\/wp-content\/uploads\/2025\/10\/Svecano-otvorenje-novog-Doma-zdravlja-u-Kiseljaku-18.jpg 1920w\" sizes=\"(max-width: 1024px) 100vw, 1024px\" \/> <img decoding=\"async\" class=\"alignnone size-large wp-image-3085\" src=\"https:\/\/www.predsjednikfbih.gov.ba\/wp-content\/uploads\/2025\/10\/Svecano-otvorenje-novog-Doma-zdravlja-u-Kiseljaku-25-1024x683.jpg\" alt=\"\" width=\"1024\" height=\"683\" srcset=\"https:\/\/www.predsjednikfbih.gov.ba\/wp-content\/uploads\/2025\/10\/Svecano-otvorenje-novog-Doma-zdravlja-u-Kiseljaku-25-1024x683.jpg 1024w, https:\/\/www.predsjednikfbih.gov.ba\/wp-content\/uploads\/2025\/10\/Svecano-otvorenje-novog-Doma-zdravlja-u-Kiseljaku-25-300x200.jpg 300w, https:\/\/www.predsjednikfbih.gov.ba\/wp-content\/uploads\/2025\/10\/Svecano-otvorenje-novog-Doma-zdravlja-u-Kiseljaku-25-768x512.jpg 768w, https:\/\/www.predsjednikfbih.gov.ba\/wp-content\/uploads\/2025\/10\/Svecano-otvorenje-novog-Doma-zdravlja-u-Kiseljaku-25-1536x1024.jpg 1536w, https:\/\/www.predsjednikfbih.gov.ba\/wp-content\/uploads\/2025\/10\/Svecano-otvorenje-novog-Doma-zdravlja-u-Kiseljaku-25.jpg 1920w\" sizes=\"(max-width: 1024px) 100vw, 1024px\" \/> <img decoding=\"async\" class=\"alignnone size-large wp-image-3088\" src=\"https:\/\/www.predsjednikfbih.gov.ba\/wp-content\/uploads\/2025\/10\/Svecano-otvorenje-novog-Doma-zdravlja-u-Kiseljaku-23-1024x683.jpg\" alt=\"\" width=\"1024\" height=\"683\" srcset=\"https:\/\/www.predsjednikfbih.gov.ba\/wp-content\/uploads\/2025\/10\/Svecano-otvorenje-novog-Doma-zdravlja-u-Kiseljaku-23-1024x683.jpg 1024w, https:\/\/www.predsjednikfbih.gov.ba\/wp-content\/uploads\/2025\/10\/Svecano-otvorenje-novog-Doma-zdravlja-u-Kiseljaku-23-300x200.jpg 300w, https:\/\/www.predsjednikfbih.gov.ba\/wp-content\/uploads\/2025\/10\/Svecano-otvorenje-novog-Doma-zdravlja-u-Kiseljaku-23-768x512.jpg 768w, https:\/\/www.predsjednikfbih.gov.ba\/wp-content\/uploads\/2025\/10\/Svecano-otvorenje-novog-Doma-zdravlja-u-Kiseljaku-23-1536x1024.jpg 1536w, https:\/\/www.predsjednikfbih.gov.ba\/wp-content\/uploads\/2025\/10\/Svecano-otvorenje-novog-Doma-zdravlja-u-Kiseljaku-23.jpg 1920w\" sizes=\"(max-width: 1024px) 100vw, 1024px\" \/> <img decoding=\"async\" class=\"alignnone size-large wp-image-3086\" src=\"https:\/\/www.predsjednikfbih.gov.ba\/wp-content\/uploads\/2025\/10\/Svecano-otvorenje-novog-Doma-zdravlja-u-Kiseljaku-24-683x1024.jpg\" alt=\"\" width=\"683\" height=\"1024\" srcset=\"https:\/\/www.predsjednikfbih.gov.ba\/wp-content\/uploads\/2025\/10\/Svecano-otvorenje-novog-Doma-zdravlja-u-Kiseljaku-24-683x1024.jpg 683w, https:\/\/www.predsjednikfbih.gov.ba\/wp-content\/uploads\/2025\/10\/Svecano-otvorenje-novog-Doma-zdravlja-u-Kiseljaku-24-200x300.jpg 200w, https:\/\/www.predsjednikfbih.gov.ba\/wp-content\/uploads\/2025\/10\/Svecano-otvorenje-novog-Doma-zdravlja-u-Kiseljaku-24-768x1152.jpg 768w, https:\/\/www.predsjednikfbih.gov.ba\/wp-content\/uploads\/2025\/10\/Svecano-otvorenje-novog-Doma-zdravlja-u-Kiseljaku-24-1024x1536.jpg 1024w, https:\/\/www.predsjednikfbih.gov.ba\/wp-content\/uploads\/2025\/10\/Svecano-otvorenje-novog-Doma-zdravlja-u-Kiseljaku-24.jpg 1280w\" sizes=\"(max-width: 683px) 100vw, 683px\" \/> <img decoding=\"async\" class=\"alignnone size-large wp-image-3091\" src=\"https:\/\/www.predsjednikfbih.gov.ba\/wp-content\/uploads\/2025\/10\/Svecano-otvorenje-novog-Doma-zdravlja-u-Kiseljaku-16-1024x558.jpg\" alt=\"\" width=\"1024\" height=\"558\" srcset=\"https:\/\/www.predsjednikfbih.gov.ba\/wp-content\/uploads\/2025\/10\/Svecano-otvorenje-novog-Doma-zdravlja-u-Kiseljaku-16-1024x558.jpg 1024w, https:\/\/www.predsjednikfbih.gov.ba\/wp-content\/uploads\/2025\/10\/Svecano-otvorenje-novog-Doma-zdravlja-u-Kiseljaku-16-300x164.jpg 300w, https:\/\/www.predsjednikfbih.gov.ba\/wp-content\/uploads\/2025\/10\/Svecano-otvorenje-novog-Doma-zdravlja-u-Kiseljaku-16-768x419.jpg 768w, https:\/\/www.predsjednikfbih.gov.ba\/wp-content\/uploads\/2025\/10\/Svecano-otvorenje-novog-Doma-zdravlja-u-Kiseljaku-16-1536x838.jpg 1536w, https:\/\/www.predsjednikfbih.gov.ba\/wp-content\/uploads\/2025\/10\/Svecano-otvorenje-novog-Doma-zdravlja-u-Kiseljaku-16.jpg 1920w\" sizes=\"(max-width: 1024px) 100vw, 1024px\" \/> <img decoding=\"async\" class=\"alignnone size-large wp-image-3082\" src=\"https:\/\/www.predsjednikfbih.gov.ba\/wp-content\/uploads\/2025\/10\/Svecano-otvorenje-novog-Doma-zdravlja-u-Kiseljaku-34-1024x768.jpg\" alt=\"\" width=\"1024\" height=\"768\" srcset=\"https:\/\/www.predsjednikfbih.gov.ba\/wp-content\/uploads\/2025\/10\/Svecano-otvorenje-novog-Doma-zdravlja-u-Kiseljaku-34-1024x768.jpg 1024w, https:\/\/www.predsjednikfbih.gov.ba\/wp-content\/uploads\/2025\/10\/Svecano-otvorenje-novog-Doma-zdravlja-u-Kiseljaku-34-300x225.jpg 300w, https:\/\/www.predsjednikfbih.gov.ba\/wp-content\/uploads\/2025\/10\/Svecano-otvorenje-novog-Doma-zdravlja-u-Kiseljaku-34-768x576.jpg 768w, https:\/\/www.predsjednikfbih.gov.ba\/wp-content\/uploads\/2025\/10\/Svecano-otvorenje-novog-Doma-zdravlja-u-Kiseljaku-34-1536x1152.jpg 1536w, https:\/\/www.predsjednikfbih.gov.ba\/wp-content\/uploads\/2025\/10\/Svecano-otvorenje-novog-Doma-zdravlja-u-Kiseljaku-34.jpg 1920w\" sizes=\"(max-width: 1024px) 100vw, 1024px\" \/><\/p>\n","protected":false},"excerpt":{"rendered":"<p>\u201eBit \u0107emo uz Hrvate u BiH i ubudu\u0107e\u201c, poru\u010dila je ministrica zdravstva RH Hrsti\u0107; \u201eOvo [&hellip;]<\/p>\n","protected":false},"author":1,"featured_media":3083,"comment_status":"open","ping_status":"open","sticky":false,"template":"","format":"standard","meta":{"inline_featured_image":false,"footnotes":""},"categories":[3,4,7],"tags":[],"class_list":["post-3081","post","type-post","status-publish","format-standard","has-post-thumbnail","hentry","category-novosti","category-objave","category-priopcenja"],"acf":[],"_links":{"self":[{"href":"https:\/\/www.predsjednikfbih.gov.ba\/index.php\/wp-json\/wp\/v2\/posts\/3081","targetHints":{"allow":["GET"]}}],"collection":[{"href":"https:\/\/www.predsjednikfbih.gov.ba\/index.php\/wp-json\/wp\/v2\/posts"}],"about":[{"href":"https:\/\/www.predsjednikfbih.gov.ba\/index.php\/wp-json\/wp\/v2\/types\/post"}],"author":[{"embeddable":true,"href":"https:\/\/www.predsjednikfbih.gov.ba\/index.php\/wp-json\/wp\/v2\/users\/1"}],"replies":[{"embeddable":true,"href":"https:\/\/www.predsjednikfbih.gov.ba\/index.php\/wp-json\/wp\/v2\/comments?post=3081"}],"version-history":[{"count":3,"href":"https:\/\/www.predsjednikfbih.gov.ba\/index.php\/wp-json\/wp\/v2\/posts\/3081\/revisions"}],"predecessor-version":[{"id":3097,"href":"https:\/\/www.predsjednikfbih.gov.ba\/index.php\/wp-json\/wp\/v2\/posts\/3081\/revisions\/3097"}],"wp:featuredmedia":[{"embeddable":true,"href":"https:\/\/www.predsjednikfbih.gov.ba\/index.php\/wp-json\/wp\/v2\/media\/3083"}],"wp:attachment":[{"href":"https:\/\/www.predsjednikfbih.gov.ba\/index.php\/wp-json\/wp\/v2\/media?parent=3081"}],"wp:term":[{"taxonomy":"category","embeddable":true,"href":"https:\/\/www.predsjednikfbih.gov.ba\/index.php\/wp-json\/wp\/v2\/categories?post=3081"},{"taxonomy":"post_tag","embeddable":true,"href":"https:\/\/www.predsjednikfbih.gov.ba\/index.php\/wp-json\/wp\/v2\/tags?post=3081"}],"curies":[{"name":"wp","href":"https:\/\/api.w.org\/{rel}","templated":true}]}}