{"id":3064,"date":"2025-10-21T10:48:44","date_gmt":"2025-10-21T10:48:44","guid":{"rendered":"https:\/\/www.predsjednikfbih.gov.ba\/?p=3064"},"modified":"2025-10-21T10:48:44","modified_gmt":"2025-10-21T10:48:44","slug":"predsjednica-bradara-otvorila-manifestaciju-100-najvecih-u-bih-i-regiji-i-100-expo-sajam-gospodarstva","status":"publish","type":"post","link":"https:\/\/www.predsjednikfbih.gov.ba\/index.php\/2025\/10\/21\/predsjednica-bradara-otvorila-manifestaciju-100-najvecih-u-bih-i-regiji-i-100-expo-sajam-gospodarstva\/","title":{"rendered":"Predsjednica Bradara otvorila manifestaciju \u201e100 najve\u0107ih u BiH i regiji\u201c i 100 EXPO sajam gospodarstva"},"content":{"rendered":"<h4><span style=\"-webkit-text-size-adjust: 100%;\">U Sarajevu je danas sve\u010dano otvorena manifestacija i konferencija \u201e100 najve\u0107ih u BiH i regiji\u201c te 100 EXPO -Me\u0111unarodni sajam gospodarstva i konferencija, koje tradicionalno organiziraju Poslovne novine iz Sarajeva u suradnji s Vanjskotrgovinskom komorom Bosne i Hercegovine.<\/span><\/h4>\n<p>Otvaraju\u0107i manifestaciju, predsjednica Federacije BiH Lidija Bradara naglasila je kako su ovakvi doga\u0111aji va\u017eni za razvoj poduzetni\u0161tva, ali i za stvaranje ozra\u010dja zajedni\u0161tva i povjerenja u doma\u0107u ekonomiju.<\/p>\n<p>\u201eProjekt \u2018100 najve\u0107ih u BiH i regiji\u2019 desetlje\u0107ima mjeri uspjeh na\u0161ih poduze\u0107a, ali ono \u0161to danas vidimo kroz 100 EXPO jest njegov suvremeniji oblik - susret ekonomskih lidera, investitora i institucija u kojem se gradi prostor povjerenja i zajedni\u010dkog djelovanja\u201c, istaknula je Bradara.<\/p>\n<p>Dodala je kako je dobro \u0161to u BiH raste broj gospodarskih doga\u0111aja, konferencija i sajmova, jer se time fokus javnosti preusmjerava s politi\u010dkih rasprava na uspje\u0161ne poslovne pri\u010de i teme koje donose konkretan napredak.<\/p>\n<p>\u201eFederacija BiH, kroz svoje institucije i razvojne fondove, nastavlja podupirati doma\u0107u proizvodnju, inovacije, izvoz i zapo\u0161ljavanje. No, ni jedan zakon, ni jedna uredba, ni jedan plan ne mogu imati u\u010dinka bez poduzetni\u010dkog duha koji pokre\u0107e na\u0161u ekonomiju\u201c, poru\u010dila je predsjednica.<\/p>\n<p><img decoding=\"async\" class=\"alignnone size-large wp-image-3068\" src=\"https:\/\/www.predsjednikfbih.gov.ba\/wp-content\/uploads\/2025\/10\/DSC08955-1024x785.jpeg\" alt=\"\" width=\"1024\" height=\"785\" srcset=\"https:\/\/www.predsjednikfbih.gov.ba\/wp-content\/uploads\/2025\/10\/DSC08955-1024x785.jpeg 1024w, https:\/\/www.predsjednikfbih.gov.ba\/wp-content\/uploads\/2025\/10\/DSC08955-300x230.jpeg 300w, https:\/\/www.predsjednikfbih.gov.ba\/wp-content\/uploads\/2025\/10\/DSC08955-768x589.jpeg 768w, https:\/\/www.predsjednikfbih.gov.ba\/wp-content\/uploads\/2025\/10\/DSC08955-1536x1178.jpeg 1536w, https:\/\/www.predsjednikfbih.gov.ba\/wp-content\/uploads\/2025\/10\/DSC08955.jpeg 1920w\" sizes=\"(max-width: 1024px) 100vw, 1024px\" \/><\/p>\n<p>Bradara je posebno istaknula raznolikost ovogodi\u0161nje ponude izlaga\u010da, me\u0111u kojima su mljekara Pa\u0111eni koja po\u010dinje izvoziti u SAD, zatim proizvodnja prvih bosanskohercegova\u010dkih \u010detkica za zube, inovativno poduze\u0107e Bi iz Prijedora te doma\u0107i brend \u017eenskih torbi Amreeta.<\/p>\n<p>\u201eUpravo ta raznolikost i inovativnost potvr\u0111uju koliko je na\u0161e gospodarstvo spremno za nova tr\u017ei\u0161ta i suradnje\u201c, dodala je.<\/p>\n<p><img decoding=\"async\" class=\"alignnone size-large wp-image-3065\" src=\"https:\/\/www.predsjednikfbih.gov.ba\/wp-content\/uploads\/2025\/10\/DSC09079-1024x715.jpeg\" alt=\"\" width=\"1024\" height=\"715\" srcset=\"https:\/\/www.predsjednikfbih.gov.ba\/wp-content\/uploads\/2025\/10\/DSC09079-1024x715.jpeg 1024w, https:\/\/www.predsjednikfbih.gov.ba\/wp-content\/uploads\/2025\/10\/DSC09079-300x210.jpeg 300w, https:\/\/www.predsjednikfbih.gov.ba\/wp-content\/uploads\/2025\/10\/DSC09079-768x536.jpeg 768w, https:\/\/www.predsjednikfbih.gov.ba\/wp-content\/uploads\/2025\/10\/DSC09079-1536x1073.jpeg 1536w, https:\/\/www.predsjednikfbih.gov.ba\/wp-content\/uploads\/2025\/10\/DSC09079.jpeg 1920w\" sizes=\"(max-width: 1024px) 100vw, 1024px\" \/><\/p>\n<p>Predsjednica je naglasila i va\u017enost regionalne suradnje, podsjetiv\u0161i da je zemlja partner ovogodi\u0161njeg sajma Srbija, uz sudjelovanje kompanija iz Hrvatske, Crne Gore, Slovenije, Albanije i Sjeverne Makedonije.<\/p>\n<p>\u201eGospodarstvo povezuje ono \u0161to politika ponekad razdvaja. Na tr\u017ei\u0161tu nema granica - ima samo prilika za suradnju i zajedni\u010dki rast\u201c, kazala je Bradara.<\/p>\n<p>Govore\u0107i o izazovima s kojima se gospodarstvo suo\u010dava, predsjednica je istaknula potrebu rje\u0161avanja pitanja dr\u017eavne imovine, nazvav\u0161i ga jednim od glavnih prepreka za lokalne zajednice i investitore.<\/p>\n<p>\u201eO ovome treba razgovarati sve dok se ne prona\u0111e rje\u0161enje, jer bez toga milijarde investicija ostaju neiskori\u0161tene, a upravo one mogu biti pokreta\u010d gospodarskog razvoja\u201c, naglasila je.<\/p>\n<p>Uz predsjednicu Federacije BiH, na otvaranju su govorili direktor Poslovnih novina Emil Ku\u010dkovi\u0107, voditeljica projekta Alena Ahmetspahi\u0107 Fo\u010do te brojni predstavnici institucija i gospodarstvenici. Tijekom trajanja konferencije odr\u017eat \u0107e se brojni paneli i prezentacije posve\u0107ene suradnji, odr\u017eivom razvoju, novim tehnologijama, investicijama i ulozi zaposlenika u modernom poslovanju.<\/p>\n<p><img decoding=\"async\" class=\"alignnone size-large wp-image-3066\" src=\"https:\/\/www.predsjednikfbih.gov.ba\/wp-content\/uploads\/2025\/10\/DSC09062-1024x716.jpeg\" alt=\"\" width=\"1024\" height=\"716\" srcset=\"https:\/\/www.predsjednikfbih.gov.ba\/wp-content\/uploads\/2025\/10\/DSC09062-1024x716.jpeg 1024w, https:\/\/www.predsjednikfbih.gov.ba\/wp-content\/uploads\/2025\/10\/DSC09062-300x210.jpeg 300w, https:\/\/www.predsjednikfbih.gov.ba\/wp-content\/uploads\/2025\/10\/DSC09062-768x537.jpeg 768w, https:\/\/www.predsjednikfbih.gov.ba\/wp-content\/uploads\/2025\/10\/DSC09062-1536x1074.jpeg 1536w, https:\/\/www.predsjednikfbih.gov.ba\/wp-content\/uploads\/2025\/10\/DSC09062.jpeg 1920w\" sizes=\"(max-width: 1024px) 100vw, 1024px\" \/><\/p>\n","protected":false},"excerpt":{"rendered":"<p>U Sarajevu je danas sve\u010dano otvorena manifestacija i konferencija \u201e100 najve\u0107ih u BiH i regiji\u201c [&hellip;]<\/p>\n","protected":false},"author":1,"featured_media":3067,"comment_status":"open","ping_status":"open","sticky":false,"template":"","format":"standard","meta":{"inline_featured_image":false,"footnotes":""},"categories":[3,4,7],"tags":[],"class_list":["post-3064","post","type-post","status-publish","format-standard","has-post-thumbnail","hentry","category-novosti","category-objave","category-priopcenja"],"acf":[],"_links":{"self":[{"href":"https:\/\/www.predsjednikfbih.gov.ba\/index.php\/wp-json\/wp\/v2\/posts\/3064","targetHints":{"allow":["GET"]}}],"collection":[{"href":"https:\/\/www.predsjednikfbih.gov.ba\/index.php\/wp-json\/wp\/v2\/posts"}],"about":[{"href":"https:\/\/www.predsjednikfbih.gov.ba\/index.php\/wp-json\/wp\/v2\/types\/post"}],"author":[{"embeddable":true,"href":"https:\/\/www.predsjednikfbih.gov.ba\/index.php\/wp-json\/wp\/v2\/users\/1"}],"replies":[{"embeddable":true,"href":"https:\/\/www.predsjednikfbih.gov.ba\/index.php\/wp-json\/wp\/v2\/comments?post=3064"}],"version-history":[{"count":1,"href":"https:\/\/www.predsjednikfbih.gov.ba\/index.php\/wp-json\/wp\/v2\/posts\/3064\/revisions"}],"predecessor-version":[{"id":3069,"href":"https:\/\/www.predsjednikfbih.gov.ba\/index.php\/wp-json\/wp\/v2\/posts\/3064\/revisions\/3069"}],"wp:featuredmedia":[{"embeddable":true,"href":"https:\/\/www.predsjednikfbih.gov.ba\/index.php\/wp-json\/wp\/v2\/media\/3067"}],"wp:attachment":[{"href":"https:\/\/www.predsjednikfbih.gov.ba\/index.php\/wp-json\/wp\/v2\/media?parent=3064"}],"wp:term":[{"taxonomy":"category","embeddable":true,"href":"https:\/\/www.predsjednikfbih.gov.ba\/index.php\/wp-json\/wp\/v2\/categories?post=3064"},{"taxonomy":"post_tag","embeddable":true,"href":"https:\/\/www.predsjednikfbih.gov.ba\/index.php\/wp-json\/wp\/v2\/tags?post=3064"}],"curies":[{"name":"wp","href":"https:\/\/api.w.org\/{rel}","templated":true}]}}