{"id":3051,"date":"2025-10-17T12:48:49","date_gmt":"2025-10-17T12:48:49","guid":{"rendered":"https:\/\/www.predsjednikfbih.gov.ba\/?p=3051"},"modified":"2025-10-17T12:48:49","modified_gmt":"2025-10-17T12:48:49","slug":"zajednistvo-nas-je-vodilo-tada-mora-i-danas-poruke-predsjednice-bradara-i-ministra-medveda-iz-viteza-sa-30-obljetnice-operacija-maestral-i-juzni-potez","status":"publish","type":"post","link":"https:\/\/www.predsjednikfbih.gov.ba\/index.php\/2025\/10\/17\/zajednistvo-nas-je-vodilo-tada-mora-i-danas-poruke-predsjednice-bradara-i-ministra-medveda-iz-viteza-sa-30-obljetnice-operacija-maestral-i-juzni-potez\/","title":{"rendered":"\u201eZajedni\u0161tvo nas je vodilo tada, mora i danas\u201c - poruke predsjednice Bradara i ministra Medveda iz Viteza sa 30. obljetnice operacija \u201eMaestral\u201c i \u201eJu\u017eni potez\u201c"},"content":{"rendered":"<h4><span style=\"-webkit-text-size-adjust: 100%;\">U organizaciji Ministarstva hrvatskih branitelja RH, Hrvatskog narodnog sabora BiH i Udruge nositelja ratnih odli\u010dja HVO HB \u017dSB, u Vitezu je sve\u010dano obilje\u017eena 30. obljetnica vojno-redarstvenih operacija \u201eMaestral\u201c i \u201eJu\u017eni potez\u201c. Izaslanstvo HNS-a BiH predvodili su predsjednica Federacije BiH Lidija Bradara i predsjedatelj Zastupni\u010dkog doma PS BiH Marinko \u010cavara, uz zamjenika ministra obrane BiH Slavena Gali\u0107a, ministra branitelja ZH\u017d Mladena Begi\u0107a, du\u017enosnike iz \u017dSB na \u010delu s Radojom Vidovi\u0107em, te na\u010delnika Op\u0107ine Vitez Borisa Marjanovi\u0107a kao doma\u0107ina.<\/span><\/h4>\n<p>Program je zapo\u010deo svetom misom u crkvi sv. Juraja u 11:00 sati, koju je predvodio vite\u0161ki \u017eupnik fra Zoran Mandi\u0107. U svojoj propovijedi fra Mandi\u0107 je istaknuo da \u201ebje\u017eanjem zaboravljamo \u017ertve\u201c te poru\u010dio vjernicima: \u201ePozvani smo graditi bolji \u017eivot za mlade i biti svoji na svome. Danas trebamo svi skupa s ovih susreta razmi\u0161ljati i \u010dvrsto se zavjetovati da \u0107emo raditi na ostvarenju boljih \u017eivotnih uvjeta. Taj zavjet mo\u017eemo ostvariti onako kako su nas stari u\u010dili - za to smo se borili i izborili, za na\u0161e i njihovo bolje sutra.\u201c<\/p>\n<p>Nakon mise uslijedilo je polaganje vijenaca kod spomen-obilje\u017eja ispred zgrade Op\u0107ine Vitez. Sredi\u0161nji dio, sve\u010dana akademija i dodjela zahvalnica postrojbama sudionicama operacija, odr\u017ean je u Hrvatskom domu u Vitezu. Zahvalnice je uru\u010dio umirovljeni general HV-a, potpredsjednik Vlade RH i ministar hrvatskih branitelja Tomo Medved, uz predstavnike HVO-a, OS BiH te obitelji poginulih, ranjenih i nestalih branitelja.<\/p>\n<p>Operacija \u201eMaestral\u201c (8. - 17. rujna 1995.) izvedena je u zapadnoj Bosni uz sudjelovanje HV-a, HVO-a i Armije RBiH, pri \u010demu je oslobo\u0111eno vi\u0161e od 2.500 km\u00b2 teritorija, uklju\u010duju\u0107i Drvar, Jajce, \u0160ipovo, Bosanski Petrovac, Klju\u010d i Bosansku Krupu. Uslijedila je operacija \u201eJu\u017eni potez\u201c (8.- 15. listopada 1995.), posljednja u nizu pobjedonosnih akcija hrvatskih snaga, koja je omogu\u0107ila napredovanje prema Banjoj Luci, na svega 23 kilometra od grada.<\/p>\n<p>Tomo Medved podsjetio je na strate\u0161ki zna\u010daj operacija i politi\u010dko jedinstvo koje ih je omogu\u0107ilo: \u201eRaduje me da smo danas u zajedni\u0161tvu u srcu Bosne i Hercegovine, kao \u0161to smo bili i u Domovinskom ratu. Operacije koje slavimo donijele su mir Republici Hrvatskoj i Bosni i Hercegovini.\u201c<\/p>\n<p>Dodao je da je \u201eMaestral\u201c proveden na temeljima Splitske deklaracije, isti\u010du\u0107i \u201eposebnu zaslugu prvog hrvatskog predsjednika dr. Franje Tu\u0111mana i ratnog ministra obrane Gojka \u0160u\u0161ka\u201c. \u201eZahvaljuju\u0107i hrabrosti hrvatskih branitelja, Hrvatska je danas sigurna, sna\u017ena i stabilna zemlja - \u010duvajmo na\u0161e zajedni\u0161tvo i ostanimo domovini vjerni,\u201c poru\u010dio je Medved.<\/p>\n<p>Predsjednica Federacije BiH Lidija Bradara naglasila je va\u017enost kulture sje\u0107anja i politi\u010dke borbe za jednakopravnost Hrvata u BiH:<br \/>\n\u201eZajedni\u010dkim snagama, rekao bi pokojni general Roso, najbolje se opisuje i dana\u0161nja obljetnica, osobito ovo obilje\u017eavanje u Vitezu.\u201c Uz to, poru\u010dila je: \u201eSlaviti pobjede i prenositi istinu, posebno me\u0111u mladima, bit \u0107e klju\u010dno u vremenima koja dolaze. Neka \u017eivot i smrt na\u0161ih branitelja budu dostojanstveni, kako zaslu\u017euju.<\/p>\n<p>\u201eNema Bosne i Hercegovine bez Hrvata, a ne bi je bilo ni bez operacija poput Maestrala i Ju\u017enog poteza.\u201c, istaknula je Bradara.<\/p>\n<p>Na\u010delnik Viteza Boris Marjanovi\u0107 zahvalio je braniteljima i partnerima iz RH:<br \/>\n\u201eSloboda koju imamo nije dar, nego krvavo izborena hrabro\u0161\u0107u hrvatskih branitelja.\u201c Istaknuo je kako \u201eduh hrvatskog zajedni\u0161tva iz 1995. \u017eivi i danas\u201c, \u0161to se vidi po dolasku sudionika iz cijele BiH i Hrvatske, te poru\u010dio: \u201eVitez je u ratu te\u0161ko stradao, a danas gradi i napreduje zahvaljuju\u0107i plodovima mira koji su ostvareni \u017ertvom branitelja.\u201c<\/p>\n<p>Ratni zapovjednik, general Ilija Naki\u0107, usporedio je operacije s nacionalnim simbolima pobjede:<br \/>\n\u201eMaestral i Ju\u017eni potez za Bosnu i Hercegovinu bili su ono \u0161to je Oluja bila za Republiku Hrvatsku - donijeli su mir i stvorili pretpostavke za Dayton.\u201c Podsjetio je i na cijenu pobjede: \u201eU ovim operacijama poginulo je vi\u0161e od 65 pripadnika, vi\u0161e od stotinu je ranjeno. Borbe su bile te\u0161ke, teren zahtjevan, ali zajedni\u0161tvo i \u017ertva omogu\u0107ili su uspjeh.\u201c Dodao je da \u201eovakvi skupovi pokazuju da Hrvati u Sredi\u0161njoj Bosni nisu zaboravljeni niti ostavljeni\u201c.<\/p>\n<p>Obilje\u017eavanje 30. obljetnice u Vitezu proteklo je u znaku po\u0161tovanja prema poginulim, ranjenim i nestalim braniteljima te zahvalnosti postrojbama koje su sudjelovale u oslobodila\u010dkim djelovanjima 1995. godine. Poruke govornika \u2013 od nagla\u0161ene uloge zajedni\u0161tva, preko \u010duvanja istine i sje\u0107anja, do trajne institucionalne brige prema braniteljskoj populaciji - ponovno su istaknule da su \u201eMaestral\u201c i \u201eJu\u017eni potez\u201c vi\u0161e od vojnih pobjeda: temelj su mira i politi\u010dke stabilnosti na kojima se gradi budu\u0107nost Bosne i Hercegovine i hrvatskog naroda u njoj.<\/p>\n<p><img decoding=\"async\" class=\"alignnone size-large wp-image-3056\" src=\"https:\/\/www.predsjednikfbih.gov.ba\/wp-content\/uploads\/2025\/10\/IMG_2017-1024x605.jpeg\" alt=\"\" width=\"1024\" height=\"605\" srcset=\"https:\/\/www.predsjednikfbih.gov.ba\/wp-content\/uploads\/2025\/10\/IMG_2017-1024x605.jpeg 1024w, https:\/\/www.predsjednikfbih.gov.ba\/wp-content\/uploads\/2025\/10\/IMG_2017-300x177.jpeg 300w, https:\/\/www.predsjednikfbih.gov.ba\/wp-content\/uploads\/2025\/10\/IMG_2017-768x454.jpeg 768w, https:\/\/www.predsjednikfbih.gov.ba\/wp-content\/uploads\/2025\/10\/IMG_2017-1536x908.jpeg 1536w, https:\/\/www.predsjednikfbih.gov.ba\/wp-content\/uploads\/2025\/10\/IMG_2017.jpeg 1920w\" sizes=\"(max-width: 1024px) 100vw, 1024px\" \/> <img decoding=\"async\" class=\"alignnone size-large wp-image-3060\" src=\"https:\/\/www.predsjednikfbih.gov.ba\/wp-content\/uploads\/2025\/10\/DSC08667-1024x680.jpeg\" alt=\"\" width=\"1024\" height=\"680\" srcset=\"https:\/\/www.predsjednikfbih.gov.ba\/wp-content\/uploads\/2025\/10\/DSC08667-1024x680.jpeg 1024w, https:\/\/www.predsjednikfbih.gov.ba\/wp-content\/uploads\/2025\/10\/DSC08667-300x199.jpeg 300w, https:\/\/www.predsjednikfbih.gov.ba\/wp-content\/uploads\/2025\/10\/DSC08667-768x510.jpeg 768w, https:\/\/www.predsjednikfbih.gov.ba\/wp-content\/uploads\/2025\/10\/DSC08667-1536x1020.jpeg 1536w, https:\/\/www.predsjednikfbih.gov.ba\/wp-content\/uploads\/2025\/10\/DSC08667.jpeg 1920w\" sizes=\"(max-width: 1024px) 100vw, 1024px\" \/> <img decoding=\"async\" class=\"alignnone size-large wp-image-3058\" src=\"https:\/\/www.predsjednikfbih.gov.ba\/wp-content\/uploads\/2025\/10\/DSC08653-1024x696.jpeg\" alt=\"\" width=\"1024\" height=\"696\" srcset=\"https:\/\/www.predsjednikfbih.gov.ba\/wp-content\/uploads\/2025\/10\/DSC08653-1024x696.jpeg 1024w, https:\/\/www.predsjednikfbih.gov.ba\/wp-content\/uploads\/2025\/10\/DSC08653-300x204.jpeg 300w, https:\/\/www.predsjednikfbih.gov.ba\/wp-content\/uploads\/2025\/10\/DSC08653-768x522.jpeg 768w, https:\/\/www.predsjednikfbih.gov.ba\/wp-content\/uploads\/2025\/10\/DSC08653-1536x1044.jpeg 1536w, https:\/\/www.predsjednikfbih.gov.ba\/wp-content\/uploads\/2025\/10\/DSC08653.jpeg 1920w\" sizes=\"(max-width: 1024px) 100vw, 1024px\" \/> <img decoding=\"async\" class=\"alignnone size-large wp-image-3057\" src=\"https:\/\/www.predsjednikfbih.gov.ba\/wp-content\/uploads\/2025\/10\/DSC08606-1024x715.jpeg\" alt=\"\" width=\"1024\" height=\"715\" srcset=\"https:\/\/www.predsjednikfbih.gov.ba\/wp-content\/uploads\/2025\/10\/DSC08606-1024x715.jpeg 1024w, https:\/\/www.predsjednikfbih.gov.ba\/wp-content\/uploads\/2025\/10\/DSC08606-300x209.jpeg 300w, https:\/\/www.predsjednikfbih.gov.ba\/wp-content\/uploads\/2025\/10\/DSC08606-768x536.jpeg 768w, https:\/\/www.predsjednikfbih.gov.ba\/wp-content\/uploads\/2025\/10\/DSC08606-1536x1072.jpeg 1536w, https:\/\/www.predsjednikfbih.gov.ba\/wp-content\/uploads\/2025\/10\/DSC08606.jpeg 1920w\" sizes=\"(max-width: 1024px) 100vw, 1024px\" \/> <img decoding=\"async\" class=\"alignnone size-large wp-image-3059\" src=\"https:\/\/www.predsjednikfbih.gov.ba\/wp-content\/uploads\/2025\/10\/DSC08675-820x1024.jpeg\" alt=\"\" width=\"820\" height=\"1024\" srcset=\"https:\/\/www.predsjednikfbih.gov.ba\/wp-content\/uploads\/2025\/10\/DSC08675-820x1024.jpeg 820w, https:\/\/www.predsjednikfbih.gov.ba\/wp-content\/uploads\/2025\/10\/DSC08675-240x300.jpeg 240w, https:\/\/www.predsjednikfbih.gov.ba\/wp-content\/uploads\/2025\/10\/DSC08675-768x959.jpeg 768w, https:\/\/www.predsjednikfbih.gov.ba\/wp-content\/uploads\/2025\/10\/DSC08675-1230x1536.jpeg 1230w, https:\/\/www.predsjednikfbih.gov.ba\/wp-content\/uploads\/2025\/10\/DSC08675.jpeg 1538w\" sizes=\"(max-width: 820px) 100vw, 820px\" \/> <img decoding=\"async\" class=\"alignnone size-large wp-image-3061\" src=\"https:\/\/www.predsjednikfbih.gov.ba\/wp-content\/uploads\/2025\/10\/DSC08688-1024x778.jpeg\" alt=\"\" width=\"1024\" height=\"778\" srcset=\"https:\/\/www.predsjednikfbih.gov.ba\/wp-content\/uploads\/2025\/10\/DSC08688-1024x778.jpeg 1024w, https:\/\/www.predsjednikfbih.gov.ba\/wp-content\/uploads\/2025\/10\/DSC08688-300x228.jpeg 300w, https:\/\/www.predsjednikfbih.gov.ba\/wp-content\/uploads\/2025\/10\/DSC08688-768x583.jpeg 768w, https:\/\/www.predsjednikfbih.gov.ba\/wp-content\/uploads\/2025\/10\/DSC08688-1536x1166.jpeg 1536w, https:\/\/www.predsjednikfbih.gov.ba\/wp-content\/uploads\/2025\/10\/DSC08688.jpeg 1920w\" sizes=\"(max-width: 1024px) 100vw, 1024px\" \/> <img decoding=\"async\" class=\"alignnone size-large wp-image-3053\" src=\"https:\/\/www.predsjednikfbih.gov.ba\/wp-content\/uploads\/2025\/10\/DSC08779-1024x673.jpeg\" alt=\"\" width=\"1024\" height=\"673\" srcset=\"https:\/\/www.predsjednikfbih.gov.ba\/wp-content\/uploads\/2025\/10\/DSC08779-1024x673.jpeg 1024w, https:\/\/www.predsjednikfbih.gov.ba\/wp-content\/uploads\/2025\/10\/DSC08779-300x197.jpeg 300w, https:\/\/www.predsjednikfbih.gov.ba\/wp-content\/uploads\/2025\/10\/DSC08779-768x505.jpeg 768w, https:\/\/www.predsjednikfbih.gov.ba\/wp-content\/uploads\/2025\/10\/DSC08779-1536x1010.jpeg 1536w, https:\/\/www.predsjednikfbih.gov.ba\/wp-content\/uploads\/2025\/10\/DSC08779.jpeg 1920w\" sizes=\"(max-width: 1024px) 100vw, 1024px\" \/> <img decoding=\"async\" class=\"alignnone size-large wp-image-3062\" src=\"https:\/\/www.predsjednikfbih.gov.ba\/wp-content\/uploads\/2025\/10\/DSC08718-1024x683.jpeg\" alt=\"\" width=\"1024\" height=\"683\" srcset=\"https:\/\/www.predsjednikfbih.gov.ba\/wp-content\/uploads\/2025\/10\/DSC08718-1024x683.jpeg 1024w, https:\/\/www.predsjednikfbih.gov.ba\/wp-content\/uploads\/2025\/10\/DSC08718-300x200.jpeg 300w, https:\/\/www.predsjednikfbih.gov.ba\/wp-content\/uploads\/2025\/10\/DSC08718-768x512.jpeg 768w, https:\/\/www.predsjednikfbih.gov.ba\/wp-content\/uploads\/2025\/10\/DSC08718-1536x1024.jpeg 1536w, https:\/\/www.predsjednikfbih.gov.ba\/wp-content\/uploads\/2025\/10\/DSC08718.jpeg 1920w\" sizes=\"(max-width: 1024px) 100vw, 1024px\" \/> <img decoding=\"async\" class=\"alignnone size-large wp-image-3054\" src=\"https:\/\/www.predsjednikfbih.gov.ba\/wp-content\/uploads\/2025\/10\/DSC08802-1024x941.jpeg\" alt=\"\" width=\"1024\" height=\"941\" srcset=\"https:\/\/www.predsjednikfbih.gov.ba\/wp-content\/uploads\/2025\/10\/DSC08802-1024x941.jpeg 1024w, https:\/\/www.predsjednikfbih.gov.ba\/wp-content\/uploads\/2025\/10\/DSC08802-300x276.jpeg 300w, https:\/\/www.predsjednikfbih.gov.ba\/wp-content\/uploads\/2025\/10\/DSC08802-768x706.jpeg 768w, https:\/\/www.predsjednikfbih.gov.ba\/wp-content\/uploads\/2025\/10\/DSC08802-1536x1412.jpeg 1536w, https:\/\/www.predsjednikfbih.gov.ba\/wp-content\/uploads\/2025\/10\/DSC08802.jpeg 1920w\" sizes=\"(max-width: 1024px) 100vw, 1024px\" \/> <img decoding=\"async\" class=\"alignnone size-large wp-image-3055\" src=\"https:\/\/www.predsjednikfbih.gov.ba\/wp-content\/uploads\/2025\/10\/DSC08817-683x1024.jpeg\" alt=\"\" width=\"683\" height=\"1024\" srcset=\"https:\/\/www.predsjednikfbih.gov.ba\/wp-content\/uploads\/2025\/10\/DSC08817-683x1024.jpeg 683w, https:\/\/www.predsjednikfbih.gov.ba\/wp-content\/uploads\/2025\/10\/DSC08817-200x300.jpeg 200w, https:\/\/www.predsjednikfbih.gov.ba\/wp-content\/uploads\/2025\/10\/DSC08817-768x1152.jpeg 768w, https:\/\/www.predsjednikfbih.gov.ba\/wp-content\/uploads\/2025\/10\/DSC08817-1024x1536.jpeg 1024w, https:\/\/www.predsjednikfbih.gov.ba\/wp-content\/uploads\/2025\/10\/DSC08817.jpeg 1280w\" sizes=\"(max-width: 683px) 100vw, 683px\" \/><\/p>\n","protected":false},"excerpt":{"rendered":"<p>U organizaciji Ministarstva hrvatskih branitelja RH, Hrvatskog narodnog sabora BiH i Udruge nositelja ratnih odli\u010dja [&hellip;]<\/p>\n","protected":false},"author":1,"featured_media":3054,"comment_status":"open","ping_status":"open","sticky":false,"template":"","format":"standard","meta":{"inline_featured_image":false,"footnotes":""},"categories":[3,4,7],"tags":[],"class_list":["post-3051","post","type-post","status-publish","format-standard","has-post-thumbnail","hentry","category-novosti","category-objave","category-priopcenja"],"acf":[],"_links":{"self":[{"href":"https:\/\/www.predsjednikfbih.gov.ba\/index.php\/wp-json\/wp\/v2\/posts\/3051","targetHints":{"allow":["GET"]}}],"collection":[{"href":"https:\/\/www.predsjednikfbih.gov.ba\/index.php\/wp-json\/wp\/v2\/posts"}],"about":[{"href":"https:\/\/www.predsjednikfbih.gov.ba\/index.php\/wp-json\/wp\/v2\/types\/post"}],"author":[{"embeddable":true,"href":"https:\/\/www.predsjednikfbih.gov.ba\/index.php\/wp-json\/wp\/v2\/users\/1"}],"replies":[{"embeddable":true,"href":"https:\/\/www.predsjednikfbih.gov.ba\/index.php\/wp-json\/wp\/v2\/comments?post=3051"}],"version-history":[{"count":1,"href":"https:\/\/www.predsjednikfbih.gov.ba\/index.php\/wp-json\/wp\/v2\/posts\/3051\/revisions"}],"predecessor-version":[{"id":3063,"href":"https:\/\/www.predsjednikfbih.gov.ba\/index.php\/wp-json\/wp\/v2\/posts\/3051\/revisions\/3063"}],"wp:featuredmedia":[{"embeddable":true,"href":"https:\/\/www.predsjednikfbih.gov.ba\/index.php\/wp-json\/wp\/v2\/media\/3054"}],"wp:attachment":[{"href":"https:\/\/www.predsjednikfbih.gov.ba\/index.php\/wp-json\/wp\/v2\/media?parent=3051"}],"wp:term":[{"taxonomy":"category","embeddable":true,"href":"https:\/\/www.predsjednikfbih.gov.ba\/index.php\/wp-json\/wp\/v2\/categories?post=3051"},{"taxonomy":"post_tag","embeddable":true,"href":"https:\/\/www.predsjednikfbih.gov.ba\/index.php\/wp-json\/wp\/v2\/tags?post=3051"}],"curies":[{"name":"wp","href":"https:\/\/api.w.org\/{rel}","templated":true}]}}