{"id":3040,"date":"2025-10-16T17:34:09","date_gmt":"2025-10-16T17:34:09","guid":{"rendered":"https:\/\/www.predsjednikfbih.gov.ba\/?p=3040"},"modified":"2025-10-16T19:33:26","modified_gmt":"2025-10-16T19:33:26","slug":"predsjednica-bradara-i-ministrica-bosnjak-na-prijemu-povodom-madarskog-nacionalnog-praznika-u-sarajevu","status":"publish","type":"post","link":"https:\/\/www.predsjednikfbih.gov.ba\/index.php\/2025\/10\/16\/predsjednica-bradara-i-ministrica-bosnjak-na-prijemu-povodom-madarskog-nacionalnog-praznika-u-sarajevu\/","title":{"rendered":"Predsjednica Bradara na prijemu povodom ma\u0111arskog nacionalnog praznika u Sarajevu"},"content":{"rendered":"<h4><span style=\"-webkit-text-size-adjust: 100%;\">U organizaciji Veleposlanstva Republike Ma\u0111arske u Bosni i Hercegovini, pod vodstvom Nj. E. veleposlanika Kriszti\u00e1na P\u00f3se, ve\u010deras je u Sarajevu uprili\u010den sve\u010dani prijem povodom nacionalnog praznika - Dana revolucije iz 1956. godine, kojim Ma\u0111arska obilje\u017eava po\u010detak svoje borbe za slobodu, demokraciju i vi\u0161estrana\u010dje.<\/span><\/h4>\n<p>Doga\u0111aju su nazo\u010dile brojne ugledne zvanice iz politi\u010dkog, diplomatskog i dru\u0161tvenog \u017eivota Bosne i Hercegovine, me\u0111u kojima i predsjednica Federacije BiH Lidija Bradara te ministrica civilnih poslova BiH Dubravka Bo\u0161njak.<\/p>\n<p>U svom obra\u0107anju, veleposlanik P\u00f3sa podsjetio je na povijesnu va\u017enost revolucije iz 1956. godine, ali i uputio jasnu poruku o snazi suvremene Ma\u0111arske koja, unato\u010d globalnim izazovima, ostvaruje iznimne rezultate u brojnim podru\u010djima.<\/p>\n<p>\u201cU sklopu europske agende, Ma\u0111arska stavlja sna\u017ean naglasak na zelenu energiju, povezivost i tehnolo\u0161ku konkurentnost. Pro\u0161le godine imali smo najve\u0107i udio solarne energije u energomiksu me\u0111u zemljama Europske unije. Istodobno razvijamo klju\u010dne digitalne koridore izme\u0111u Europe i Afrike te ula\u017eemo u napredne industrije poput proizvodnje vozila i robotike\u201d, istaknuo je P\u00f3sa.<\/p>\n<p>Govore\u0107i o ma\u0111arskom gospodarskom modelu, P\u00f3sa je istaknuo kako su brojni vode\u0107i svjetski automobilski brendovi odabrali Ma\u0111arsku za svoje proizvodne pogone, kao i da je zemlja razvila najve\u0107i teretni (cargo) centar u regiji - zra\u010dnu luku Liszt Ferenc.<\/p>\n<p>Svoj govor zaklju\u010dio je sna\u017enom porukom:<\/p>\n<p>\u201cMa\u0111arska pri\u010da mo\u017ee postati i va\u0161a, uz mudrost, dijalog i politi\u010dku volju.\u201d<\/p>\n<p>Sve\u010danost je zavr\u0161ena glazbenim programom Mestera S\u00e1ndora i kulinarskom prezentacijom ma\u0111arske tradicije, uz poseban naglasak na najnovije priznanje - dodjelu Nobelove nagrade piscu L\u00e1szlu Krasznahorkaiju, \u010dime se broj ma\u0111arskih dobitnika Nobelove nagrade popeo na trinaest.<\/p>\n<p><img decoding=\"async\" class=\"alignnone size-large wp-image-3046\" src=\"https:\/\/www.predsjednikfbih.gov.ba\/wp-content\/uploads\/2025\/10\/DSC08490-721x1024.jpeg\" alt=\"\" width=\"721\" height=\"1024\" srcset=\"https:\/\/www.predsjednikfbih.gov.ba\/wp-content\/uploads\/2025\/10\/DSC08490-721x1024.jpeg 721w, https:\/\/www.predsjednikfbih.gov.ba\/wp-content\/uploads\/2025\/10\/DSC08490-211x300.jpeg 211w, https:\/\/www.predsjednikfbih.gov.ba\/wp-content\/uploads\/2025\/10\/DSC08490-768x1091.jpeg 768w, https:\/\/www.predsjednikfbih.gov.ba\/wp-content\/uploads\/2025\/10\/DSC08490-1081x1536.jpeg 1081w, https:\/\/www.predsjednikfbih.gov.ba\/wp-content\/uploads\/2025\/10\/DSC08490.jpeg 1351w\" sizes=\"(max-width: 721px) 100vw, 721px\" \/> <img decoding=\"async\" class=\"alignnone size-large wp-image-3041\" src=\"https:\/\/www.predsjednikfbih.gov.ba\/wp-content\/uploads\/2025\/10\/IMG_1983-1024x768.jpeg\" alt=\"\" width=\"1024\" height=\"768\" srcset=\"https:\/\/www.predsjednikfbih.gov.ba\/wp-content\/uploads\/2025\/10\/IMG_1983-1024x768.jpeg 1024w, https:\/\/www.predsjednikfbih.gov.ba\/wp-content\/uploads\/2025\/10\/IMG_1983-300x225.jpeg 300w, https:\/\/www.predsjednikfbih.gov.ba\/wp-content\/uploads\/2025\/10\/IMG_1983-768x576.jpeg 768w, https:\/\/www.predsjednikfbih.gov.ba\/wp-content\/uploads\/2025\/10\/IMG_1983-1536x1152.jpeg 1536w, https:\/\/www.predsjednikfbih.gov.ba\/wp-content\/uploads\/2025\/10\/IMG_1983.jpeg 1920w\" sizes=\"(max-width: 1024px) 100vw, 1024px\" \/> <img decoding=\"async\" class=\"alignnone size-large wp-image-3042\" src=\"https:\/\/www.predsjednikfbih.gov.ba\/wp-content\/uploads\/2025\/10\/DSC08552-1024x683.jpeg\" alt=\"\" width=\"1024\" height=\"683\" srcset=\"https:\/\/www.predsjednikfbih.gov.ba\/wp-content\/uploads\/2025\/10\/DSC08552-1024x683.jpeg 1024w, https:\/\/www.predsjednikfbih.gov.ba\/wp-content\/uploads\/2025\/10\/DSC08552-300x200.jpeg 300w, https:\/\/www.predsjednikfbih.gov.ba\/wp-content\/uploads\/2025\/10\/DSC08552-768x512.jpeg 768w, https:\/\/www.predsjednikfbih.gov.ba\/wp-content\/uploads\/2025\/10\/DSC08552-1536x1024.jpeg 1536w, https:\/\/www.predsjednikfbih.gov.ba\/wp-content\/uploads\/2025\/10\/DSC08552.jpeg 1920w\" sizes=\"(max-width: 1024px) 100vw, 1024px\" \/> <img decoding=\"async\" class=\"alignnone size-large wp-image-3043\" src=\"https:\/\/www.predsjednikfbih.gov.ba\/wp-content\/uploads\/2025\/10\/DSC08539-1024x683.jpeg\" alt=\"\" width=\"1024\" height=\"683\" srcset=\"https:\/\/www.predsjednikfbih.gov.ba\/wp-content\/uploads\/2025\/10\/DSC08539-1024x683.jpeg 1024w, https:\/\/www.predsjednikfbih.gov.ba\/wp-content\/uploads\/2025\/10\/DSC08539-300x200.jpeg 300w, https:\/\/www.predsjednikfbih.gov.ba\/wp-content\/uploads\/2025\/10\/DSC08539-768x512.jpeg 768w, https:\/\/www.predsjednikfbih.gov.ba\/wp-content\/uploads\/2025\/10\/DSC08539-1536x1024.jpeg 1536w, https:\/\/www.predsjednikfbih.gov.ba\/wp-content\/uploads\/2025\/10\/DSC08539.jpeg 1920w\" sizes=\"(max-width: 1024px) 100vw, 1024px\" \/> <img decoding=\"async\" class=\"alignnone size-large wp-image-3044\" src=\"https:\/\/www.predsjednikfbih.gov.ba\/wp-content\/uploads\/2025\/10\/DSC08532-1024x683.jpeg\" alt=\"\" width=\"1024\" height=\"683\" srcset=\"https:\/\/www.predsjednikfbih.gov.ba\/wp-content\/uploads\/2025\/10\/DSC08532-1024x683.jpeg 1024w, https:\/\/www.predsjednikfbih.gov.ba\/wp-content\/uploads\/2025\/10\/DSC08532-300x200.jpeg 300w, https:\/\/www.predsjednikfbih.gov.ba\/wp-content\/uploads\/2025\/10\/DSC08532-768x512.jpeg 768w, https:\/\/www.predsjednikfbih.gov.ba\/wp-content\/uploads\/2025\/10\/DSC08532-1536x1024.jpeg 1536w, https:\/\/www.predsjednikfbih.gov.ba\/wp-content\/uploads\/2025\/10\/DSC08532.jpeg 1920w\" sizes=\"(max-width: 1024px) 100vw, 1024px\" \/><\/p>\n","protected":false},"excerpt":{"rendered":"<p>U organizaciji Veleposlanstva Republike Ma\u0111arske u Bosni i Hercegovini, pod vodstvom Nj. E. veleposlanika Kriszti\u00e1na [&hellip;]<\/p>\n","protected":false},"author":1,"featured_media":3045,"comment_status":"open","ping_status":"open","sticky":false,"template":"","format":"standard","meta":{"inline_featured_image":false,"footnotes":""},"categories":[3,4,7],"tags":[],"class_list":["post-3040","post","type-post","status-publish","format-standard","has-post-thumbnail","hentry","category-novosti","category-objave","category-priopcenja"],"acf":[],"_links":{"self":[{"href":"https:\/\/www.predsjednikfbih.gov.ba\/index.php\/wp-json\/wp\/v2\/posts\/3040","targetHints":{"allow":["GET"]}}],"collection":[{"href":"https:\/\/www.predsjednikfbih.gov.ba\/index.php\/wp-json\/wp\/v2\/posts"}],"about":[{"href":"https:\/\/www.predsjednikfbih.gov.ba\/index.php\/wp-json\/wp\/v2\/types\/post"}],"author":[{"embeddable":true,"href":"https:\/\/www.predsjednikfbih.gov.ba\/index.php\/wp-json\/wp\/v2\/users\/1"}],"replies":[{"embeddable":true,"href":"https:\/\/www.predsjednikfbih.gov.ba\/index.php\/wp-json\/wp\/v2\/comments?post=3040"}],"version-history":[{"count":2,"href":"https:\/\/www.predsjednikfbih.gov.ba\/index.php\/wp-json\/wp\/v2\/posts\/3040\/revisions"}],"predecessor-version":[{"id":3049,"href":"https:\/\/www.predsjednikfbih.gov.ba\/index.php\/wp-json\/wp\/v2\/posts\/3040\/revisions\/3049"}],"wp:featuredmedia":[{"embeddable":true,"href":"https:\/\/www.predsjednikfbih.gov.ba\/index.php\/wp-json\/wp\/v2\/media\/3045"}],"wp:attachment":[{"href":"https:\/\/www.predsjednikfbih.gov.ba\/index.php\/wp-json\/wp\/v2\/media?parent=3040"}],"wp:term":[{"taxonomy":"category","embeddable":true,"href":"https:\/\/www.predsjednikfbih.gov.ba\/index.php\/wp-json\/wp\/v2\/categories?post=3040"},{"taxonomy":"post_tag","embeddable":true,"href":"https:\/\/www.predsjednikfbih.gov.ba\/index.php\/wp-json\/wp\/v2\/tags?post=3040"}],"curies":[{"name":"wp","href":"https:\/\/api.w.org\/{rel}","templated":true}]}}