{"id":3025,"date":"2025-10-15T19:15:36","date_gmt":"2025-10-15T19:15:36","guid":{"rendered":"https:\/\/www.predsjednikfbih.gov.ba\/?p=3025"},"modified":"2025-10-15T19:15:36","modified_gmt":"2025-10-15T19:15:36","slug":"predsjednica-bradara-u-splitu-na-30-obljetnici-vro-juzni-potez-jedan-narod-jedan-domovinski-rat-i-isti-san-o-slobodi-i-opstanku","status":"publish","type":"post","link":"https:\/\/www.predsjednikfbih.gov.ba\/index.php\/2025\/10\/15\/predsjednica-bradara-u-splitu-na-30-obljetnici-vro-juzni-potez-jedan-narod-jedan-domovinski-rat-i-isti-san-o-slobodi-i-opstanku\/","title":{"rendered":"Predsjednica Bradara u Splitu na 30. obljetnici VRO \"Ju\u017eni potez\": Jedan narod, jedan Domovinski rat i isti san o slobodi i opstanku"},"content":{"rendered":"<h4>U Hrvatskom domu u Splitu odr\u017eana je sve\u010dana akademija povodom 30. obljetnice Vojno-redarstvene operacije \"Ju\u017eni potez\" - jedne od klju\u010dnih akcija koja je, zajedno s operacijom \"Maestral\", ozna\u010dila prekretnicu u zavr\u0161nim fazama Domovinskog rata.<\/h4>\n<p>Uz brojne veterane, ratne zapovjednike i predstavnike braniteljskih udruga, sve\u010danosti su nazo\u010dili i visoki du\u017enosnici Bosne i Hercegovine te Republike Hrvatske, me\u0111u njima i predsjednica Federacije BiH Lidija Bradara, zamjenik ministra obrane BiH Slaven Gali\u0107, kao i potpredsjednik Vlade RH i ministar hrvatskih branitelja Tomo Medved.<\/p>\n<p>Predsjednica Federacije BiH Lidija Bradara u svom prigodnom obra\u0107anju istaknula je da su operacije \"Maestral\" i \"Ju\u017eni potez\" dokaz zajedni\u0161tva, odlu\u010dnosti i hrabrosti hrvatskih branitelja s obje strane granice, naglasiv\u0161i da je \"jedan hrvatski narod i jedan Domovinski rat te isti san o slobodi i opstanku\" ono \u0161to nas trajno povezuje. Podsjetila je kako sloboda nije darovana, ve\u0107 izborena, te da dana\u0161nje generacije imaju obvezu \u010duvati istinu i naslje\u0111e onih koji su je stvorili.<\/p>\n<p>Ministar Tomo Medved zahvalio je svim braniteljima, \u010dasnicima, zapovjednicima i generalima na njihovoj predanosti domovini, istaknuv\u0161i da su to bili \"presudni dani za sudbinu hrvatskog naroda\".<\/p>\n<p>\"Hrvatske branitelje krasile su \u010dast, ponos i domoljublje, iste vrijednosti koje danas prepoznajemo u hrvatskoj mlade\u017ei. Sloboda nije darovana, ona je pla\u0107ena krvlju. Zajedni\u0161tvo, hrabrost i odlu\u010dnost temelj su snage na\u0161eg naroda\", poru\u010dio je ministar Medved.<\/p>\n<p>Doma\u0107ini sve\u010danosti bili su \u017eupan Splitsko-dalmatinske \u017eupanije Bla\u017eenko Boban i gradona\u010delnik Splita Tomislav \u0160uta, koji su u uvodnim govorima istaknuli va\u017enost \u010duvanja sje\u0107anja na zajedni\u0161tvo i hrabrost hrvatskih branitelja. Uz njih, okupljenima su se obratili i general Ante Gotovina, ratni zapovjednik zdru\u017eenih hrvatskih snaga u operaciji \u201eJu\u017eni potez\u201c, te ratni ministar obrane Hrvatske Republike Herceg-Bosne Vladimir \u0160olji\u0107.<\/p>\n<p>Sve\u010danost je protekla u dostojanstvenom ozra\u010dju sje\u0107anja i ponosa, uz prigodni film, glazbene izvedbe i podsje\u0107anje na ratni put postrojbi Hrvatske vojske i Hrvatskog vije\u0107a obrane koje su sudjelovale u operaciji.<\/p>\n<p>Organizatori su istaknuli kako obilje\u017eavanje 30. obljetnice \"Ju\u017enog poteza\" nije samo prisje\u0107anje na slavnu pro\u0161lost, ve\u0107 i podsjetnik na vrijednosti koje su temelj dana\u0161nje slobode - zajedni\u0161tvo, \u017ertvu i ljubav prema domovini.<\/p>\n<p><img decoding=\"async\" class=\"alignnone size-large wp-image-3035\" src=\"https:\/\/www.predsjednikfbih.gov.ba\/wp-content\/uploads\/2025\/10\/DSC08344-1024x683.jpg\" alt=\"\" width=\"1024\" height=\"683\" srcset=\"https:\/\/www.predsjednikfbih.gov.ba\/wp-content\/uploads\/2025\/10\/DSC08344-1024x683.jpg 1024w, https:\/\/www.predsjednikfbih.gov.ba\/wp-content\/uploads\/2025\/10\/DSC08344-300x200.jpg 300w, https:\/\/www.predsjednikfbih.gov.ba\/wp-content\/uploads\/2025\/10\/DSC08344-768x512.jpg 768w, https:\/\/www.predsjednikfbih.gov.ba\/wp-content\/uploads\/2025\/10\/DSC08344-1536x1024.jpg 1536w, https:\/\/www.predsjednikfbih.gov.ba\/wp-content\/uploads\/2025\/10\/DSC08344.jpg 1920w\" sizes=\"(max-width: 1024px) 100vw, 1024px\" \/> <img decoding=\"async\" class=\"alignnone size-large wp-image-3029\" src=\"https:\/\/www.predsjednikfbih.gov.ba\/wp-content\/uploads\/2025\/10\/DSC08442-683x1024.jpg\" alt=\"\" width=\"683\" height=\"1024\" srcset=\"https:\/\/www.predsjednikfbih.gov.ba\/wp-content\/uploads\/2025\/10\/DSC08442-683x1024.jpg 683w, https:\/\/www.predsjednikfbih.gov.ba\/wp-content\/uploads\/2025\/10\/DSC08442-200x300.jpg 200w, https:\/\/www.predsjednikfbih.gov.ba\/wp-content\/uploads\/2025\/10\/DSC08442-768x1152.jpg 768w, https:\/\/www.predsjednikfbih.gov.ba\/wp-content\/uploads\/2025\/10\/DSC08442-1024x1536.jpg 1024w, https:\/\/www.predsjednikfbih.gov.ba\/wp-content\/uploads\/2025\/10\/DSC08442.jpg 1280w\" sizes=\"(max-width: 683px) 100vw, 683px\" \/> <img decoding=\"async\" class=\"alignnone size-large wp-image-3033\" src=\"https:\/\/www.predsjednikfbih.gov.ba\/wp-content\/uploads\/2025\/10\/DSC08378-1024x683.jpg\" alt=\"\" width=\"1024\" height=\"683\" srcset=\"https:\/\/www.predsjednikfbih.gov.ba\/wp-content\/uploads\/2025\/10\/DSC08378-1024x683.jpg 1024w, https:\/\/www.predsjednikfbih.gov.ba\/wp-content\/uploads\/2025\/10\/DSC08378-300x200.jpg 300w, https:\/\/www.predsjednikfbih.gov.ba\/wp-content\/uploads\/2025\/10\/DSC08378-768x512.jpg 768w, https:\/\/www.predsjednikfbih.gov.ba\/wp-content\/uploads\/2025\/10\/DSC08378-1536x1024.jpg 1536w, https:\/\/www.predsjednikfbih.gov.ba\/wp-content\/uploads\/2025\/10\/DSC08378.jpg 1920w\" sizes=\"(max-width: 1024px) 100vw, 1024px\" \/> <img decoding=\"async\" class=\"alignnone size-large wp-image-3036\" src=\"https:\/\/www.predsjednikfbih.gov.ba\/wp-content\/uploads\/2025\/10\/IMG_1588-1024x754.jpg\" alt=\"\" width=\"1024\" height=\"754\" srcset=\"https:\/\/www.predsjednikfbih.gov.ba\/wp-content\/uploads\/2025\/10\/IMG_1588-1024x754.jpg 1024w, https:\/\/www.predsjednikfbih.gov.ba\/wp-content\/uploads\/2025\/10\/IMG_1588-300x221.jpg 300w, https:\/\/www.predsjednikfbih.gov.ba\/wp-content\/uploads\/2025\/10\/IMG_1588-768x566.jpg 768w, https:\/\/www.predsjednikfbih.gov.ba\/wp-content\/uploads\/2025\/10\/IMG_1588-1536x1131.jpg 1536w, https:\/\/www.predsjednikfbih.gov.ba\/wp-content\/uploads\/2025\/10\/IMG_1588.jpg 1920w\" sizes=\"(max-width: 1024px) 100vw, 1024px\" \/> <img decoding=\"async\" class=\"alignnone size-large wp-image-3027\" src=\"https:\/\/www.predsjednikfbih.gov.ba\/wp-content\/uploads\/2025\/10\/DSC08478-1024x683.jpg\" alt=\"\" width=\"1024\" height=\"683\" srcset=\"https:\/\/www.predsjednikfbih.gov.ba\/wp-content\/uploads\/2025\/10\/DSC08478-1024x683.jpg 1024w, https:\/\/www.predsjednikfbih.gov.ba\/wp-content\/uploads\/2025\/10\/DSC08478-300x200.jpg 300w, https:\/\/www.predsjednikfbih.gov.ba\/wp-content\/uploads\/2025\/10\/DSC08478-768x512.jpg 768w, https:\/\/www.predsjednikfbih.gov.ba\/wp-content\/uploads\/2025\/10\/DSC08478-1536x1024.jpg 1536w, https:\/\/www.predsjednikfbih.gov.ba\/wp-content\/uploads\/2025\/10\/DSC08478.jpg 1920w\" sizes=\"(max-width: 1024px) 100vw, 1024px\" \/> <img decoding=\"async\" class=\"alignnone size-large wp-image-3034\" src=\"https:\/\/www.predsjednikfbih.gov.ba\/wp-content\/uploads\/2025\/10\/DSC08368-1024x683.jpg\" alt=\"\" width=\"1024\" height=\"683\" srcset=\"https:\/\/www.predsjednikfbih.gov.ba\/wp-content\/uploads\/2025\/10\/DSC08368-1024x683.jpg 1024w, https:\/\/www.predsjednikfbih.gov.ba\/wp-content\/uploads\/2025\/10\/DSC08368-300x200.jpg 300w, https:\/\/www.predsjednikfbih.gov.ba\/wp-content\/uploads\/2025\/10\/DSC08368-768x512.jpg 768w, https:\/\/www.predsjednikfbih.gov.ba\/wp-content\/uploads\/2025\/10\/DSC08368-1536x1024.jpg 1536w, https:\/\/www.predsjednikfbih.gov.ba\/wp-content\/uploads\/2025\/10\/DSC08368.jpg 1920w\" sizes=\"(max-width: 1024px) 100vw, 1024px\" \/> <img decoding=\"async\" class=\"alignnone size-large wp-image-3026\" src=\"https:\/\/www.predsjednikfbih.gov.ba\/wp-content\/uploads\/2025\/10\/IMG_1851-1024x598.jpg\" alt=\"\" width=\"1024\" height=\"598\" srcset=\"https:\/\/www.predsjednikfbih.gov.ba\/wp-content\/uploads\/2025\/10\/IMG_1851-1024x598.jpg 1024w, https:\/\/www.predsjednikfbih.gov.ba\/wp-content\/uploads\/2025\/10\/IMG_1851-300x175.jpg 300w, https:\/\/www.predsjednikfbih.gov.ba\/wp-content\/uploads\/2025\/10\/IMG_1851-768x448.jpg 768w, https:\/\/www.predsjednikfbih.gov.ba\/wp-content\/uploads\/2025\/10\/IMG_1851-1536x897.jpg 1536w, https:\/\/www.predsjednikfbih.gov.ba\/wp-content\/uploads\/2025\/10\/IMG_1851.jpg 1920w\" sizes=\"(max-width: 1024px) 100vw, 1024px\" \/> <img decoding=\"async\" class=\"alignnone size-large wp-image-3038\" src=\"https:\/\/www.predsjednikfbih.gov.ba\/wp-content\/uploads\/2025\/10\/DSC08325-1024x683.jpg\" alt=\"\" width=\"1024\" height=\"683\" srcset=\"https:\/\/www.predsjednikfbih.gov.ba\/wp-content\/uploads\/2025\/10\/DSC08325-1024x683.jpg 1024w, https:\/\/www.predsjednikfbih.gov.ba\/wp-content\/uploads\/2025\/10\/DSC08325-300x200.jpg 300w, https:\/\/www.predsjednikfbih.gov.ba\/wp-content\/uploads\/2025\/10\/DSC08325-768x512.jpg 768w, https:\/\/www.predsjednikfbih.gov.ba\/wp-content\/uploads\/2025\/10\/DSC08325-1536x1024.jpg 1536w, https:\/\/www.predsjednikfbih.gov.ba\/wp-content\/uploads\/2025\/10\/DSC08325.jpg 1920w\" sizes=\"(max-width: 1024px) 100vw, 1024px\" \/> <img decoding=\"async\" class=\"alignnone size-large wp-image-3037\" src=\"https:\/\/www.predsjednikfbih.gov.ba\/wp-content\/uploads\/2025\/10\/IMG_1570-1024x679.jpg\" alt=\"\" width=\"1024\" height=\"679\" srcset=\"https:\/\/www.predsjednikfbih.gov.ba\/wp-content\/uploads\/2025\/10\/IMG_1570-1024x679.jpg 1024w, https:\/\/www.predsjednikfbih.gov.ba\/wp-content\/uploads\/2025\/10\/IMG_1570-300x199.jpg 300w, https:\/\/www.predsjednikfbih.gov.ba\/wp-content\/uploads\/2025\/10\/IMG_1570-768x509.jpg 768w, https:\/\/www.predsjednikfbih.gov.ba\/wp-content\/uploads\/2025\/10\/IMG_1570-1536x1018.jpg 1536w, https:\/\/www.predsjednikfbih.gov.ba\/wp-content\/uploads\/2025\/10\/IMG_1570.jpg 1920w\" sizes=\"(max-width: 1024px) 100vw, 1024px\" \/><\/p>\n","protected":false},"excerpt":{"rendered":"<p>U Hrvatskom domu u Splitu odr\u017eana je sve\u010dana akademija povodom 30. obljetnice Vojno-redarstvene operacije \"Ju\u017eni [&hellip;]<\/p>\n","protected":false},"author":1,"featured_media":3028,"comment_status":"open","ping_status":"open","sticky":false,"template":"","format":"standard","meta":{"inline_featured_image":false,"footnotes":""},"categories":[3,4,7],"tags":[],"class_list":["post-3025","post","type-post","status-publish","format-standard","has-post-thumbnail","hentry","category-novosti","category-objave","category-priopcenja"],"acf":[],"_links":{"self":[{"href":"https:\/\/www.predsjednikfbih.gov.ba\/index.php\/wp-json\/wp\/v2\/posts\/3025","targetHints":{"allow":["GET"]}}],"collection":[{"href":"https:\/\/www.predsjednikfbih.gov.ba\/index.php\/wp-json\/wp\/v2\/posts"}],"about":[{"href":"https:\/\/www.predsjednikfbih.gov.ba\/index.php\/wp-json\/wp\/v2\/types\/post"}],"author":[{"embeddable":true,"href":"https:\/\/www.predsjednikfbih.gov.ba\/index.php\/wp-json\/wp\/v2\/users\/1"}],"replies":[{"embeddable":true,"href":"https:\/\/www.predsjednikfbih.gov.ba\/index.php\/wp-json\/wp\/v2\/comments?post=3025"}],"version-history":[{"count":1,"href":"https:\/\/www.predsjednikfbih.gov.ba\/index.php\/wp-json\/wp\/v2\/posts\/3025\/revisions"}],"predecessor-version":[{"id":3039,"href":"https:\/\/www.predsjednikfbih.gov.ba\/index.php\/wp-json\/wp\/v2\/posts\/3025\/revisions\/3039"}],"wp:featuredmedia":[{"embeddable":true,"href":"https:\/\/www.predsjednikfbih.gov.ba\/index.php\/wp-json\/wp\/v2\/media\/3028"}],"wp:attachment":[{"href":"https:\/\/www.predsjednikfbih.gov.ba\/index.php\/wp-json\/wp\/v2\/media?parent=3025"}],"wp:term":[{"taxonomy":"category","embeddable":true,"href":"https:\/\/www.predsjednikfbih.gov.ba\/index.php\/wp-json\/wp\/v2\/categories?post=3025"},{"taxonomy":"post_tag","embeddable":true,"href":"https:\/\/www.predsjednikfbih.gov.ba\/index.php\/wp-json\/wp\/v2\/tags?post=3025"}],"curies":[{"name":"wp","href":"https:\/\/api.w.org\/{rel}","templated":true}]}}