{"id":3019,"date":"2025-10-15T11:43:15","date_gmt":"2025-10-15T11:43:15","guid":{"rendered":"https:\/\/www.predsjednikfbih.gov.ba\/?p=3019"},"modified":"2025-10-15T11:43:15","modified_gmt":"2025-10-15T11:43:15","slug":"predsjednica-bradara-otvorila-konferenciju-o-energetskoj-ucinkovitosti-u-mostaru-energetska-ucinkovitost-nije-trosak-nego-ulaganje-u-buducnost","status":"publish","type":"post","link":"https:\/\/www.predsjednikfbih.gov.ba\/index.php\/2025\/10\/15\/predsjednica-bradara-otvorila-konferenciju-o-energetskoj-ucinkovitosti-u-mostaru-energetska-ucinkovitost-nije-trosak-nego-ulaganje-u-buducnost\/","title":{"rendered":"Predsjednica Bradara otvorila konferenciju o energetskoj u\u010dinkovitosti u Mostaru: \"Energetska u\u010dinkovitost nije tro\u0161ak, nego ulaganje u budu\u0107nost\""},"content":{"rendered":"<h4><span style=\"-webkit-text-size-adjust: 100%;\">U Mostaru se danas odr\u017eava konferencija pod nazivom \"Sufinanciranje mjera energetske u\u010dinkovitosti u gospodarskom i stambenom sektoru - prora\u010dunska potpora Europske unije kao model koji treba slijediti\", u organizaciji Fonda za za\u0161titu okoli\u0161a Federacije Bosne i Hercegovine.<\/span><\/h4>\n<p>Konferenciju je sve\u010dano otvorila predsjednica Federacije BiH Lidija Bradara, istaknuv\u0161i kako energetska u\u010dinkovitost predstavlja jedno od najva\u017enijih razvojnih pitanja dana\u0161njice, jer izravno povezuje za\u0161titu okoli\u0161a, gospodarski rast i kvalitetu \u017eivota gra\u0111ana.<\/p>\n<p>Predsjednica Bradara naglasila je da prora\u010dunska potpora Europske unije, kojom se financiraju projekti energetske u\u010dinkovitosti, donosi konkretne rezultate -od toplijih \u0161kola i ni\u017eih tro\u0161kova grijanja, do boljih uvjeta za rad i \u017eivot u lokalnim zajednicama. \"Energetska u\u010dinkovitost nije tro\u0161ak, nego ulaganje u budu\u0107nost\", poru\u010dila je, istaknuv\u0161i potrebu da Federacija BiH i njezine institucije nastave prepoznavati i podr\u017eavati projekte koji povezuju odr\u017eivi razvoj i za\u0161titu okoli\u0161a.<\/p>\n<p>Posebno je naglasila va\u017enu ulogu Fonda za za\u0161titu okoli\u0161a Federacije BiH na \u010delu sa direktorom Sla\u0111anom Bevandom, koji ne djeluje samo kao financijski instrument, nego i kao strate\u0161ki partner u podizanju svijesti o va\u017enosti energetske tranzicije i odgovornosti prema budu\u0107im generacijama.<\/p>\n<p>\"Samo ako vlastitim prora\u010dunima prepoznamo va\u017enost ulaganja u energetsku u\u010dinkovitost, mo\u017eemo govoriti o stvarnoj promjeni i odr\u017eivom razvoju,\" naglasila je Bradara.<\/p>\n<p>Konferencija je okupila brojne doma\u0107e i me\u0111unarodne stru\u010dnjake, predstavnike institucija, organizacija i lokalnih zajednica, me\u0111u kojima su bili ministrica okoli\u0161a i turizma FBiH Nasiha Pozder, ravnatelj Fonda za za\u0161titu okoli\u0161a FBiH Sla\u0111an Bevanda, \u017eupanijski premijeri, gradona\u010delnici i na\u010delnici, predstavnici Izaslanstva Europske unije u BiH te UNDP-a.<\/p>\n<p>U okviru panela predstavljeni su modeli financiranja, najbolji primjeri prakse te novi pravci djelovanja u ja\u010danju energetske u\u010dinkovitosti i za\u0161tite okoli\u0161a u Federaciji BiH.<\/p>\n<p>Skup u Mostaru jo\u0161 jednom je potvrdio va\u017enost zajedni\u010dkog djelovanja institucija Federacije BiH, Fonda za za\u0161titu okoli\u0161a i me\u0111unarodnih partnera u stvaranju u\u010dinkovitijih, odr\u017eivijih i zelenijih zajednica, jer ulaganje u energiju zna\u010di ulaganje u budu\u0107nost.<\/p>\n<p><img decoding=\"async\" class=\"alignnone size-large wp-image-3020\" src=\"https:\/\/www.predsjednikfbih.gov.ba\/wp-content\/uploads\/2025\/10\/DSC08245-1024x667.jpeg\" alt=\"\" width=\"1024\" height=\"667\" srcset=\"https:\/\/www.predsjednikfbih.gov.ba\/wp-content\/uploads\/2025\/10\/DSC08245-1024x667.jpeg 1024w, https:\/\/www.predsjednikfbih.gov.ba\/wp-content\/uploads\/2025\/10\/DSC08245-300x195.jpeg 300w, https:\/\/www.predsjednikfbih.gov.ba\/wp-content\/uploads\/2025\/10\/DSC08245-768x500.jpeg 768w, https:\/\/www.predsjednikfbih.gov.ba\/wp-content\/uploads\/2025\/10\/DSC08245-1536x1001.jpeg 1536w, https:\/\/www.predsjednikfbih.gov.ba\/wp-content\/uploads\/2025\/10\/DSC08245.jpeg 1920w\" sizes=\"(max-width: 1024px) 100vw, 1024px\" \/> <img decoding=\"async\" class=\"alignnone size-large wp-image-3021\" src=\"https:\/\/www.predsjednikfbih.gov.ba\/wp-content\/uploads\/2025\/10\/DSC08304-1024x683.jpeg\" alt=\"\" width=\"1024\" height=\"683\" srcset=\"https:\/\/www.predsjednikfbih.gov.ba\/wp-content\/uploads\/2025\/10\/DSC08304-1024x683.jpeg 1024w, https:\/\/www.predsjednikfbih.gov.ba\/wp-content\/uploads\/2025\/10\/DSC08304-300x200.jpeg 300w, https:\/\/www.predsjednikfbih.gov.ba\/wp-content\/uploads\/2025\/10\/DSC08304-768x512.jpeg 768w, https:\/\/www.predsjednikfbih.gov.ba\/wp-content\/uploads\/2025\/10\/DSC08304-1536x1024.jpeg 1536w, https:\/\/www.predsjednikfbih.gov.ba\/wp-content\/uploads\/2025\/10\/DSC08304.jpeg 1920w\" sizes=\"(max-width: 1024px) 100vw, 1024px\" \/> <img decoding=\"async\" class=\"alignnone size-large wp-image-3022\" src=\"https:\/\/www.predsjednikfbih.gov.ba\/wp-content\/uploads\/2025\/10\/DSC08298-1024x683.jpeg\" alt=\"\" width=\"1024\" height=\"683\" srcset=\"https:\/\/www.predsjednikfbih.gov.ba\/wp-content\/uploads\/2025\/10\/DSC08298-1024x683.jpeg 1024w, https:\/\/www.predsjednikfbih.gov.ba\/wp-content\/uploads\/2025\/10\/DSC08298-300x200.jpeg 300w, https:\/\/www.predsjednikfbih.gov.ba\/wp-content\/uploads\/2025\/10\/DSC08298-768x512.jpeg 768w, https:\/\/www.predsjednikfbih.gov.ba\/wp-content\/uploads\/2025\/10\/DSC08298-1536x1024.jpeg 1536w, https:\/\/www.predsjednikfbih.gov.ba\/wp-content\/uploads\/2025\/10\/DSC08298.jpeg 1920w\" sizes=\"(max-width: 1024px) 100vw, 1024px\" \/> <img decoding=\"async\" class=\"alignnone size-large wp-image-3023\" src=\"https:\/\/www.predsjednikfbih.gov.ba\/wp-content\/uploads\/2025\/10\/DSC08322-1024x683.jpeg\" alt=\"\" width=\"1024\" height=\"683\" srcset=\"https:\/\/www.predsjednikfbih.gov.ba\/wp-content\/uploads\/2025\/10\/DSC08322-1024x683.jpeg 1024w, https:\/\/www.predsjednikfbih.gov.ba\/wp-content\/uploads\/2025\/10\/DSC08322-300x200.jpeg 300w, https:\/\/www.predsjednikfbih.gov.ba\/wp-content\/uploads\/2025\/10\/DSC08322-768x512.jpeg 768w, https:\/\/www.predsjednikfbih.gov.ba\/wp-content\/uploads\/2025\/10\/DSC08322-1536x1024.jpeg 1536w, https:\/\/www.predsjednikfbih.gov.ba\/wp-content\/uploads\/2025\/10\/DSC08322.jpeg 1920w\" sizes=\"(max-width: 1024px) 100vw, 1024px\" \/><\/p>\n","protected":false},"excerpt":{"rendered":"<p>U Mostaru se danas odr\u017eava konferencija pod nazivom \"Sufinanciranje mjera energetske u\u010dinkovitosti u gospodarskom i [&hellip;]<\/p>\n","protected":false},"author":1,"featured_media":3022,"comment_status":"open","ping_status":"open","sticky":false,"template":"","format":"standard","meta":{"inline_featured_image":false,"footnotes":""},"categories":[3,4,7],"tags":[],"class_list":["post-3019","post","type-post","status-publish","format-standard","has-post-thumbnail","hentry","category-novosti","category-objave","category-priopcenja"],"acf":[],"_links":{"self":[{"href":"https:\/\/www.predsjednikfbih.gov.ba\/index.php\/wp-json\/wp\/v2\/posts\/3019","targetHints":{"allow":["GET"]}}],"collection":[{"href":"https:\/\/www.predsjednikfbih.gov.ba\/index.php\/wp-json\/wp\/v2\/posts"}],"about":[{"href":"https:\/\/www.predsjednikfbih.gov.ba\/index.php\/wp-json\/wp\/v2\/types\/post"}],"author":[{"embeddable":true,"href":"https:\/\/www.predsjednikfbih.gov.ba\/index.php\/wp-json\/wp\/v2\/users\/1"}],"replies":[{"embeddable":true,"href":"https:\/\/www.predsjednikfbih.gov.ba\/index.php\/wp-json\/wp\/v2\/comments?post=3019"}],"version-history":[{"count":1,"href":"https:\/\/www.predsjednikfbih.gov.ba\/index.php\/wp-json\/wp\/v2\/posts\/3019\/revisions"}],"predecessor-version":[{"id":3024,"href":"https:\/\/www.predsjednikfbih.gov.ba\/index.php\/wp-json\/wp\/v2\/posts\/3019\/revisions\/3024"}],"wp:featuredmedia":[{"embeddable":true,"href":"https:\/\/www.predsjednikfbih.gov.ba\/index.php\/wp-json\/wp\/v2\/media\/3022"}],"wp:attachment":[{"href":"https:\/\/www.predsjednikfbih.gov.ba\/index.php\/wp-json\/wp\/v2\/media?parent=3019"}],"wp:term":[{"taxonomy":"category","embeddable":true,"href":"https:\/\/www.predsjednikfbih.gov.ba\/index.php\/wp-json\/wp\/v2\/categories?post=3019"},{"taxonomy":"post_tag","embeddable":true,"href":"https:\/\/www.predsjednikfbih.gov.ba\/index.php\/wp-json\/wp\/v2\/tags?post=3019"}],"curies":[{"name":"wp","href":"https:\/\/api.w.org\/{rel}","templated":true}]}}