{"id":3007,"date":"2025-10-14T12:29:20","date_gmt":"2025-10-14T12:29:20","guid":{"rendered":"https:\/\/www.predsjednikfbih.gov.ba\/?p=3007"},"modified":"2025-10-14T12:33:37","modified_gmt":"2025-10-14T12:33:37","slug":"predsjednica-bradara-na-danu-opcine-zepce","status":"publish","type":"post","link":"https:\/\/www.predsjednikfbih.gov.ba\/index.php\/2025\/10\/14\/predsjednica-bradara-na-danu-opcine-zepce\/","title":{"rendered":"Predsjednica Bradara na Danu op\u0107ine \u017dep\u010de"},"content":{"rendered":"<h3><span style=\"-webkit-text-size-adjust: 100%;\">\u017dep\u010de je danas sve\u010dano obilje\u017eilo svoj dan, prigodu da se jo\u0161 jednom potvrdi kao primjer uspje\u0161ne i napredne lokalne zajednice. U prepunoj dvorani Doma kulture odr\u017eana je sve\u010dana sjednica, kojoj su nazo\u010dili brojni uzvanici iz politi\u010dkog, gospodarskog, kulturnog i dru\u0161tvenog \u017eivota, me\u0111u njima i predsjednica Federacije Bosne i Hercegovine Lidija Bradara.<\/span><\/h3>\n<p>Sve\u010danost je otvorio predsjedatelj Op\u0107inskog vije\u0107a \u017dep\u010de, Edin \u0160i\u0161i\u0107, koji je u uvodnom obra\u0107anju podsjetio na sve one koji su, unato\u010d izazovima, vjerovali u zajedni\u0161tvo, rad i napredak. Naglasio je kako \u017dep\u010de danas raste gospodarski, dru\u0161tveno i kulturno te je postalo primjer sredine koja ide naprijed. \"Svaki uspjeh nosi obvezu, obvezu da ne stanemo, ve\u0107 da radimo i gradimo zajedno\", poru\u010dio je \u0160i\u0161i\u0107.<\/p>\n<p>Na\u010delnik op\u0107ine Mato Zovko predstavio je klju\u010dne pokazatelje razvoja \u017dep\u010da - prora\u010dun od 15,7 milijuna KM, vi\u0161e od 5.700 zaposlenih i gotovo tisu\u0107u poslovnih subjekata. Istaknuo je izgradnju i \u0161irenje poslovnih zona, nove investicije, povratak vi\u0161e od 35 obitelji iz inozemstva te najavio po\u010detak izgradnje zgrade Doma zdravlja i nove zgrade Op\u0107ine \u017dep\u010de.<\/p>\n<p>U ime vi\u0161ih razina vlasti, predsjednik HDZ-a BiH i Hrvatskog narodnog sabora BiH, dr. Dragan \u010covi\u0107, uputio je \u010destitke svim gra\u0111anima \u017dep\u010da, na\u010delniku i vije\u0107nicima, istaknuv\u0161i da je \u017dep\u010de danas jedna od najrazvijenijih sredina u Zeni\u010dko-dobojskoj \u017eupaniji. Naglasio je kako \u0107e potpora svih razina vlasti, uklju\u010duju\u0107i i me\u0111unarodne partnere, nastaviti biti sna\u017ena te da \u017dep\u010de mo\u017ee biti ponosno na rezultate postignute zajedni\u010dkim radom.<\/p>\n<p>Sve\u010dana sjednica bila je i prigoda za dodjelu javnih priznanja i nagrada pojedincima i kolektivima koji su svojim radom i zalaganjem dali doprinos razvoju i promociji op\u0107ine \u017dep\u010de. Sve\u010danost su glazbenim nastupima uveli\u010dali profesori i u\u010denici Glazbene \u0161kole \u017dep\u010de, pridonose\u0107i dostojanstvenom i sve\u010danom ozra\u010dju proslave.<\/p>\n<p><img decoding=\"async\" class=\"alignnone wp-image-3011 size-large\" src=\"https:\/\/www.predsjednikfbih.gov.ba\/wp-content\/uploads\/2025\/10\/IMG_1344-1024x683.jpeg\" alt=\"\" width=\"1024\" height=\"683\" srcset=\"https:\/\/www.predsjednikfbih.gov.ba\/wp-content\/uploads\/2025\/10\/IMG_1344-1024x683.jpeg 1024w, https:\/\/www.predsjednikfbih.gov.ba\/wp-content\/uploads\/2025\/10\/IMG_1344-300x200.jpeg 300w, https:\/\/www.predsjednikfbih.gov.ba\/wp-content\/uploads\/2025\/10\/IMG_1344-768x512.jpeg 768w, https:\/\/www.predsjednikfbih.gov.ba\/wp-content\/uploads\/2025\/10\/IMG_1344-1536x1024.jpeg 1536w, https:\/\/www.predsjednikfbih.gov.ba\/wp-content\/uploads\/2025\/10\/IMG_1344.jpeg 1920w\" sizes=\"(max-width: 1024px) 100vw, 1024px\" \/><\/p>\n<p><img decoding=\"async\" class=\"alignnone wp-image-3012 size-large\" src=\"https:\/\/www.predsjednikfbih.gov.ba\/wp-content\/uploads\/2025\/10\/IMG_1334-1024x683.jpeg\" alt=\"\" width=\"1024\" height=\"683\" srcset=\"https:\/\/www.predsjednikfbih.gov.ba\/wp-content\/uploads\/2025\/10\/IMG_1334-1024x683.jpeg 1024w, https:\/\/www.predsjednikfbih.gov.ba\/wp-content\/uploads\/2025\/10\/IMG_1334-300x200.jpeg 300w, https:\/\/www.predsjednikfbih.gov.ba\/wp-content\/uploads\/2025\/10\/IMG_1334-768x512.jpeg 768w, https:\/\/www.predsjednikfbih.gov.ba\/wp-content\/uploads\/2025\/10\/IMG_1334-1536x1024.jpeg 1536w, https:\/\/www.predsjednikfbih.gov.ba\/wp-content\/uploads\/2025\/10\/IMG_1334.jpeg 1920w\" sizes=\"(max-width: 1024px) 100vw, 1024px\" \/><\/p>\n<p><img decoding=\"async\" class=\"alignnone wp-image-3008 size-large\" src=\"https:\/\/www.predsjednikfbih.gov.ba\/wp-content\/uploads\/2025\/10\/IMG_1367-1024x576.jpeg\" alt=\"\" width=\"1024\" height=\"576\" srcset=\"https:\/\/www.predsjednikfbih.gov.ba\/wp-content\/uploads\/2025\/10\/IMG_1367-1024x576.jpeg 1024w, https:\/\/www.predsjednikfbih.gov.ba\/wp-content\/uploads\/2025\/10\/IMG_1367-300x169.jpeg 300w, https:\/\/www.predsjednikfbih.gov.ba\/wp-content\/uploads\/2025\/10\/IMG_1367-768x432.jpeg 768w, https:\/\/www.predsjednikfbih.gov.ba\/wp-content\/uploads\/2025\/10\/IMG_1367-1536x864.jpeg 1536w, https:\/\/www.predsjednikfbih.gov.ba\/wp-content\/uploads\/2025\/10\/IMG_1367.jpeg 1920w\" sizes=\"(max-width: 1024px) 100vw, 1024px\" \/><\/p>\n<p><img decoding=\"async\" class=\"alignnone wp-image-3014 size-large\" src=\"https:\/\/www.predsjednikfbih.gov.ba\/wp-content\/uploads\/2025\/10\/IMG_1392-1024x683.jpeg\" alt=\"\" width=\"1024\" height=\"683\" srcset=\"https:\/\/www.predsjednikfbih.gov.ba\/wp-content\/uploads\/2025\/10\/IMG_1392-1024x683.jpeg 1024w, https:\/\/www.predsjednikfbih.gov.ba\/wp-content\/uploads\/2025\/10\/IMG_1392-300x200.jpeg 300w, https:\/\/www.predsjednikfbih.gov.ba\/wp-content\/uploads\/2025\/10\/IMG_1392-768x512.jpeg 768w, https:\/\/www.predsjednikfbih.gov.ba\/wp-content\/uploads\/2025\/10\/IMG_1392-1536x1024.jpeg 1536w, https:\/\/www.predsjednikfbih.gov.ba\/wp-content\/uploads\/2025\/10\/IMG_1392.jpeg 1920w\" sizes=\"(max-width: 1024px) 100vw, 1024px\" \/><\/p>\n<p><img decoding=\"async\" class=\"alignnone wp-image-3013 size-large\" src=\"https:\/\/www.predsjednikfbih.gov.ba\/wp-content\/uploads\/2025\/10\/IMG_1360-1024x683.jpeg\" alt=\"\" width=\"1024\" height=\"683\" srcset=\"https:\/\/www.predsjednikfbih.gov.ba\/wp-content\/uploads\/2025\/10\/IMG_1360-1024x683.jpeg 1024w, https:\/\/www.predsjednikfbih.gov.ba\/wp-content\/uploads\/2025\/10\/IMG_1360-300x200.jpeg 300w, https:\/\/www.predsjednikfbih.gov.ba\/wp-content\/uploads\/2025\/10\/IMG_1360-768x512.jpeg 768w, https:\/\/www.predsjednikfbih.gov.ba\/wp-content\/uploads\/2025\/10\/IMG_1360-1536x1024.jpeg 1536w, https:\/\/www.predsjednikfbih.gov.ba\/wp-content\/uploads\/2025\/10\/IMG_1360.jpeg 1920w\" sizes=\"(max-width: 1024px) 100vw, 1024px\" \/><\/p>\n<p><img decoding=\"async\" class=\"alignnone wp-image-3009 size-large\" src=\"https:\/\/www.predsjednikfbih.gov.ba\/wp-content\/uploads\/2025\/10\/IMG_1380-1024x576.jpeg\" alt=\"\" width=\"1024\" height=\"576\" srcset=\"https:\/\/www.predsjednikfbih.gov.ba\/wp-content\/uploads\/2025\/10\/IMG_1380-1024x576.jpeg 1024w, https:\/\/www.predsjednikfbih.gov.ba\/wp-content\/uploads\/2025\/10\/IMG_1380-300x169.jpeg 300w, https:\/\/www.predsjednikfbih.gov.ba\/wp-content\/uploads\/2025\/10\/IMG_1380-768x432.jpeg 768w, https:\/\/www.predsjednikfbih.gov.ba\/wp-content\/uploads\/2025\/10\/IMG_1380-1536x864.jpeg 1536w, https:\/\/www.predsjednikfbih.gov.ba\/wp-content\/uploads\/2025\/10\/IMG_1380.jpeg 1920w\" sizes=\"(max-width: 1024px) 100vw, 1024px\" \/><\/p>\n<p><img decoding=\"async\" class=\"alignnone wp-image-3010 size-large\" src=\"https:\/\/www.predsjednikfbih.gov.ba\/wp-content\/uploads\/2025\/10\/IMG_1350-1024x683.jpeg\" alt=\"\" width=\"1024\" height=\"683\" srcset=\"https:\/\/www.predsjednikfbih.gov.ba\/wp-content\/uploads\/2025\/10\/IMG_1350-1024x683.jpeg 1024w, https:\/\/www.predsjednikfbih.gov.ba\/wp-content\/uploads\/2025\/10\/IMG_1350-300x200.jpeg 300w, https:\/\/www.predsjednikfbih.gov.ba\/wp-content\/uploads\/2025\/10\/IMG_1350-768x512.jpeg 768w, https:\/\/www.predsjednikfbih.gov.ba\/wp-content\/uploads\/2025\/10\/IMG_1350-1536x1024.jpeg 1536w, https:\/\/www.predsjednikfbih.gov.ba\/wp-content\/uploads\/2025\/10\/IMG_1350.jpeg 1920w\" sizes=\"(max-width: 1024px) 100vw, 1024px\" \/><\/p>\n","protected":false},"excerpt":{"rendered":"<p>\u017dep\u010de je danas sve\u010dano obilje\u017eilo svoj dan, prigodu da se jo\u0161 jednom potvrdi kao primjer [&hellip;]<\/p>\n","protected":false},"author":1,"featured_media":3012,"comment_status":"open","ping_status":"open","sticky":false,"template":"","format":"standard","meta":{"inline_featured_image":false,"footnotes":""},"categories":[3,4,7],"tags":[],"class_list":["post-3007","post","type-post","status-publish","format-standard","has-post-thumbnail","hentry","category-novosti","category-objave","category-priopcenja"],"acf":[],"_links":{"self":[{"href":"https:\/\/www.predsjednikfbih.gov.ba\/index.php\/wp-json\/wp\/v2\/posts\/3007","targetHints":{"allow":["GET"]}}],"collection":[{"href":"https:\/\/www.predsjednikfbih.gov.ba\/index.php\/wp-json\/wp\/v2\/posts"}],"about":[{"href":"https:\/\/www.predsjednikfbih.gov.ba\/index.php\/wp-json\/wp\/v2\/types\/post"}],"author":[{"embeddable":true,"href":"https:\/\/www.predsjednikfbih.gov.ba\/index.php\/wp-json\/wp\/v2\/users\/1"}],"replies":[{"embeddable":true,"href":"https:\/\/www.predsjednikfbih.gov.ba\/index.php\/wp-json\/wp\/v2\/comments?post=3007"}],"version-history":[{"count":3,"href":"https:\/\/www.predsjednikfbih.gov.ba\/index.php\/wp-json\/wp\/v2\/posts\/3007\/revisions"}],"predecessor-version":[{"id":3018,"href":"https:\/\/www.predsjednikfbih.gov.ba\/index.php\/wp-json\/wp\/v2\/posts\/3007\/revisions\/3018"}],"wp:featuredmedia":[{"embeddable":true,"href":"https:\/\/www.predsjednikfbih.gov.ba\/index.php\/wp-json\/wp\/v2\/media\/3012"}],"wp:attachment":[{"href":"https:\/\/www.predsjednikfbih.gov.ba\/index.php\/wp-json\/wp\/v2\/media?parent=3007"}],"wp:term":[{"taxonomy":"category","embeddable":true,"href":"https:\/\/www.predsjednikfbih.gov.ba\/index.php\/wp-json\/wp\/v2\/categories?post=3007"},{"taxonomy":"post_tag","embeddable":true,"href":"https:\/\/www.predsjednikfbih.gov.ba\/index.php\/wp-json\/wp\/v2\/tags?post=3007"}],"curies":[{"name":"wp","href":"https:\/\/api.w.org\/{rel}","templated":true}]}}