{"id":2984,"date":"2025-10-09T17:32:48","date_gmt":"2025-10-09T17:32:48","guid":{"rendered":"https:\/\/www.predsjednikfbih.gov.ba\/?p=2984"},"modified":"2025-10-09T17:32:48","modified_gmt":"2025-10-09T17:32:48","slug":"predsjednica-bradara-na-prijemu-povodom-nacionalnog-dana-kraljevine-spanjolske","status":"publish","type":"post","link":"https:\/\/www.predsjednikfbih.gov.ba\/index.php\/2025\/10\/09\/predsjednica-bradara-na-prijemu-povodom-nacionalnog-dana-kraljevine-spanjolske\/","title":{"rendered":"Predsjednica Bradara na prijemu povodom Nacionalnog dana Kraljevine \u0160panjolske"},"content":{"rendered":"<h4>U Sarajevu je ve\u010deras odr\u017ean sve\u010dani prijem povodom 12. listopada - Nacionalnog dana Kraljevine \u0160panjolske. Doma\u0107in prijema bila je veleposlanica \u0160panjolske u BiH, Nj. E. Maria Molina \u00c1lvarez de Toledo. Sve\u010danosti su nazo\u010dili brojni doma\u0107i i me\u0111unarodni du\u017enosnici, me\u0111u njima i predsjednica Federacije BiH Lidija Bradara te dr\u017eavni ministar pravde Davor Bunoza.<\/h4>\n<p>U svom obra\u0107anju veleposlanica Molina \u00c1lvarez de Toledo naglasila je sna\u017eno prijateljstvo i trajnu potporu koju Kraljevina \u0160panjolska pru\u017ea Bosni i Hercegovini, osobito na njezinu europskom putu. Istaknula je kako \u0160panjolska dosljedno podupire stabilnost, jedinstvo i napredak BiH te da \u0107e i ubudu\u0107e ostati predana ja\u010danju suradnje i razumijevanja izme\u0111u dviju zemalja.<\/p>\n<p>Podsjetila je i da se Nacionalni dan \u0160panjolske, 12. listopada, obilje\u017eava u spomen na otkri\u0107e Novog svijeta 1492. godine, ali i kao Dan oru\u017eanih snaga \u0160panjolske - simbol zajedni\u0161tva, povijesti i napretka \u0161panjolskog naroda, kao i prijateljstva sa zemljama \u0161irom svijeta.<\/p>\n<p>Prijemu su nazo\u010dili brojni uzvanici iz politi\u010dkog, diplomatskog, gospodarskog i kulturnog \u017eivota Bosne i Hercegovine te predstavnici me\u0111unarodnih institucija i organizacija. Doga\u0111aj je protekao u duhu suradnje i me\u0111usobnog po\u0161tovanja, potvr\u0111uju\u0107i \u010dvrste diplomatske veze izme\u0111u Bosne i Hercegovine i Kraljevine \u0160panjolske.<\/p>\n<p><img decoding=\"async\" class=\"alignnone size-large wp-image-2986\" src=\"https:\/\/www.predsjednikfbih.gov.ba\/wp-content\/uploads\/2025\/10\/IMG_0638-1024x668.jpeg\" alt=\"\" width=\"1024\" height=\"668\" srcset=\"https:\/\/www.predsjednikfbih.gov.ba\/wp-content\/uploads\/2025\/10\/IMG_0638-1024x668.jpeg 1024w, https:\/\/www.predsjednikfbih.gov.ba\/wp-content\/uploads\/2025\/10\/IMG_0638-300x196.jpeg 300w, https:\/\/www.predsjednikfbih.gov.ba\/wp-content\/uploads\/2025\/10\/IMG_0638-768x501.jpeg 768w, https:\/\/www.predsjednikfbih.gov.ba\/wp-content\/uploads\/2025\/10\/IMG_0638-1536x1002.jpeg 1536w, https:\/\/www.predsjednikfbih.gov.ba\/wp-content\/uploads\/2025\/10\/IMG_0638.jpeg 1920w\" sizes=\"(max-width: 1024px) 100vw, 1024px\" \/> <img decoding=\"async\" class=\"alignnone size-large wp-image-2987\" src=\"https:\/\/www.predsjednikfbih.gov.ba\/wp-content\/uploads\/2025\/10\/IMG_0651-1024x768.jpeg\" alt=\"\" width=\"1024\" height=\"768\" srcset=\"https:\/\/www.predsjednikfbih.gov.ba\/wp-content\/uploads\/2025\/10\/IMG_0651-1024x768.jpeg 1024w, https:\/\/www.predsjednikfbih.gov.ba\/wp-content\/uploads\/2025\/10\/IMG_0651-300x225.jpeg 300w, https:\/\/www.predsjednikfbih.gov.ba\/wp-content\/uploads\/2025\/10\/IMG_0651-768x576.jpeg 768w, https:\/\/www.predsjednikfbih.gov.ba\/wp-content\/uploads\/2025\/10\/IMG_0651-1536x1152.jpeg 1536w, https:\/\/www.predsjednikfbih.gov.ba\/wp-content\/uploads\/2025\/10\/IMG_0651.jpeg 1920w\" sizes=\"(max-width: 1024px) 100vw, 1024px\" \/> <img decoding=\"async\" class=\"alignnone size-large wp-image-2988\" src=\"https:\/\/www.predsjednikfbih.gov.ba\/wp-content\/uploads\/2025\/10\/IMG_0666-1024x706.jpeg\" alt=\"\" width=\"1024\" height=\"706\" srcset=\"https:\/\/www.predsjednikfbih.gov.ba\/wp-content\/uploads\/2025\/10\/IMG_0666-1024x706.jpeg 1024w, https:\/\/www.predsjednikfbih.gov.ba\/wp-content\/uploads\/2025\/10\/IMG_0666-300x207.jpeg 300w, https:\/\/www.predsjednikfbih.gov.ba\/wp-content\/uploads\/2025\/10\/IMG_0666-768x530.jpeg 768w, https:\/\/www.predsjednikfbih.gov.ba\/wp-content\/uploads\/2025\/10\/IMG_0666-1536x1059.jpeg 1536w, https:\/\/www.predsjednikfbih.gov.ba\/wp-content\/uploads\/2025\/10\/IMG_0666.jpeg 1920w\" sizes=\"(max-width: 1024px) 100vw, 1024px\" \/><\/p>\n","protected":false},"excerpt":{"rendered":"<p>U Sarajevu je ve\u010deras odr\u017ean sve\u010dani prijem povodom 12. listopada - Nacionalnog dana Kraljevine \u0160panjolske. [&hellip;]<\/p>\n","protected":false},"author":1,"featured_media":2985,"comment_status":"open","ping_status":"open","sticky":false,"template":"","format":"standard","meta":{"inline_featured_image":false,"footnotes":""},"categories":[3,4,7],"tags":[],"class_list":["post-2984","post","type-post","status-publish","format-standard","has-post-thumbnail","hentry","category-novosti","category-objave","category-priopcenja"],"acf":[],"_links":{"self":[{"href":"https:\/\/www.predsjednikfbih.gov.ba\/index.php\/wp-json\/wp\/v2\/posts\/2984","targetHints":{"allow":["GET"]}}],"collection":[{"href":"https:\/\/www.predsjednikfbih.gov.ba\/index.php\/wp-json\/wp\/v2\/posts"}],"about":[{"href":"https:\/\/www.predsjednikfbih.gov.ba\/index.php\/wp-json\/wp\/v2\/types\/post"}],"author":[{"embeddable":true,"href":"https:\/\/www.predsjednikfbih.gov.ba\/index.php\/wp-json\/wp\/v2\/users\/1"}],"replies":[{"embeddable":true,"href":"https:\/\/www.predsjednikfbih.gov.ba\/index.php\/wp-json\/wp\/v2\/comments?post=2984"}],"version-history":[{"count":1,"href":"https:\/\/www.predsjednikfbih.gov.ba\/index.php\/wp-json\/wp\/v2\/posts\/2984\/revisions"}],"predecessor-version":[{"id":2989,"href":"https:\/\/www.predsjednikfbih.gov.ba\/index.php\/wp-json\/wp\/v2\/posts\/2984\/revisions\/2989"}],"wp:featuredmedia":[{"embeddable":true,"href":"https:\/\/www.predsjednikfbih.gov.ba\/index.php\/wp-json\/wp\/v2\/media\/2985"}],"wp:attachment":[{"href":"https:\/\/www.predsjednikfbih.gov.ba\/index.php\/wp-json\/wp\/v2\/media?parent=2984"}],"wp:term":[{"taxonomy":"category","embeddable":true,"href":"https:\/\/www.predsjednikfbih.gov.ba\/index.php\/wp-json\/wp\/v2\/categories?post=2984"},{"taxonomy":"post_tag","embeddable":true,"href":"https:\/\/www.predsjednikfbih.gov.ba\/index.php\/wp-json\/wp\/v2\/tags?post=2984"}],"curies":[{"name":"wp","href":"https:\/\/api.w.org\/{rel}","templated":true}]}}