{"id":2972,"date":"2025-10-06T08:54:44","date_gmt":"2025-10-06T08:54:44","guid":{"rendered":"https:\/\/www.predsjednikfbih.gov.ba\/?p=2972"},"modified":"2025-10-06T08:54:44","modified_gmt":"2025-10-06T08:54:44","slug":"predsjednica-bradara-na-blidinju-otvorila-utrku-solarnih-automobila-na-snagu-sunca","status":"publish","type":"post","link":"https:\/\/www.predsjednikfbih.gov.ba\/index.php\/2025\/10\/06\/predsjednica-bradara-na-blidinju-otvorila-utrku-solarnih-automobila-na-snagu-sunca\/","title":{"rendered":"Predsjednica Bradara na Blidinju otvorila utrku solarnih automobila \"Na snagu sunca\""},"content":{"rendered":"<h4>Park prirode Blidinje proteklog je vikenda postao sredi\u0161te inovacija, kreativnosti i znanja, doma\u0107in jedinstvenog doga\u0111aja -utrke solarnih automobila \u201eNa snagu sunca\u201c u organizaciji Srednje strukovne \u0161kole Posu\u0161je. Manifestacija je okupila deset \u0161kola iz Republike Hrvatske i doma\u0107ina iz Bosne i Hercegovine, \u010diji su u\u010denici sami konstruirali i predstavili vozila pokretana isklju\u010divo energijom sunca.<\/h4>\n<p>Predsjednica Federacije BiH Lidija Bradara, koja je slu\u017ebeno otvorila utrku i u prigodnom obra\u0107anju istaknula je va\u017enost obrazovanja, mladih talenata i inovacija u procesu modernizacije dru\u0161tva. Posebno je naglasila kako ovakvi projekti najbolje pokazuju koliko se teorijsko znanje mo\u017ee pretvoriti u prakti\u010dne i konkretne rezultate.<\/p>\n<p>Predsjednica je u svom govoru podcrtala i ulogu mladih kao pokreta\u010dke snage Bosne i Hercegovine, istaknuv\u0161i da njihova energija i kreativnost dokazuju koliko zemlja ima neiskori\u0161tenog potencijala. Ulaganje u obrazovanje, znanost i obnovljive izvore energije, poru\u010dila je, predstavlja ulaganje u budu\u0107nost i temelj razvoja cijelog dru\u0161tva.<\/p>\n<p>Otvaranju utrke nazo\u010dili su brojni du\u017enosnici, me\u0111u njima predsjednik Vlade \u017dupanije Zapadnohercegova\u010dke Predrag \u010covi\u0107, na\u010delnik Op\u0107ine Posu\u0161je Ante Begi\u0107, kao i predstavnici obrazovnih i drugih institucija iz BiH i Hrvatske.<\/p>\n<p>Tijekom manifestacije odr\u017eana su stru\u010dna predavanja o obnovljivim izvorima energije, digitalnim tehnologijama i mogu\u0107nostima financiranja projekata kroz EU fondove. Posebno zanimanje izazvala su predavanja o primjeni bespilotnih letjelica u obrazovanju te o razvoju elektri\u010dnih i hibridnih vozila.<\/p>\n<p>Blidinje je tako, barem na jedan dan, postalo simbol susreta znanja, prakse i zajedni\u0161tva. Sudjelovanje \u0161kola iz Hrvatske i Bosne i Hercegovine utrci je dalo prekograni\u010dnu dimenziju, a poruka koja se mogla \u010duti sa svih strana bila je jasna - mladi i inovacije klju\u010d su razvoja i napretka dru\u0161tva.<\/p>\n<p><img decoding=\"async\" class=\"alignnone size-large wp-image-2978\" src=\"https:\/\/www.predsjednikfbih.gov.ba\/wp-content\/uploads\/2025\/10\/afd0b851-d8fd-4676-baee-2656d553425d-1024x771.jpeg\" alt=\"\" width=\"1024\" height=\"771\" srcset=\"https:\/\/www.predsjednikfbih.gov.ba\/wp-content\/uploads\/2025\/10\/afd0b851-d8fd-4676-baee-2656d553425d-1024x771.jpeg 1024w, https:\/\/www.predsjednikfbih.gov.ba\/wp-content\/uploads\/2025\/10\/afd0b851-d8fd-4676-baee-2656d553425d-300x226.jpeg 300w, https:\/\/www.predsjednikfbih.gov.ba\/wp-content\/uploads\/2025\/10\/afd0b851-d8fd-4676-baee-2656d553425d-768x578.jpeg 768w, https:\/\/www.predsjednikfbih.gov.ba\/wp-content\/uploads\/2025\/10\/afd0b851-d8fd-4676-baee-2656d553425d-1536x1157.jpeg 1536w, https:\/\/www.predsjednikfbih.gov.ba\/wp-content\/uploads\/2025\/10\/afd0b851-d8fd-4676-baee-2656d553425d.jpeg 1920w\" sizes=\"(max-width: 1024px) 100vw, 1024px\" \/> <img decoding=\"async\" class=\"alignnone size-large wp-image-2979\" src=\"https:\/\/www.predsjednikfbih.gov.ba\/wp-content\/uploads\/2025\/10\/da9fb080-220a-45c9-8e9c-e5ce8bfc1a5b-1024x771.jpeg\" alt=\"\" width=\"1024\" height=\"771\" srcset=\"https:\/\/www.predsjednikfbih.gov.ba\/wp-content\/uploads\/2025\/10\/da9fb080-220a-45c9-8e9c-e5ce8bfc1a5b-1024x771.jpeg 1024w, https:\/\/www.predsjednikfbih.gov.ba\/wp-content\/uploads\/2025\/10\/da9fb080-220a-45c9-8e9c-e5ce8bfc1a5b-300x226.jpeg 300w, https:\/\/www.predsjednikfbih.gov.ba\/wp-content\/uploads\/2025\/10\/da9fb080-220a-45c9-8e9c-e5ce8bfc1a5b-768x578.jpeg 768w, https:\/\/www.predsjednikfbih.gov.ba\/wp-content\/uploads\/2025\/10\/da9fb080-220a-45c9-8e9c-e5ce8bfc1a5b-1536x1157.jpeg 1536w, https:\/\/www.predsjednikfbih.gov.ba\/wp-content\/uploads\/2025\/10\/da9fb080-220a-45c9-8e9c-e5ce8bfc1a5b.jpeg 1920w\" sizes=\"(max-width: 1024px) 100vw, 1024px\" \/> <img decoding=\"async\" class=\"alignnone size-large wp-image-2974\" src=\"https:\/\/www.predsjednikfbih.gov.ba\/wp-content\/uploads\/2025\/10\/ae6cb452-5f11-43a5-b635-f0cce8ca16ed-1024x771.jpeg\" alt=\"\" width=\"1024\" height=\"771\" srcset=\"https:\/\/www.predsjednikfbih.gov.ba\/wp-content\/uploads\/2025\/10\/ae6cb452-5f11-43a5-b635-f0cce8ca16ed-1024x771.jpeg 1024w, https:\/\/www.predsjednikfbih.gov.ba\/wp-content\/uploads\/2025\/10\/ae6cb452-5f11-43a5-b635-f0cce8ca16ed-300x226.jpeg 300w, https:\/\/www.predsjednikfbih.gov.ba\/wp-content\/uploads\/2025\/10\/ae6cb452-5f11-43a5-b635-f0cce8ca16ed-768x578.jpeg 768w, https:\/\/www.predsjednikfbih.gov.ba\/wp-content\/uploads\/2025\/10\/ae6cb452-5f11-43a5-b635-f0cce8ca16ed-1536x1157.jpeg 1536w, https:\/\/www.predsjednikfbih.gov.ba\/wp-content\/uploads\/2025\/10\/ae6cb452-5f11-43a5-b635-f0cce8ca16ed.jpeg 1920w\" sizes=\"(max-width: 1024px) 100vw, 1024px\" \/> <img decoding=\"async\" class=\"alignnone size-large wp-image-2975\" src=\"https:\/\/www.predsjednikfbih.gov.ba\/wp-content\/uploads\/2025\/10\/b0a0ebb0-b18e-4e33-915d-43f06afcf576-771x1024.jpeg\" alt=\"\" width=\"771\" height=\"1024\" srcset=\"https:\/\/www.predsjednikfbih.gov.ba\/wp-content\/uploads\/2025\/10\/b0a0ebb0-b18e-4e33-915d-43f06afcf576-771x1024.jpeg 771w, https:\/\/www.predsjednikfbih.gov.ba\/wp-content\/uploads\/2025\/10\/b0a0ebb0-b18e-4e33-915d-43f06afcf576-226x300.jpeg 226w, https:\/\/www.predsjednikfbih.gov.ba\/wp-content\/uploads\/2025\/10\/b0a0ebb0-b18e-4e33-915d-43f06afcf576-768x1020.jpeg 768w, https:\/\/www.predsjednikfbih.gov.ba\/wp-content\/uploads\/2025\/10\/b0a0ebb0-b18e-4e33-915d-43f06afcf576-1157x1536.jpeg 1157w, https:\/\/www.predsjednikfbih.gov.ba\/wp-content\/uploads\/2025\/10\/b0a0ebb0-b18e-4e33-915d-43f06afcf576.jpeg 1446w\" sizes=\"(max-width: 771px) 100vw, 771px\" \/> <img decoding=\"async\" class=\"alignnone size-large wp-image-2980\" src=\"https:\/\/www.predsjednikfbih.gov.ba\/wp-content\/uploads\/2025\/10\/410b72ff-8f2b-4d6d-9fa8-4a94849bbd5a-1024x771.jpeg\" alt=\"\" width=\"1024\" height=\"771\" srcset=\"https:\/\/www.predsjednikfbih.gov.ba\/wp-content\/uploads\/2025\/10\/410b72ff-8f2b-4d6d-9fa8-4a94849bbd5a-1024x771.jpeg 1024w, https:\/\/www.predsjednikfbih.gov.ba\/wp-content\/uploads\/2025\/10\/410b72ff-8f2b-4d6d-9fa8-4a94849bbd5a-300x226.jpeg 300w, https:\/\/www.predsjednikfbih.gov.ba\/wp-content\/uploads\/2025\/10\/410b72ff-8f2b-4d6d-9fa8-4a94849bbd5a-768x578.jpeg 768w, https:\/\/www.predsjednikfbih.gov.ba\/wp-content\/uploads\/2025\/10\/410b72ff-8f2b-4d6d-9fa8-4a94849bbd5a-1536x1156.jpeg 1536w, https:\/\/www.predsjednikfbih.gov.ba\/wp-content\/uploads\/2025\/10\/410b72ff-8f2b-4d6d-9fa8-4a94849bbd5a.jpeg 1600w\" sizes=\"(max-width: 1024px) 100vw, 1024px\" \/> <img decoding=\"async\" class=\"alignnone size-large wp-image-2976\" src=\"https:\/\/www.predsjednikfbih.gov.ba\/wp-content\/uploads\/2025\/10\/fe20ae31-277c-4f2e-94c0-833c5090ea0d-1024x771.jpeg\" alt=\"\" width=\"1024\" height=\"771\" srcset=\"https:\/\/www.predsjednikfbih.gov.ba\/wp-content\/uploads\/2025\/10\/fe20ae31-277c-4f2e-94c0-833c5090ea0d-1024x771.jpeg 1024w, https:\/\/www.predsjednikfbih.gov.ba\/wp-content\/uploads\/2025\/10\/fe20ae31-277c-4f2e-94c0-833c5090ea0d-300x226.jpeg 300w, https:\/\/www.predsjednikfbih.gov.ba\/wp-content\/uploads\/2025\/10\/fe20ae31-277c-4f2e-94c0-833c5090ea0d-768x578.jpeg 768w, https:\/\/www.predsjednikfbih.gov.ba\/wp-content\/uploads\/2025\/10\/fe20ae31-277c-4f2e-94c0-833c5090ea0d-1536x1157.jpeg 1536w, https:\/\/www.predsjednikfbih.gov.ba\/wp-content\/uploads\/2025\/10\/fe20ae31-277c-4f2e-94c0-833c5090ea0d.jpeg 1920w\" sizes=\"(max-width: 1024px) 100vw, 1024px\" \/> <img decoding=\"async\" class=\"alignnone size-large wp-image-2977\" src=\"https:\/\/www.predsjednikfbih.gov.ba\/wp-content\/uploads\/2025\/10\/9a901267-4c77-4f2f-9e25-ddd680a8748b-1024x771.jpeg\" alt=\"\" width=\"1024\" height=\"771\" srcset=\"https:\/\/www.predsjednikfbih.gov.ba\/wp-content\/uploads\/2025\/10\/9a901267-4c77-4f2f-9e25-ddd680a8748b-1024x771.jpeg 1024w, https:\/\/www.predsjednikfbih.gov.ba\/wp-content\/uploads\/2025\/10\/9a901267-4c77-4f2f-9e25-ddd680a8748b-300x226.jpeg 300w, https:\/\/www.predsjednikfbih.gov.ba\/wp-content\/uploads\/2025\/10\/9a901267-4c77-4f2f-9e25-ddd680a8748b-768x578.jpeg 768w, https:\/\/www.predsjednikfbih.gov.ba\/wp-content\/uploads\/2025\/10\/9a901267-4c77-4f2f-9e25-ddd680a8748b-1536x1157.jpeg 1536w, https:\/\/www.predsjednikfbih.gov.ba\/wp-content\/uploads\/2025\/10\/9a901267-4c77-4f2f-9e25-ddd680a8748b.jpeg 1920w\" sizes=\"(max-width: 1024px) 100vw, 1024px\" \/> <img decoding=\"async\" class=\"alignnone size-large wp-image-2973\" src=\"https:\/\/www.predsjednikfbih.gov.ba\/wp-content\/uploads\/2025\/10\/IMG_0478-1024x682.jpeg\" alt=\"\" width=\"1024\" height=\"682\" srcset=\"https:\/\/www.predsjednikfbih.gov.ba\/wp-content\/uploads\/2025\/10\/IMG_0478-1024x682.jpeg 1024w, https:\/\/www.predsjednikfbih.gov.ba\/wp-content\/uploads\/2025\/10\/IMG_0478-300x200.jpeg 300w, https:\/\/www.predsjednikfbih.gov.ba\/wp-content\/uploads\/2025\/10\/IMG_0478-768x512.jpeg 768w, https:\/\/www.predsjednikfbih.gov.ba\/wp-content\/uploads\/2025\/10\/IMG_0478.jpeg 1280w\" sizes=\"(max-width: 1024px) 100vw, 1024px\" \/><\/p>\n","protected":false},"excerpt":{"rendered":"<p>Park prirode Blidinje proteklog je vikenda postao sredi\u0161te inovacija, kreativnosti i znanja, doma\u0107in jedinstvenog doga\u0111aja [&hellip;]<\/p>\n","protected":false},"author":1,"featured_media":2977,"comment_status":"open","ping_status":"open","sticky":false,"template":"","format":"standard","meta":{"inline_featured_image":false,"footnotes":""},"categories":[3,4,7],"tags":[],"class_list":["post-2972","post","type-post","status-publish","format-standard","has-post-thumbnail","hentry","category-novosti","category-objave","category-priopcenja"],"acf":[],"_links":{"self":[{"href":"https:\/\/www.predsjednikfbih.gov.ba\/index.php\/wp-json\/wp\/v2\/posts\/2972","targetHints":{"allow":["GET"]}}],"collection":[{"href":"https:\/\/www.predsjednikfbih.gov.ba\/index.php\/wp-json\/wp\/v2\/posts"}],"about":[{"href":"https:\/\/www.predsjednikfbih.gov.ba\/index.php\/wp-json\/wp\/v2\/types\/post"}],"author":[{"embeddable":true,"href":"https:\/\/www.predsjednikfbih.gov.ba\/index.php\/wp-json\/wp\/v2\/users\/1"}],"replies":[{"embeddable":true,"href":"https:\/\/www.predsjednikfbih.gov.ba\/index.php\/wp-json\/wp\/v2\/comments?post=2972"}],"version-history":[{"count":1,"href":"https:\/\/www.predsjednikfbih.gov.ba\/index.php\/wp-json\/wp\/v2\/posts\/2972\/revisions"}],"predecessor-version":[{"id":2981,"href":"https:\/\/www.predsjednikfbih.gov.ba\/index.php\/wp-json\/wp\/v2\/posts\/2972\/revisions\/2981"}],"wp:featuredmedia":[{"embeddable":true,"href":"https:\/\/www.predsjednikfbih.gov.ba\/index.php\/wp-json\/wp\/v2\/media\/2977"}],"wp:attachment":[{"href":"https:\/\/www.predsjednikfbih.gov.ba\/index.php\/wp-json\/wp\/v2\/media?parent=2972"}],"wp:term":[{"taxonomy":"category","embeddable":true,"href":"https:\/\/www.predsjednikfbih.gov.ba\/index.php\/wp-json\/wp\/v2\/categories?post=2972"},{"taxonomy":"post_tag","embeddable":true,"href":"https:\/\/www.predsjednikfbih.gov.ba\/index.php\/wp-json\/wp\/v2\/tags?post=2972"}],"curies":[{"name":"wp","href":"https:\/\/api.w.org\/{rel}","templated":true}]}}