{"id":2965,"date":"2025-10-02T08:04:15","date_gmt":"2025-10-02T08:04:15","guid":{"rendered":"https:\/\/www.predsjednikfbih.gov.ba\/?p=2965"},"modified":"2025-10-02T08:04:15","modified_gmt":"2025-10-02T08:04:15","slug":"bradara-i-vlaisavljevic-svecano-docekale-bh-reprezentativce-barlova-i-zulfica","status":"publish","type":"post","link":"https:\/\/www.predsjednikfbih.gov.ba\/index.php\/2025\/10\/02\/bradara-i-vlaisavljevic-svecano-docekale-bh-reprezentativce-barlova-i-zulfica\/","title":{"rendered":"Bradara i Vlaisavljevi\u0107 sve\u010dano do\u010dekale bh. reprezentativce Barlova i Zulfi\u0107a"},"content":{"rendered":"<h4><span style=\"-webkit-text-size-adjust: 100%;\">Predsjednica Federacije BiH Lidija Bradara i federalna ministrica kulture i sporta Sanja Vlaisavljevi\u0107 sve\u010dano su do\u010dekale bh. reprezentativce, parapliva\u010de Ismaila Barlova, viceprvaka svijeta i osmoplasiranog Ismaila Zulfi\u0107a, nakon ostvarenog povijesnog uspjeha na Svjetskom prvenstvu u paraplivanju.<\/span><\/h4>\n<div>\n<p data-originalfontsize=\"15px\" data-originalcomputedfontsize=\"15\">Bradara i Vlaisavljevi\u0107 su, uz iskrene \u010destitke, Barlovu i Zulfi\u0107u uru\u010dile plaketu, a njihovom treneru Amelu Kapi odale priznanje za ostvareni dosada\u0161nji uspjeh.<\/p>\n<p data-originalfontsize=\"15px\" data-originalcomputedfontsize=\"15\">Barlov i Zulfi\u0107 su dokaz da rad i upornost pomjeraju granice mogu\u0107eg.<\/p>\n<p data-originalfontsize=\"15px\" data-originalcomputedfontsize=\"15\">Barlov je osvojio srebrnu medalju u disciplini 50 metara prsno. U disciplini 150 metara mje\u0161ovito je zauzeo osmo mjesto na svijetu.<\/p>\n<p data-originalfontsize=\"15px\" data-originalcomputedfontsize=\"15\">Zulfi\u0107 je nastupio u tri discipline - u utrci na 50 metara le\u0111no zauzeo je osmo mjesto, na 200 metara mje\u0161ovito bio deveti, dok je na 50 metara delfin bio dvanaesti.<\/p>\n<p data-originalfontsize=\"15px\" data-originalcomputedfontsize=\"15\">Sa\u00a0 sve\u010danog prijema bh. reprezentativcima poru\u010deno je da uspjesi na\u0161ih parapliva\u010da nisu samo sportske medalje - to su poruke nade, snage i inspiracije.<\/p>\n<p data-originalfontsize=\"15px\" data-originalcomputedfontsize=\"15\">Njihove pobjede su vi\u0161e od rezultata - to su pobjede duha, srca i odlu\u010dnosti.<\/p>\n<p data-originalfontsize=\"15px\" data-originalcomputedfontsize=\"15\"><img decoding=\"async\" class=\"alignnone size-large wp-image-2967\" src=\"https:\/\/www.predsjednikfbih.gov.ba\/wp-content\/uploads\/2025\/10\/6d2f15b7-1989-4352-af40-bf4c2176884b-1024x682.jpeg\" alt=\"\" width=\"1024\" height=\"682\" srcset=\"https:\/\/www.predsjednikfbih.gov.ba\/wp-content\/uploads\/2025\/10\/6d2f15b7-1989-4352-af40-bf4c2176884b-1024x682.jpeg 1024w, https:\/\/www.predsjednikfbih.gov.ba\/wp-content\/uploads\/2025\/10\/6d2f15b7-1989-4352-af40-bf4c2176884b-300x200.jpeg 300w, https:\/\/www.predsjednikfbih.gov.ba\/wp-content\/uploads\/2025\/10\/6d2f15b7-1989-4352-af40-bf4c2176884b-768x512.jpeg 768w, https:\/\/www.predsjednikfbih.gov.ba\/wp-content\/uploads\/2025\/10\/6d2f15b7-1989-4352-af40-bf4c2176884b-1536x1023.jpeg 1536w, https:\/\/www.predsjednikfbih.gov.ba\/wp-content\/uploads\/2025\/10\/6d2f15b7-1989-4352-af40-bf4c2176884b.jpeg 1600w\" sizes=\"(max-width: 1024px) 100vw, 1024px\" \/> <img decoding=\"async\" class=\"alignnone size-large wp-image-2968\" src=\"https:\/\/www.predsjednikfbih.gov.ba\/wp-content\/uploads\/2025\/10\/313cd711-d632-4f6c-8a24-1e2f612148bc-1024x682.jpeg\" alt=\"\" width=\"1024\" height=\"682\" srcset=\"https:\/\/www.predsjednikfbih.gov.ba\/wp-content\/uploads\/2025\/10\/313cd711-d632-4f6c-8a24-1e2f612148bc-1024x682.jpeg 1024w, https:\/\/www.predsjednikfbih.gov.ba\/wp-content\/uploads\/2025\/10\/313cd711-d632-4f6c-8a24-1e2f612148bc-300x200.jpeg 300w, https:\/\/www.predsjednikfbih.gov.ba\/wp-content\/uploads\/2025\/10\/313cd711-d632-4f6c-8a24-1e2f612148bc-768x512.jpeg 768w, https:\/\/www.predsjednikfbih.gov.ba\/wp-content\/uploads\/2025\/10\/313cd711-d632-4f6c-8a24-1e2f612148bc-1536x1023.jpeg 1536w, https:\/\/www.predsjednikfbih.gov.ba\/wp-content\/uploads\/2025\/10\/313cd711-d632-4f6c-8a24-1e2f612148bc.jpeg 1600w\" sizes=\"(max-width: 1024px) 100vw, 1024px\" \/> <img decoding=\"async\" class=\"alignnone size-large wp-image-2969\" src=\"https:\/\/www.predsjednikfbih.gov.ba\/wp-content\/uploads\/2025\/10\/0c4ad1c8-4305-4a21-bd9b-19845b521704-1024x682.jpeg\" alt=\"\" width=\"1024\" height=\"682\" srcset=\"https:\/\/www.predsjednikfbih.gov.ba\/wp-content\/uploads\/2025\/10\/0c4ad1c8-4305-4a21-bd9b-19845b521704-1024x682.jpeg 1024w, https:\/\/www.predsjednikfbih.gov.ba\/wp-content\/uploads\/2025\/10\/0c4ad1c8-4305-4a21-bd9b-19845b521704-300x200.jpeg 300w, https:\/\/www.predsjednikfbih.gov.ba\/wp-content\/uploads\/2025\/10\/0c4ad1c8-4305-4a21-bd9b-19845b521704-768x512.jpeg 768w, https:\/\/www.predsjednikfbih.gov.ba\/wp-content\/uploads\/2025\/10\/0c4ad1c8-4305-4a21-bd9b-19845b521704-1536x1023.jpeg 1536w, https:\/\/www.predsjednikfbih.gov.ba\/wp-content\/uploads\/2025\/10\/0c4ad1c8-4305-4a21-bd9b-19845b521704.jpeg 1600w\" sizes=\"(max-width: 1024px) 100vw, 1024px\" \/> <img decoding=\"async\" class=\"alignnone size-large wp-image-2970\" src=\"https:\/\/www.predsjednikfbih.gov.ba\/wp-content\/uploads\/2025\/10\/04dba3ee-5f9f-451e-8bb4-88397dcd0296-1024x682.jpeg\" alt=\"\" width=\"1024\" height=\"682\" srcset=\"https:\/\/www.predsjednikfbih.gov.ba\/wp-content\/uploads\/2025\/10\/04dba3ee-5f9f-451e-8bb4-88397dcd0296-1024x682.jpeg 1024w, https:\/\/www.predsjednikfbih.gov.ba\/wp-content\/uploads\/2025\/10\/04dba3ee-5f9f-451e-8bb4-88397dcd0296-300x200.jpeg 300w, https:\/\/www.predsjednikfbih.gov.ba\/wp-content\/uploads\/2025\/10\/04dba3ee-5f9f-451e-8bb4-88397dcd0296-768x512.jpeg 768w, https:\/\/www.predsjednikfbih.gov.ba\/wp-content\/uploads\/2025\/10\/04dba3ee-5f9f-451e-8bb4-88397dcd0296-1536x1023.jpeg 1536w, https:\/\/www.predsjednikfbih.gov.ba\/wp-content\/uploads\/2025\/10\/04dba3ee-5f9f-451e-8bb4-88397dcd0296.jpeg 1600w\" sizes=\"(max-width: 1024px) 100vw, 1024px\" \/><\/p>\n<\/div>\n","protected":false},"excerpt":{"rendered":"<p>Predsjednica Federacije BiH Lidija Bradara i federalna ministrica kulture i sporta Sanja Vlaisavljevi\u0107 sve\u010dano su [&hellip;]<\/p>\n","protected":false},"author":1,"featured_media":2968,"comment_status":"open","ping_status":"open","sticky":false,"template":"","format":"standard","meta":{"inline_featured_image":false,"footnotes":""},"categories":[3,4,7,1],"tags":[],"class_list":["post-2965","post","type-post","status-publish","format-standard","has-post-thumbnail","hentry","category-novosti","category-objave","category-priopcenja","category-uncategorized"],"acf":[],"_links":{"self":[{"href":"https:\/\/www.predsjednikfbih.gov.ba\/index.php\/wp-json\/wp\/v2\/posts\/2965","targetHints":{"allow":["GET"]}}],"collection":[{"href":"https:\/\/www.predsjednikfbih.gov.ba\/index.php\/wp-json\/wp\/v2\/posts"}],"about":[{"href":"https:\/\/www.predsjednikfbih.gov.ba\/index.php\/wp-json\/wp\/v2\/types\/post"}],"author":[{"embeddable":true,"href":"https:\/\/www.predsjednikfbih.gov.ba\/index.php\/wp-json\/wp\/v2\/users\/1"}],"replies":[{"embeddable":true,"href":"https:\/\/www.predsjednikfbih.gov.ba\/index.php\/wp-json\/wp\/v2\/comments?post=2965"}],"version-history":[{"count":1,"href":"https:\/\/www.predsjednikfbih.gov.ba\/index.php\/wp-json\/wp\/v2\/posts\/2965\/revisions"}],"predecessor-version":[{"id":2971,"href":"https:\/\/www.predsjednikfbih.gov.ba\/index.php\/wp-json\/wp\/v2\/posts\/2965\/revisions\/2971"}],"wp:featuredmedia":[{"embeddable":true,"href":"https:\/\/www.predsjednikfbih.gov.ba\/index.php\/wp-json\/wp\/v2\/media\/2968"}],"wp:attachment":[{"href":"https:\/\/www.predsjednikfbih.gov.ba\/index.php\/wp-json\/wp\/v2\/media?parent=2965"}],"wp:term":[{"taxonomy":"category","embeddable":true,"href":"https:\/\/www.predsjednikfbih.gov.ba\/index.php\/wp-json\/wp\/v2\/categories?post=2965"},{"taxonomy":"post_tag","embeddable":true,"href":"https:\/\/www.predsjednikfbih.gov.ba\/index.php\/wp-json\/wp\/v2\/tags?post=2965"}],"curies":[{"name":"wp","href":"https:\/\/api.w.org\/{rel}","templated":true}]}}